{"id":37057,"date":"2022-02-07T12:51:35","date_gmt":"2022-02-07T11:51:35","guid":{"rendered":"http:\/\/www.invarena.cz\/?p=37057"},"modified":"2022-02-07T12:51:36","modified_gmt":"2022-02-07T11:51:36","slug":"na-pesi-zone-otevreli-nove-pekarstvi-zamestnava-lidi-s-hendikepem","status":"publish","type":"post","link":"https:\/\/www.invarena.cz\/?p=37057","title":{"rendered":"Na p\u011b\u0161\u00ed z\u00f3n\u011b otev\u0159eli nov\u00e9 peka\u0159stv\u00ed, zam\u011bstn\u00e1v\u00e1 lidi s hendikepem"},"content":{"rendered":"\n<p>Pomocnou ruku pod\u00e1vaj\u00ed lidem s hendikepem t\u00e9m\u011b\u0159 sedmn\u00e1ct\nlet. K zapojen\u00ed lid\u00ed s ment\u00e1ln\u00edm nebo jin\u00fdm zdravotn\u00edm posti\u017een\u00edm do\nspole\u010dnosti i prost\u0159ednictv\u00edm zam\u011bstn\u00e1n\u00ed p\u0159isp\u00edv\u00e1 s\u00ed\u0165 soci\u00e1ln\u00edch podnik\u016f\nEtincelle se s\u00eddlem v Kladn\u011b. S my\u0161lenkou p\u0159i\u0161el zakladatel a \u0159editel\nspole\u010dnosti Etincelle Jakub Kn\u011bz\u016f.<\/p>\n\n\n\n<p>V lednu se poda\u0159ilo otev\u0159\u00edt v nejv\u011bt\u0161\u00edm st\u0159edo\u010desk\u00e9m m\u011bst\u011b u\u017e \u010dtvrtou provozovnu, kde pracuj\u00ed lid\u00e9 se zdravotn\u00edm posti\u017een\u00edm spole\u010dn\u011b s ostatn\u00edmi zam\u011bstnanci: peka\u0159stv\u00ed U Dvou rohl\u00edk\u016f na kladensk\u00e9 p\u011b\u0161\u00ed z\u00f3n\u011b naproti sokolovn\u011b. Od pond\u011bl\u00ed do p\u00e1tku od 7 do 17 hodin tam dostanete nejen \u010derstv\u00e9 rohl\u00edky a chl\u00e9b, ale tak\u00e9 kol\u00e1\u010de, chleb\u00ed\u010dky, sva\u010diny, pol\u00e9vky nebo balen\u00e9 ob\u011bdy s sebou. To v\u0161e a mnoho dal\u0161\u00edho vznik\u00e1 denn\u011b pod rukama pracovn\u00edk\u016f v kro\u010dehlavsk\u00e9 \u0159emesln\u00e9 pek\u00e1rn\u011b a cukr\u00e1rn\u011b, kterou provozuje spole\u010dnost Etincelle.<\/p>\n\n\n\n<p>V nov\u011b otev\u0159en\u00e9m peka\u0159stv\u00ed na t\u0159\u00edd\u011b T.G.M. pracuj\u00ed na sm\u011bn\u011b\nst\u0159\u00eddav\u011b dv\u011b prodava\u010dky a jedna klientka s hendikepem, co\u017e napl\u0148uje podm\u00ednku,\naby m\u011bl hendikepovan\u00fd pracovn\u00edk k ruce zdrav\u00e9ho kolegu. \u201eV duchu t\u00e9to my\u0161lenky\nfunguj\u00ed na\u0161i lid\u00e9 nejen v prodejn\u00e1ch, ale ve v\u0161ech provozech. V\u0161ichni zdrav\u00ed\nzam\u011bstnanci se tak st\u00e1vaj\u00ed z\u00e1rove\u0148 osobn\u00edmi asistenty koleg\u016f s hendikepem. Jsou\njejich pomocnou rukou, aby nebyli p\u0159i pr\u00e1ci stresov\u00e1ni, pom\u00e1haj\u00ed jim a z\u00e1rove\u0148\njsou garanty pro vykon\u00e1vanou \u010dinnost. Na\u0161im c\u00edlem je postupn\u011b za\u0159adit lidi s\nhendikepem na otev\u0159en\u00fd trh pr\u00e1ce a za\u010dlenit je tak zcela do b\u011b\u017en\u00e9ho \u017eivota, aby\nbyli sob\u011bsta\u010dn\u00ed,&#8220; vysv\u011btlila Tereza Olivov\u00e1, marketingov\u00e1 specialistka z\nEtincelle.<\/p>\n\n\n\n<p>\u201eNa\u0161i klienti pracuj\u00ed nap\u0159\u00ed\u010d spole\u010dnost\u00ed t\u00e9m\u011b\u0159 v cel\u00e9 struktu\u0159e. V Kladn\u011b m\u00e1me vedle \u0159emesln\u00e9 pek\u00e1rny a s\u00edt\u011b peka\u0159stv\u00ed i Kav\u00e1rnu Bez konce, kter\u00e1 je sou\u010d\u00e1st\u00ed Divadla Lampion. D\u00e1le provozujeme n\u011bkolik let peka\u0159stv\u00ed v sousedn\u00edm Slan\u00e9m. Sou\u010d\u00e1st\u00ed skupiny jsou tak\u00e9 na\u0161e pra\u017esk\u00e1 bistra a kav\u00e1rny Mezi \u0159\u00e1dky, vlastn\u00ed catering, mal\u00e1 pra\u017e\u00edrna k\u00e1vy na \u0160umav\u011b, kter\u00e1 je sou\u010d\u00e1st\u00ed penzionu v Nov\u00fdch Hut\u00edch a z\u00e1sobuje na\u0161\u00ed v\u00fdb\u011brovou k\u00e1vou ve\u0161ker\u00e1 bistra a kav\u00e1rny v Praze a Kladn\u011b. Spravujeme rovn\u011b\u017e farmu v Ledc\u00edch u Slan\u00e9ho, vyr\u00e1b\u00edme vlastn\u00ed ps\u00ed such\u00e1rky, m\u00e1me \u00faklidov\u00e9 t\u00fdmy, pr\u00e1delnu. Je toho hodn\u011b,\u201c popsala \u010dinnosti sdru\u017een\u00ed Olivov\u00e1. Na farm\u011b v Ledc\u00edch se klienti staraj\u00ed o slepice, husy, kachny a nov\u011b tak\u00e9 o holuby, chovaj\u00ed tam kon\u00edky, ovce, kozy a p\u011bstuj\u00ed velk\u00e9 mno\u017estv\u00ed vlastn\u00edch bylinek a zeleniny. N\u011bkter\u00e9 z farm\u00e1\u0159sk\u00fdch produkt\u016f se pak d\u00e1le vyu\u017e\u00edvaj\u00ed ve v\u00fdrob\u011b, t\u0159eba vlastn\u00edch p\u0159\u00edrodn\u00edch sirup\u016f.<\/p>\n\n\n\n<p>\u201eSna\u017e\u00edme se, aby zaveden\u00fd kolob\u011bh byl co nejv\u00edce p\u0159\u00edrodn\u00ed. V\nsou\u010dasn\u00e9 dob\u011b cel\u00fd Etincelle zam\u011bstn\u00e1v\u00e1 160 lid\u00ed s hendikepem,&#8220; dodala\nTereza Olivov\u00e1. Sou\u010d\u00e1st\u00ed t\u00fdmu Etincelle je i Troublegang, kter\u00fd nav\u0161t\u011bvuje\nnap\u0159\u00edklad velk\u00e9 provozy v bank\u00e1ch a rad\u00ed jim, jak by mohli uzp\u016fsobit prostor\ntak, aby tam mohla pracovat osoba se zdravotn\u00edm hendikepem. \u201eN\u011bkdy skute\u010dn\u011b\nsta\u010d\u00ed zm\u011bnit jen p\u00e1r drobnost\u00ed, ale d\u00e1 se t\u00edm dos\u00e1hnout velk\u00e9ho v\u00fdsledku p\u0159i\nzam\u011bstn\u00e1v\u00e1n\u00ed pot\u0159ebn\u00fdch,&#8220; p\u0159ipomn\u011bla Olivov\u00e1.<\/p>\n\n\n\n<p>Kate\u0159ina Ni\u010d Hus\u00e1rov\u00e1 a Michal B\u00edlek<\/p>\n\n\n\n<p>Kladensk\u00fd den\u00edk<\/p>\n\n\n\n<p><a rel=\"noreferrer noopener\" aria-label=\" (otev\u0159e se na nov\u00e9 z\u00e1lo\u017ece)\" href=\"https:\/\/kladensky.denik.cz\/\" target=\"_blank\">https:\/\/kladensky.denik.cz\/<\/a><\/p>\n","protected":false},"excerpt":{"rendered":"<div class=\"mh-excerpt\"><p>Pomocnou ruku pod\u00e1vaj\u00ed lidem s hendikepem t\u00e9m\u011b\u0159 sedmn\u00e1ct let. K zapojen\u00ed lid\u00ed s ment\u00e1ln\u00edm nebo jin\u00fdm zdravotn\u00edm posti\u017een\u00edm do spole\u010dnosti i prost\u0159ednictv\u00edm zam\u011bstn\u00e1n\u00ed p\u0159isp\u00edv\u00e1 s\u00ed\u0165 <a class=\"mh-excerpt-more\" href=\"https:\/\/www.invarena.cz\/?p=37057\" title=\"Na p\u011b\u0161\u00ed z\u00f3n\u011b otev\u0159eli nov\u00e9 peka\u0159stv\u00ed, zam\u011bstn\u00e1v\u00e1 lidi s hendikepem\">[&#8230;]<\/a><\/p>\n<\/div>","protected":false},"author":1,"featured_media":4001,"comment_status":"open","ping_status":"closed","sticky":false,"template":"","format":"standard","meta":{"footnotes":""},"categories":[9],"tags":[],"class_list":["post-37057","post","type-post","status-publish","format-standard","has-post-thumbnail","hentry","category-zpravy"],"_links":{"self":[{"href":"https:\/\/www.invarena.cz\/index.php?rest_route=\/wp\/v2\/posts\/37057","targetHints":{"allow":["GET"]}}],"collection":[{"href":"https:\/\/www.invarena.cz\/index.php?rest_route=\/wp\/v2\/posts"}],"about":[{"href":"https:\/\/www.invarena.cz\/index.php?rest_route=\/wp\/v2\/types\/post"}],"author":[{"embeddable":true,"href":"https:\/\/www.invarena.cz\/index.php?rest_route=\/wp\/v2\/users\/1"}],"replies":[{"embeddable":true,"href":"https:\/\/www.invarena.cz\/index.php?rest_route=%2Fwp%2Fv2%2Fcomments&post=37057"}],"version-history":[{"count":0,"href":"https:\/\/www.invarena.cz\/index.php?rest_route=\/wp\/v2\/posts\/37057\/revisions"}],"wp:featuredmedia":[{"embeddable":true,"href":"https:\/\/www.invarena.cz\/index.php?rest_route=\/wp\/v2\/media\/4001"}],"wp:attachment":[{"href":"https:\/\/www.invarena.cz\/index.php?rest_route=%2Fwp%2Fv2%2Fmedia&parent=37057"}],"wp:term":[{"taxonomy":"category","embeddable":true,"href":"https:\/\/www.invarena.cz\/index.php?rest_route=%2Fwp%2Fv2%2Fcategories&post=37057"},{"taxonomy":"post_tag","embeddable":true,"href":"https:\/\/www.invarena.cz\/index.php?rest_route=%2Fwp%2Fv2%2Ftags&post=37057"}],"curies":[{"name":"wp","href":"https:\/\/api.w.org\/{rel}","templated":true}]}}