{"id":37060,"date":"2022-02-07T13:09:49","date_gmt":"2022-02-07T12:09:49","guid":{"rendered":"http:\/\/www.invarena.cz\/?p=37060"},"modified":"2022-02-07T13:09:50","modified_gmt":"2022-02-07T12:09:50","slug":"prezila-zazrakem-nyni-se-jana-uci-znovu-chodit-mluvit-a-potrebuje-pomoc","status":"publish","type":"post","link":"https:\/\/www.invarena.cz\/?p=37060","title":{"rendered":"P\u0159e\u017eila z\u00e1zrakem. Nyn\u00ed se Jana u\u010d\u00ed znovu chodit, mluvit a pot\u0159ebuje pomoc"},"content":{"rendered":"\n<p>Sta\u010dil jedin\u00fd okam\u017eik, kter\u00fd p\u0159ed dv\u011bma lety r\u00e1zem zm\u011bnil\n\u017eivot nejen Jan\u011b Slov\u00e1\u010dkov\u00e9, ale cel\u00e9 jej\u00ed rodin\u011b. Auto, kter\u00e9 ji srazilo, kdy\u017e\n\u0161la do pr\u00e1ce, j\u00ed zp\u016fsobilo v\u00e1\u017en\u00e9 poran\u011bn\u00ed mozku a k\u00f3ma. Boj o \u017eivot sice\nnakonec vyhr\u00e1la, ale z\u016fstala invalidn\u00ed, odk\u00e1zan\u00e1 na pomoc ostatn\u00edch. I kdy\u017e se\nzd\u00e1, \u017ee klasick\u00e1 medic\u00edna u\u017e vy\u010derpala sv\u00e9 mo\u017enosti, Jana se rozhodla bojovat s\nosudem.<\/p>\n\n\n\n<p>D\u00e1l poctiv\u011b rehabilituje, u\u010d\u00ed se postupn\u011b znovu mluvit i\nchodit a v\u011b\u0159\u00ed, \u017ee jednou zase bude moct d\u011blat to, co m\u00e1 r\u00e1da. Sb\u00edrka, kterou\npro ni zalo\u017eily jej\u00ed kamar\u00e1dky, j\u00ed v tom pom\u016f\u017ee.<\/p>\n\n\n\n<p>Dnes osmat\u0159icetilet\u00e1 Jana ze Zl\u00ednska po \u0161kole pracovala jako\ngrafi\u010dka. Do Skotska p\u016fvodn\u011b jela na dovolenou za kamar\u00e1dkou, kter\u00e1 tam\nstudovala.&nbsp; I kdy\u017e si \u0159\u00edkala, \u017ee v cizin\u011b\nby nikdy \u017e\u00edt nemohla, rozhodla se, \u017ee ve Skotsku rok z\u016fstane a nau\u010d\u00ed se po\u0159\u00e1dn\u011b\nanglicky. Z jednoho roku se jich do osudn\u00e9ho 14. z\u00e1\u0159\u00ed 2019, kdy ji ve Skotsku\nsrazilo auto, nakonec stalo 11 let.<\/p>\n\n\n\n<p>Jano ve Skotsku jste si p\u016fvodn\u011b cht\u011bla jen zdokonalit\nangli\u010dtinu? <\/p>\n\n\n\n<p>\u0158ekla bych, \u017ee sp\u00ed\u0161 nau\u010dit. U\u010ditelka ve \u0161kole mi doslova\n\u0159ekla, \u017ee jsem blb\u00e1, anglicky se nikdy nenau\u010d\u00edm a a\u0165 douf\u00e1m, \u017ee angli\u010dtinu\nnebudu v \u017eivot\u011b nikdy pot\u0159ebovat. A proto\u017ee jsem docela tvrdohlav\u00e1, sp\u00ed\u0161 m\u011b to\np\u0159im\u011blo dok\u00e1zat, \u017ee mi nikdo nebude tvrdit, co zvl\u00e1dnu a co ne.<\/p>\n\n\n\n<p>Co jste tedy ve Skotsku d\u011blala?<\/p>\n\n\n\n<p>Dva roky jsem studovala angli\u010dtinu na jazykovce pro cizince\nv Perthu a p\u0159itom d\u011blala nejr\u016fzn\u011bj\u0161\u00ed pr\u00e1ce. Proto\u017ee jsem neum\u011bla po\u0159\u00e1dn\u011b jazyk,\ntak to byly takov\u00e9 ty pr\u00e1ce pro cizince jako je myt\u00ed n\u00e1dob\u00ed v restauraci nebo\npokojsk\u00e1 v hotelu. Jsem vystudovan\u00e1 grafi\u010dka, tak\u017ee jsem cht\u011bla tu pr\u00e1ci zkusit\nd\u011blat i tam. Za\u010dala jsem proto studovat n\u011bco podobn\u00e9ho,&nbsp; visual communication na Perth College, co\u017e mi\nkrom\u011b mo\u017enosti zlep\u0161it se a z\u00edskat nov\u00e9 zku\u0161enosti p\u0159ineslo i super z\u00e1\u017eitky.<\/p>\n\n\n\n<p>\u010c\u00edm v\u00e1s ta zem\u011b tak okouzlila, \u017ee jste z\u016fstala a jak jste\ntam tr\u00e1vila voln\u00fd \u010das? <\/p>\n\n\n\n<p>P\u0159i \u0161kole a pr\u00e1ci jsem bohu\u017eel toho voln\u00e9ho \u010dasu moc nem\u011bla.\nAle pokud n\u011bjak\u00fd byl,&nbsp; tak jsem ho\ntr\u00e1vila na v\u00fdletech po \u010darokr\u00e1sn\u00e9 skotsk\u00e9 p\u0159\u00edrod\u011b. Moji spolu\u017e\u00e1ci ze Skotska si\nze m\u011b d\u011blali srandu, \u017ee za tu kr\u00e1tkou dobu, co tam jsem,&nbsp; jsem vid\u011bla ze Skotska v\u00edc ne\u017e oni.<\/p>\n\n\n\n<p>S t\u00edm, jak se zlep\u0161ovala va\u0161e angli\u010dtina, byla i mo\u017enost\nz\u00edskat lep\u0161\u00ed pr\u00e1ci? <\/p>\n\n\n\n<p>Ano, za\u010dala jsem pracovat jako serv\u00edrka v jedn\u00e9 francouzsk\u00e9\nrestauraci, d\u011blala jsem supervizorku. Posledn\u00ed pr\u00e1ce, kterou jsem ve Skotsku\nd\u011blala, byla grafik \u2013 tiska\u0159 ve spole\u010dnosti Dover v Dundee. Pr\u00e1v\u011b kdy\u017e jsem \u0161la\ndo pr\u00e1ce, se mi stala ta osudn\u00e1 nehoda.<\/p>\n\n\n\n<p>Jak do\u0161lo k tomu, \u017ee v\u00e1s srazilo auto? <\/p>\n\n\n\n<p>Stalo se to v m\u00edst\u011b, kde byla velmi \u0161patn\u00e1 dopravn\u00ed situace.\nNa tu hr\u016fzu to vlastn\u011b je\u0161t\u011b dopadlo dob\u0159e, proto\u017ee jsem to p\u0159e\u017eila. A\u017e d\u00edky\nt\u00e9hle m\u00e9 z\u00e1va\u017en\u00e9 nehod\u011b to tam za\u010dali \u0159e\u0161it, tak\u017ee mohu m\u00edt alespo\u0148 dobr\u00fd pocit,\n\u017ee jsem p\u0159isp\u011bla k tomu, \u017ee se tam dopravn\u00ed situace vy\u0159e\u0161ila a \u017ee u\u017e se tam\nnikomu nic hrozn\u00e9ho nestane.<\/p>\n\n\n\n<p>Kdy\u017e za v\u00e1mi do nemocnice p\u0159ilet\u011bla va\u0161e rodina, byla jste v\nk\u00f3matu, napojen\u00e1 na hadi\u010dky a od l\u00e9ka\u0159e se dozv\u011bd\u011bli, \u017ee operace nen\u00ed mo\u017en\u00e1,\nproto\u017ee nastalo druhotn\u00e9 vl\u00e1se\u010dnicov\u00e9 krv\u00e1cen\u00ed do cel\u00e9ho mozku. V\u0161echno je\u0161t\u011b\nzkomplikoval z\u00e1pal plic, museli v\u00e1m prov\u00e9st tracheostomii. Ty kritick\u00e9 dny, kdy\nnebylo jasn\u00e9, zda p\u0159e\u017eijete, pro n\u011b musely b\u00fdt stra\u0161n\u00e9. Jak dlouho jste v\nnemocnici ve Skotsku z\u016fstala? <\/p>\n\n\n\n<p>V nemocnici jsem byla od z\u00e1\u0159\u00ed 2019, odtud m\u011b pak p\u0159evezli do m\u00edstn\u00edho rehabilita\u010dn\u00edho centra pro lidi po zran\u011bn\u00ed mozku Victoria Royal hospital v Dundee, kde jsem byla a\u017e do dubna 2020. Ve sv\u00e9 p\u00e9\u010di m\u011b ale m\u011bli i potom, to u\u017e jsem byla doma, kam za mnou jezdili t\u0159ikr\u00e1t t\u00fddn\u011b rehabilitovat. Takhle to trvalo do z\u00e1\u0159\u00ed 2020, kdy jsem dostala povolen\u00ed j\u00edt sv\u00e9 star\u0161\u00ed sest\u0159e na svatbu s t\u00edm, \u017ee po n\u00e1vratu budu d\u00e1l pokra\u010dovat v l\u00e9\u010den\u00ed a rehabilitaci. Kv\u016fli situaci s covidem, kter\u00e1 byla, n\u00e1m ale st\u00e1le ru\u0161ili let. Skot\u0161t\u00ed zdravotn\u00edci, se kter\u00fdmi jsem byla st\u00e1le v kontaktu, volali mi a kontrolovali m\u011b, mi proto doporu\u010dili, abych v l\u00e9\u010den\u00ed a rehabilitaci pokra\u010dovala v \u010cech\u00e1ch. Proto\u017ee jsem necht\u011bla nic zanedbat a cht\u011bla pokra\u010dovat v rehabilitaci, za\u010dala jsem svoji l\u00e9\u010dbu a j\u00edzdu po nemocnic\u00edch tady.<\/p>\n\n\n\n<p>M\u00e1te te\u010f mo\u017enost srovn\u00e1vat, jak\u00e1 je zdravotn\u00ed p\u00e9\u010de ve\nSkotsku a u n\u00e1s? <\/p>\n\n\n\n<p>Mus\u00edm \u0159\u00edct, \u017ee jak tady tak i tam jsem m\u011bla velik\u00e9 \u0161t\u011bst\u00ed na\n\u00fa\u017easn\u00e9 lidi a zdravotn\u00edky, kte\u0159\u00ed se mi velmi poctiv\u011b a intenzivn\u011b v\u011bnovali.\nSt\u00e1le v\u011b\u0159\u00edm, \u017ee na\u0161i zdravotn\u00edci maj\u00ed v zahrani\u010d\u00ed velmi dobr\u00e9 jm\u00e9no a pat\u0159\u00ed\nmezi \u0161pi\u010dku. Ale m\u011bla jsem \u0161t\u011bst\u00ed na super p\u0159\u00edstup a p\u00e9\u010di i ve Skotsku, tak\u017ee\nv\u011b\u0159\u00edm, \u017ee l\u00e9ka\u0159i d\u011blali a d\u011blaj\u00ed maximum pro m\u00e9 zlep\u0161en\u00ed i pro posun v\nrehabilitaci.<\/p>\n\n\n\n<p>Poran\u011bn\u00ed mozku, ke kter\u00e9mu po n\u00e1razu auta do\u0161lo, ovliv\u0148uje\nva\u0161i mobilitu, orientaci a p\u016fsob\u00ed v\u00e1m \u0159adu dal\u0161\u00edch probl\u00e9m\u016f, tak\u017ee se bez permanentn\u00ed\np\u00e9\u010de neobejdete. Musela jste se od z\u00e1klad\u016f u\u010dit znovu chodit s chod\u00edtkem,&nbsp; mluvit. Co na tom bylo nejt\u011b\u017e\u0161\u00ed? <\/p>\n\n\n\n<p>Neust\u00e1le pokra\u010duji v rehabilitaci, tak\u017ee se st\u00e1le u\u010d\u00edm.\nKv\u016fli t\u0159esu na lev\u00e9 stran\u011b t\u011bla nemohu pou\u017e\u00edvat levou ruku k psan\u00ed ani k\nv\u011bt\u0161in\u011b b\u011b\u017en\u00fdch \u010dinnost\u00ed. Proto\u017ee jsem p\u016fvodn\u011b leva\u010dka, u\u010d\u00edm se te\u010f d\u011blat\nv\u0161echno pravou rukou, co\u017e je tak\u00e9 b\u011bh na dlouhou tra\u0165. Porucha vid\u011bn\u00ed, ke kter\u00e9\npo \u00faraze do\u0161lo nav\u00edc zp\u016fsobuje, \u017ee se mi st\u00e1le to\u010d\u00ed hlava.<\/p>\n\n\n\n<p>Kdo v\u00e1m nejv\u00edc pomohl?<\/p>\n\n\n\n<p>Mysl\u00edm, \u017ee nejde \u0159\u00edct kdo konkr\u00e9tn\u011b a pod\u011bkovat jednostrann\u011b. V\u0161ichni okolo jsou pro m\u011b velkou oporou v t\u00e9to t\u011b\u017ek\u00e9 chv\u00edli, rodina, partner, kamar\u00e1di i v\u0161ichni lid\u00e9 dobr\u00e9 v\u016fle. Neskute\u010dn\u011b vd\u011b\u010dn\u00e1 jsem m\u00fdm kamar\u00e1dk\u00e1m, kter\u00e9 na m\u011b za\u010daly d\u011blat sb\u00edrku a daly mi tak nad\u011bji na dal\u0161\u00ed posun v rehabilitaci a \u0161anci, \u017ee se zase budu moct vr\u00e1tit k tomu, co m\u00e1m r\u00e1da.\u00a0 Pod\u011bkovat mus\u00edm tak\u00e9 \u00fa\u017easn\u00e9mu a mil\u00e9mu teamu Nov\u00e9 nad\u011bje za jejich \u010das, podporu a zviditeln\u011bn\u00ed sb\u00edrky. D\u00e1vaj\u00ed opravdu nad\u011bji lidem, kte\u0159\u00ed se ocitli v t\u011b\u017ek\u00e9 \u017eivotn\u00ed situaci. V takov\u00e9 chv\u00edli je ur\u010dit\u011b pot\u0159eba m\u00edt kolem sebe lidi, kte\u0159\u00ed v\u00e1m pomohou fyzicky i psychicky. Podstatn\u00e9 je ale nezapom\u00ednat na to, \u017ee neskute\u010dn\u011b d\u016fle\u017eit\u00e1 je i vlastn\u00ed snaha a iniciativa. Tak\u017ee v\u011b\u0159\u00edm, \u017ee s intenzivn\u00edmi rehabilitacemi a dobrou v\u016fl\u00ed bude zase l\u00edp.<\/p>\n\n\n\n<p>Za dva roky od \u00farazu jste u\u017e u\u0161la dlouhou cestu, poctiv\u011b\nrehabilitujete, ud\u011blala jste jist\u011b v\u0161echno, co v\u00e1m l\u00e9ka\u0159i poradili. Existuje i\nn\u011bjak\u00e1 alternativn\u00ed l\u00e9\u010dba, kterou byste je\u0161t\u011b cht\u011bla a mohla zkusit? <\/p>\n\n\n\n<p>O mnoha alternativ\u00e1ch k l\u00e9\u010db\u011b m\u00e9ho zran\u011bn\u00ed nev\u00edm. Ale z toho\nco v\u00edm a poda\u0159ilo se mi zjistit,&nbsp; je\nklinika, kter\u00e1 by v m\u00e9 l\u00e9\u010db\u011b mohla pomoci. Nadchla m\u011b i m\u00e9 bl\u00edzk\u00e9. Bohu\u017eel je\nka\u017ed\u00e1 takov\u00e1 alternativn\u00ed l\u00e9\u010dba neskute\u010dn\u011b drah\u00e1 a pacient si ji mus\u00ed hradit\ns\u00e1m.&nbsp; Kdybych tomu ale nev\u011b\u0159ila a\nnemyslela si, \u017ee mi to pom\u016f\u017ee, nikdy bych nem\u011bla odvahu po\u017e\u00e1dat o pomoc.<\/p>\n\n\n\n<p>\u017deb\u0159\u00ed\u010dek hodnot se m\u011bn\u00ed v pr\u016fb\u011bhu \u017eivota ka\u017ed\u00e9mu z n\u00e1s. Jak\nnehoda zm\u011bnila ten v\u00e1\u0161 a co v\u00e1m te\u010f d\u011bl\u00e1 nejv\u011bt\u0161\u00ed radost? <\/p>\n\n\n\n<p>Hodnoty se ur\u010dit\u011b m\u011bn\u00ed. P\u0159estanete se zab\u00fdvat nesmysly,\nkter\u00e9 v\u00e1s d\u0159\u00edv \u0161tvaly a radujete se v\u00edc z ka\u017ed\u00e9ho nov\u00e9ho dne. M\u00e1te neskute\u010dnou\nradost, kdy\u017e zvl\u00e1dnete v\u011bci, kter\u00e9 d\u0159\u00edv byly norm\u00e1ln\u00ed a samoz\u0159ejm\u00e9, jako se s\u00e1m\nosprchovat nebo j\u00edt na WC. \u010clov\u011bk si to ani neuv\u011bdom\u00ed, ale kdy\u017e to najednou\nnedok\u00e1\u017eete, pak se radujete i z takov\u00fdch mali\u010dkost\u00ed. Od \u00farazu poctiv\u011b\nrehabilituji, d\u011bl\u00e1m v\u0161e, co mi l\u00e9ka\u0159i rad\u00ed a nep\u0159est\u00e1v\u00e1m v\u011b\u0159it v to, \u017ee bych se\njednou mohla vr\u00e1tit zp\u011bt do \u017eivota, k v\u011bcem, kter\u00e9 m\u011b bav\u00ed, ke grafice.&nbsp; Jsem optimistka, to mi moc pom\u00e1h\u00e1. Douf\u00e1m, \u017ee\nse zase projdu po kopc\u00edch a pod\u00edv\u00e1m se do m\u00edst, kter\u00e1 je\u0161t\u011b nem\u00e1m prochozen\u00e1.<\/p>\n\n\n\n<p>Projekt Nov\u00e1 nad\u011bje, kter\u00fd pom\u00e1h\u00e1 state\u010dn\u00fdm a odhodlan\u00fdm\nlidem, \u0159e\u0161\u00edc\u00edm t\u011b\u017ekou \u017eivotn\u00ed situaci, p\u0159edstavil i p\u0159\u00edb\u011bh Jany Slov\u00e1\u010dkov\u00e9.\nPomoci j\u00ed z\u00edskat pen\u00edze na l\u00e9\u010dbu, kter\u00e1 by vr\u00e1tila tuhle state\u010dnou mladou \u017eenu\ndo \u017eivota, m\u016f\u017eete prost\u0159ednictv\u00edm platformy Donio: Jana Slov\u00e1\u010dkov\u00e1. \u010c\u00edslo \u00fa\u010dtu:\n2801756480\/2010 (Fio banka). Variabiln\u00ed symbol: 116718. IBAN:\nCZ3520100000002801756480. Jana v\u00ed, \u017ee z jej\u00ed strany mus\u00ed b\u00fdt velk\u00e1 snaha a p\u00edle\na \u017ee to nikdy nesm\u00ed vzd\u00e1t. A vy j\u00ed m\u016f\u017eete sv\u00fdm dobrovoln\u00fdm p\u0159\u00edsp\u011bvkem pomoct\nsplnit jej\u00ed sny.<\/p>\n\n\n\n<p>Olga Tu\u0161icov\u00e1<\/p>\n\n\n\n<p>Den\u00edk<\/p>\n\n\n\n<p><a rel=\"noreferrer noopener\" aria-label=\" (otev\u0159e se na nov\u00e9 z\u00e1lo\u017ece)\" href=\"https:\/\/www.denik.cz\/\" target=\"_blank\">https:\/\/www.denik.cz\/<\/a><\/p>\n","protected":false},"excerpt":{"rendered":"<div class=\"mh-excerpt\"><p>Sta\u010dil jedin\u00fd okam\u017eik, kter\u00fd p\u0159ed dv\u011bma lety r\u00e1zem zm\u011bnil \u017eivot nejen Jan\u011b Slov\u00e1\u010dkov\u00e9, ale cel\u00e9 jej\u00ed rodin\u011b. Auto, kter\u00e9 ji srazilo, kdy\u017e \u0161la do pr\u00e1ce, <a class=\"mh-excerpt-more\" href=\"https:\/\/www.invarena.cz\/?p=37060\" title=\"P\u0159e\u017eila z\u00e1zrakem. Nyn\u00ed se Jana u\u010d\u00ed znovu chodit, mluvit a pot\u0159ebuje pomoc\">[&#8230;]<\/a><\/p>\n<\/div>","protected":false},"author":1,"featured_media":17351,"comment_status":"open","ping_status":"closed","sticky":false,"template":"","format":"standard","meta":{"footnotes":""},"categories":[9],"tags":[],"class_list":["post-37060","post","type-post","status-publish","format-standard","has-post-thumbnail","hentry","category-zpravy"],"_links":{"self":[{"href":"https:\/\/www.invarena.cz\/index.php?rest_route=\/wp\/v2\/posts\/37060","targetHints":{"allow":["GET"]}}],"collection":[{"href":"https:\/\/www.invarena.cz\/index.php?rest_route=\/wp\/v2\/posts"}],"about":[{"href":"https:\/\/www.invarena.cz\/index.php?rest_route=\/wp\/v2\/types\/post"}],"author":[{"embeddable":true,"href":"https:\/\/www.invarena.cz\/index.php?rest_route=\/wp\/v2\/users\/1"}],"replies":[{"embeddable":true,"href":"https:\/\/www.invarena.cz\/index.php?rest_route=%2Fwp%2Fv2%2Fcomments&post=37060"}],"version-history":[{"count":0,"href":"https:\/\/www.invarena.cz\/index.php?rest_route=\/wp\/v2\/posts\/37060\/revisions"}],"wp:featuredmedia":[{"embeddable":true,"href":"https:\/\/www.invarena.cz\/index.php?rest_route=\/wp\/v2\/media\/17351"}],"wp:attachment":[{"href":"https:\/\/www.invarena.cz\/index.php?rest_route=%2Fwp%2Fv2%2Fmedia&parent=37060"}],"wp:term":[{"taxonomy":"category","embeddable":true,"href":"https:\/\/www.invarena.cz\/index.php?rest_route=%2Fwp%2Fv2%2Fcategories&post=37060"},{"taxonomy":"post_tag","embeddable":true,"href":"https:\/\/www.invarena.cz\/index.php?rest_route=%2Fwp%2Fv2%2Ftags&post=37060"}],"curies":[{"name":"wp","href":"https:\/\/api.w.org\/{rel}","templated":true}]}}