{"id":37063,"date":"2022-02-07T13:27:18","date_gmt":"2022-02-07T12:27:18","guid":{"rendered":"http:\/\/www.invarena.cz\/?p=37063"},"modified":"2022-02-07T13:27:19","modified_gmt":"2022-02-07T12:27:19","slug":"klaster-ozije-uz-letos-novopacke-hradcany-se-stanou-centrem-zivota-bez-barier","status":"publish","type":"post","link":"https:\/\/www.invarena.cz\/?p=37063","title":{"rendered":"Kl\u00e1\u0161ter o\u017eije u\u017e letos. Novopack\u00e9 Hrad\u010dany se stanou centrem \u017divota bez bari\u00e9r"},"content":{"rendered":"\n<p>Jeden ne\u0161\u0165astn\u00fd skok zm\u011bnil \u017eivot rodiny Fu\u010d\u00edkov\u00fdch od\nz\u00e1klad\u016f. Kdy\u017e v roce 1998 v\u00e1\u017en\u00fd \u00faraz upoutal Josefa Fu\u010d\u00edka trvale na invalidn\u00ed\nvoz\u00edk, nejen \u017ee se nevzdal, ale spolu s man\u017eelkou Jitkou za\u010dali sp\u0159\u00e1dat pl\u00e1ny,\njak pomoci a zlep\u0161it situaci lid\u00ed s posti\u017een\u00edm a jin\u00fdmi znev\u00fdhodn\u011bn\u00edmi. V Nov\u00e9\nPace zalo\u017eili spole\u010dnost \u017divot bez bari\u00e9r a od roku 2004 pom\u00e1haj\u00ed ostatn\u00edm\np\u0159ek\u00e1\u017eky p\u0159ekon\u00e1vat. Je to ale velk\u00fd \u00fakol, kter\u00fd nejde plnit z ob\u00fdv\u00e1ku\nrodinn\u00e9ho domu. Proto si opravili kl\u00e1\u0161ter.<\/p>\n\n\n\n<p>Star\u00fd paul\u00e1nsk\u00fd kl\u00e1\u0161ter je jednou z nejv\u00fdrazn\u011bj\u0161\u00edch dominant\nNov\u00e9 Paky. Dlouh\u00e1 l\u00e9ta v\u0161ak ch\u00e1tral, k drah\u00fdm oprav\u00e1m se nikdo nem\u011bl. Fu\u010d\u00edkovce\nale mnohamilionov\u00fd projekt neodradil. V roce 2006 \u017divot bez bari\u00e9r koupil\nkl\u00e1\u0161ter od kraje za 10 milion\u016f, poda\u0159ilo se jim z\u00edskat podporu evropsk\u00fdch\ndotac\u00ed a dotac\u00ed p\u0159isp\u011bl i kraj a m\u011bsto Nov\u00e1 Paka.<\/p>\n\n\n\n<p>Dva ze t\u0159\u00ed objekt\u016f kl\u00e1\u0161tera se poda\u0159ilo opravit u\u017e d\u0159\u00edve.\nTe\u010f se \u0159\u00edt\u00ed do fin\u00e1le renovace t\u0159et\u00edho, nejv\u011bt\u0161\u00edho prostoru, kter\u00fd u\u017e v\nminulosti slou\u017eil jako nemocnice. V l\u00e9t\u011b 2022 se do n\u011bj p\u00e9\u010de o zdravotn\u011b\nznev\u00fdhodn\u011bn\u00e9 lidi vr\u00e1t\u00ed. &#8222;V opraven\u00fdch prostor\u00e1ch najdou d\u016fstojn\u00e9 z\u00e1zem\u00ed\nu\u017eivatele soci\u00e1ln\u00edch slu\u017eeb konkr\u00e9tn\u011b soci\u00e1ln\u00ed rehabilitace, soci\u00e1ln\u00ed\nporadenstv\u00ed a denn\u00ed stacion\u00e1\u0159 s roz\u0161\u00ed\u0159en\u00edm c\u00edlov\u00e9 skupiny o osoby s demenc\u00ed a\nAlzheimerovou chorobou. \u010c\u00e1st bude ur\u010dena pro provoz rozs\u00e1hl\u00e9 p\u016fj\u010dovny\nkompenza\u010dn\u00edch pom\u016fcek a nov\u011b zah\u00e1j\u00ed \u010dinnost komunitn\u00ed centrum,&#8220; \u0159\u00edk\u00e1 Jitka\nFu\u010d\u00edkov\u00e1.<\/p>\n\n\n\n<p>Sen za 100 milion\u016f<\/p>\n\n\n\n<p>Jitka Fu\u010d\u00edkov\u00e1 se k \u0159editelov\u00e1n\u00ed v \u017divot\u011b bez bari\u00e9r dostala\nv podstat\u011b n\u00e1hodou. Vyu\u010den\u00e1 cukr\u00e1\u0159ka pracovala cel\u00fd \u017eivot v kancel\u00e1\u0159i. D\u00edky\nl\u00e1sce k organizaci a \u010d\u00edsl\u016fm pom\u00e1hala man\u017eelovi p\u0159i rozjezdu podnik\u00e1n\u00ed jako\nsekret\u00e1\u0159ka. Neb\u00fdt jednoho ne\u0161\u0165astn\u00e9ho skoku do baz\u00e9nu, nejsp\u00ed\u0161 by podle sv\u00fdch\nslov skon\u010dila jako kancel\u00e1\u0159sk\u00e1 s\u00edla.<\/p>\n\n\n\n<p>\u00daraz v roce 1998 ale v\u0161echno zm\u011bnil. Starost o t\u011b\u017ece posti\u017een\u00e9ho man\u017eela ale vn\u00edm\u00e1 jako dal\u0161\u00ed \u017eivotn\u00ed etapu, kter\u00e1 je pos\u00edlila a poslala tam, kde maj\u00ed b\u00fdt. &#8222;Nejd\u016fle\u017eit\u011bj\u0161\u00ed je vydr\u017eet, nevzd\u00e1vat se a m\u00edt oporu. Kdybych nem\u011bla Pepu, tak bych to v\u0161echno nedok\u00e1zala. Co neum\u00edm j\u00e1, um\u00ed on. Pepa m\u00e1 velkou vizi, j\u00e1 jsem realista. N\u011bkdy ho mus\u00edm brzdit, ale jeden bez druh\u00e9ho nem\u016f\u017eeme b\u00fdt,&#8220; vysv\u011btluje.<\/p>\n\n\n\n<p>S dokon\u010den\u00edm oprav kl\u00e1\u0161tera se jednu takovou ob\u0159\u00ed vizi\npoda\u0159\u00ed naplnit. Cel\u00e1 rekonstrukce vy\u0161la \u017divot bez bari\u00e9r s podporou Evropsk\u00e9\nunie, kraje a m\u011bsta na v\u00edce ne\u017e 100 milion\u016f korun. Koncem roku uspo\u0159\u00e1dali ve\nspolupr\u00e1ci s bankou \u010cSOB tak\u00e9 sb\u00edrku na za\u0159\u00edzen\u00ed denn\u00edho stacion\u00e1\u0159e. Od lid\u00ed se\njim poda\u0159ilo z\u00edskat t\u00e9m\u011b\u0159 20 tis\u00edc korun, dal\u0161\u00edch 35 tis\u00edc darovala banka. Z\nvybran\u00fdch pen\u011bz se koup\u00ed n\u00e1bytek a dal\u0161\u00ed pot\u0159ebn\u00e9 vybaven\u00ed.<\/p>\n\n\n\n<p>Svatby, v\u00fdstavy, besedy<\/p>\n\n\n\n<p>Podle Jitky Fu\u010d\u00edkov\u00e9 se d\u00edky kreativit\u011b a odhodl\u00e1n\u00ed t\u00fdmu\npoda\u0159\u00ed vdechnout prostor\u00e1m zp\u011bt jejich unik\u00e1tn\u00ed historickou atmosf\u00e9ru. \u017divot\nbez bari\u00e9r nav\u00edc nab\u00eddne \u010d\u00e1st velk\u00e9 budovy pro kon\u00e1n\u00ed soukrom\u00fdch akc\u00ed.\n&#8222;Barokn\u00ed s\u00e1l, ambit kl\u00e1\u0161tera a rajsk\u00e1 zahrada se studnou p\u0159\u00edmo vyz\u00fdvaj\u00ed ke\nkon\u00e1n\u00ed presti\u017en\u00edch kulturn\u00edch nebo vzd\u011bl\u00e1vac\u00edch akc\u00ed. Prostory budou vhodn\u00e9 pro\nkon\u00e1n\u00ed svateb, v\u00fdstav, besed \u010di jin\u00fdch spole\u010densk\u00fdch akc\u00ed, workshop\u016f a\nz\u00e1\u017eitkov\u00fdch d\u00edlen,&#8220; dopl\u0148uje Fu\u010d\u00edkov\u00e1.<\/p>\n\n\n\n<p>Prvn\u00ed nakouknut\u00ed do opraven\u00e9ho kl\u00e1\u0161tera uspo\u0159\u00e1d\u00e1 \u017divot bez\nbari\u00e9r na konci b\u0159ezna. Sou\u010d\u00e1st\u00ed dne otev\u0159en\u00fdch dve\u0159\u00ed bude tak\u00e9 jarmark v\u00fdrobk\u016f\nklient\u016f z chr\u00e1n\u011bn\u00fdch d\u00edlen, diskuze o soci\u00e1ln\u00edch slu\u017eb\u00e1ch a bezplatn\u00e9\nporadenstv\u00ed. Soci\u00e1ln\u00ed slu\u017eby a komunitn\u00ed centrum by se do budov, kter\u00fdm se\np\u0159ezd\u00edv\u00e1 &#8222;novopack\u00e9 Hrad\u010dany&#8220; mohly nast\u011bhovat za\u010d\u00e1tkem leto\u0161n\u00edho\npodzimu.<\/p>\n\n\n\n<p>Kate\u0159ina Chl\u00e1dkov\u00e1<\/p>\n\n\n\n<p>Ji\u010d\u00ednsk\u00fd den\u00edk<\/p>\n\n\n\n<p><a rel=\"noreferrer noopener\" aria-label=\" (otev\u0159e se na nov\u00e9 z\u00e1lo\u017ece)\" href=\"https:\/\/jicinsky.denik.cz\/\" target=\"_blank\">https:\/\/jicinsky.denik.cz\/<\/a><\/p>\n","protected":false},"excerpt":{"rendered":"<div class=\"mh-excerpt\"><p>Jeden ne\u0161\u0165astn\u00fd skok zm\u011bnil \u017eivot rodiny Fu\u010d\u00edkov\u00fdch od z\u00e1klad\u016f. Kdy\u017e v roce 1998 v\u00e1\u017en\u00fd \u00faraz upoutal Josefa Fu\u010d\u00edka trvale na invalidn\u00ed voz\u00edk, nejen \u017ee se <a class=\"mh-excerpt-more\" href=\"https:\/\/www.invarena.cz\/?p=37063\" title=\"Kl\u00e1\u0161ter o\u017eije u\u017e letos. Novopack\u00e9 Hrad\u010dany se stanou centrem \u017divota bez bari\u00e9r\">[&#8230;]<\/a><\/p>\n<\/div>","protected":false},"author":1,"featured_media":14570,"comment_status":"open","ping_status":"closed","sticky":false,"template":"","format":"standard","meta":{"footnotes":""},"categories":[9],"tags":[],"class_list":["post-37063","post","type-post","status-publish","format-standard","has-post-thumbnail","hentry","category-zpravy"],"_links":{"self":[{"href":"https:\/\/www.invarena.cz\/index.php?rest_route=\/wp\/v2\/posts\/37063","targetHints":{"allow":["GET"]}}],"collection":[{"href":"https:\/\/www.invarena.cz\/index.php?rest_route=\/wp\/v2\/posts"}],"about":[{"href":"https:\/\/www.invarena.cz\/index.php?rest_route=\/wp\/v2\/types\/post"}],"author":[{"embeddable":true,"href":"https:\/\/www.invarena.cz\/index.php?rest_route=\/wp\/v2\/users\/1"}],"replies":[{"embeddable":true,"href":"https:\/\/www.invarena.cz\/index.php?rest_route=%2Fwp%2Fv2%2Fcomments&post=37063"}],"version-history":[{"count":0,"href":"https:\/\/www.invarena.cz\/index.php?rest_route=\/wp\/v2\/posts\/37063\/revisions"}],"wp:featuredmedia":[{"embeddable":true,"href":"https:\/\/www.invarena.cz\/index.php?rest_route=\/wp\/v2\/media\/14570"}],"wp:attachment":[{"href":"https:\/\/www.invarena.cz\/index.php?rest_route=%2Fwp%2Fv2%2Fmedia&parent=37063"}],"wp:term":[{"taxonomy":"category","embeddable":true,"href":"https:\/\/www.invarena.cz\/index.php?rest_route=%2Fwp%2Fv2%2Fcategories&post=37063"},{"taxonomy":"post_tag","embeddable":true,"href":"https:\/\/www.invarena.cz\/index.php?rest_route=%2Fwp%2Fv2%2Ftags&post=37063"}],"curies":[{"name":"wp","href":"https:\/\/api.w.org\/{rel}","templated":true}]}}