{"id":37066,"date":"2022-02-07T13:38:51","date_gmt":"2022-02-07T12:38:51","guid":{"rendered":"http:\/\/www.invarena.cz\/?p=37066"},"modified":"2022-02-07T13:38:52","modified_gmt":"2022-02-07T12:38:52","slug":"telo-s-pribehem-jsem-martina-a-mam-mentalni-anorexii-prisla-ke-mne-bez-pozvani","status":"publish","type":"post","link":"https:\/\/www.invarena.cz\/?p=37066","title":{"rendered":"T\u011blo s p\u0159\u00edb\u011bhem: Jsem Martina a m\u00e1m ment\u00e1ln\u00ed anorexii. P\u0159i\u0161la ke mn\u011b bez pozv\u00e1n\u00ed"},"content":{"rendered":"\n<p>Na\u0161e t\u011blo je schr\u00e1nkou ve\u0161ker\u00fdch radost\u00ed i bolest\u00ed. Jen\u017ee\nn\u011bkdy je t\u011bch bolest\u00ed znateln\u011b v\u00edce. Projekt T\u011blo s p\u0159\u00edb\u011bhem ukazuje \u017eensk\u00e1\nt\u011bla tak, jak je sv\u011bt stvo\u0159il a jak je \u017eivot postupn\u011b formoval. T\u0159et\u00ed p\u0159\u00edb\u011bh,\nkter\u00fd zde zve\u0159ej\u0148ujeme, se t\u00fdk\u00e1 Martiny, kter\u00e1 si pro\u0161la procesem ment\u00e1ln\u00ed\nanorexie i bulimie, co\u017e poznamenalo nejen jej\u00ed t\u011blo, ale p\u0159edev\u0161\u00edm i du\u0161i. Ta\nje v\u0161ak v\u017edy s cel\u00fdm t\u011blem spojen\u00e1 a jedno bez druh\u00e9ho nefunguje pln\u011b.<\/p>\n\n\n\n<p>Ment\u00e1ln\u00ed anorexie je u mlad\u00fdch d\u00edvek velmi \u010dast\u00fdm\npsychiatrick\u00fdm onemocn\u011bn\u00edm. D\u00edvky, kter\u00e9 j\u00ed trp\u00ed, si p\u0159ipadaj\u00ed iracion\u00e1ln\u011b p\u0159i\nt\u011ble \u010di vylo\u017een\u011b tlust\u00e9 a tento sv\u016fj podv\u011bdom\u00fd obraz se sna\u017e\u00ed zni\u010dit odm\u00edt\u00e1n\u00edm\npotravy, hladov\u011bn\u00edm, n\u011bkdy zvracen\u00edm. Ofici\u00e1ln\u011b ment\u00e1ln\u00ed anorexie spad\u00e1 pod\nporuchy p\u0159\u00edjmu potravy. Mnohem v\u00edce se o ment\u00e1ln\u00ed anorexii za\u010dalo diskutovat na\np\u0159elomu mil\u00e9nia, kdy za\u010daly b\u00fdt mlad\u00e9 d\u00edvky \u010d\u00edm d\u00e1l v\u00edce ovlivn\u011bny obrazem,\njak\u00fd o \u017een\u00e1ch vytvo\u0159il z\u00e1padn\u00ed sv\u011bt a m\u00e9dia.<\/p>\n\n\n\n<p>Bulimie je rovn\u011b\u017e porucha p\u0159\u00edjmu potravy a vyzna\u010duje se\nz\u00e1chvatovit\u00fdm p\u0159ej\u00edd\u00e1n\u00edm, kter\u00e9 posl\u00e9ze takto posti\u017een\u00fd \u010dlov\u011bk kompenzuje\nzvracen\u00edm a vylu\u010dov\u00e1n\u00edm. Projevuje se nejv\u00edce rovn\u011b\u017e v mlad\u00e9m v\u011bku, obyvkle u\nd\u00edvek do 18 let, ale nen\u00ed v\u00fdjimkou ani u mu\u017e\u016f nebo star\u0161\u00edch osob. L\u00e9\u010dba t\u00e9to\nporuchy je nej\u00fa\u010dinn\u011bj\u0161\u00ed prost\u0159ednictv\u00edm psychoterapie. <\/p>\n\n\n\n<p>Jmenuji se Martina a v 18 letech jsem onemocn\u011bla ment\u00e1ln\u00ed\nanorexi\u00ed.<\/p>\n\n\n\n<p>P\u0159i\u0161la ne\u010dekan\u011b a bez pozv\u00e1n\u00ed. Necht\u011bla jsem ji, ale d\u00edky n\u00ed\njsem z\u00edskala n\u011bco, po \u010dem jsem v\u017edy tou\u017eila. POZORNOST.<\/p>\n\n\n\n<p>Kdy\u017e mi bylo 18 let, za\u010dalo mi b\u00fdt \u0161patn\u011b ze stresu.\nZvracela jsem p\u0159ed ka\u017edou p\u00edsemkou, proto\u017ee jsem m\u011bla n\u00edzk\u00e9 sebev\u011bdom\u00ed. I\np\u0159esto, \u017ee jsem z v\u011bt\u0161iny p\u0159edm\u011bt\u016f m\u011bla jedni\u010dky, poka\u017ed\u00e9 jsem m\u011bla strach, \u017ee\ndanou p\u00edsemku nezvl\u00e1dnu. Nebyla jsem pro sebe DOST dobr\u00e1.<\/p>\n\n\n\n<p>Bohu\u017eel jsem kv\u016fli zvracen\u00ed p\u0159ed p\u00edsemkami za\u010dala hubnout.\nB\u00e1la jsem se o tom komukoliv \u0159\u00edct. B\u00e1la jsem se nepochopen\u00ed. V tu dobu jsem\nje\u0161t\u011b nem\u011bla probl\u00e9m. Probl\u00e9m nastal, kdy\u017e se mi za\u010dalo dost\u00e1vat pochvaly na\nmou huben\u011bj\u0161\u00ed postavu. Kone\u010dn\u011b jsem p\u0159estala dost\u00e1vat nevy\u017e\u00e1dan\u00e9 rady, co sm\u00edm\na nesm\u00edm j\u00edst, abych nebyla tlust\u00e1.<\/p>\n\n\n\n<p>A v t\u00e9to chv\u00edli se to stalo. Dostala jsem strach, \u017ee kdy\u017e\nza\u010dnu j\u00edst, p\u0159ijdu o pochvalu a zase budu muset poslouchat, jak bych se m\u011bla\nstravovat, abych nep\u0159ibrala. A tak jsem za\u010dala \u017e\u00edt v \u0161\u00edlen\u00e9m koloto\u010di pln\u00e9ho\nstrachu. Dok\u00e1zala jsem p\u011bt dn\u016f v t\u00fddnu nic nej\u00edst. Pila jsem pouze vodu. B\u011bhem\nv\u00edkendu jsem musela j\u00edst norm\u00e1ln\u011b, aby rodi\u010de na nic nep\u0159i\u0161li. V\u0161echno j\u00eddlo,\nkter\u00e9 jsem sn\u011bdla jsem chodila po taji zvracet. Nejd\u0159\u00edv jsem chodila na z\u00e1chod,\nale \u010dasem se to provalilo, tak jsem si ud\u011blala skr\u00fd\u0161, kam jsem si sv\u00e9 zvratky\nschov\u00e1vala.<\/p>\n\n\n\n<p>Ten strach z p\u0159ibr\u00e1n\u00ed byl nesnesiteln\u00fd. Trvalo to skoro\n\u010dty\u0159i roky. Ment\u00e1ln\u00ed anorexie se st\u0159\u00eddala s ment\u00e1ln\u00ed bulimi\u00ed. Postupem \u010dasu\njsem si uv\u011bdomovala, \u017ee takhle je to \u0161patn\u011b. \u017de to chci zm\u011bnit, ale nev\u011bd\u011bla\njsem jak. Kdy\u017e jsem za\u010dala norm\u00e1ln\u011b j\u00edst a zak\u00e1zala si zvracet, proch\u00e1zela jsem\nstavy, \u017ee mi m\u00e1 k\u016f\u017ee na t\u011ble prask\u00e1. Cht\u011bla jsem si sv\u00e9 t\u011blo rv\u00e1t na kusy, aby\nbylo zase huben\u00e9.<\/p>\n\n\n\n<p>Ve 22 letech jsem si na\u0161la odbornou pomoc. Cht\u011bla jsem\nzjistit, co je to m\u00edt se r\u00e1d. Neznala jsem to. Znala jsem pouze nen\u00e1vist.\nOdsuzov\u00e1n\u00ed sebe sama. Vyd\u00e1n\u00ed se na tuto cestu mi dopomohlo se \u010d\u00e1ste\u010dn\u011b uzdravit\nz poruchy p\u0159\u00edjmu potravy. P\u00ed\u0161i \u010d\u00e1ste\u010dn\u011b, proto\u017ee z poruchy p\u0159\u00edjmu potravy se\n\u00fapln\u011b uzdravit ned\u00e1.<\/p>\n\n\n\n<p>Kdy\u017e onemocn\u00edte ment\u00e1ln\u00ed anorexi\u00ed, vyroste v\u00e1m takov\u00fd hl\u00e1sek\nv hlav\u011b, kter\u00fd v\u00e1m za\u010dne \u0159\u00eddit \u017eivot. Kter\u00fd v\u00e1m \u0159\u00edk\u00e1, co sm\u00edte a nesm\u00edte j\u00edst.\nPokud se chcete uzdravit, mus\u00edte tento hlas uti\u0161it, abyste mu dok\u00e1zaly p\u0159estat\nslou\u017eit. Tento hlas tu bude s v\u00e1mi u\u017e napo\u0159\u00e1d, ale kdy\u017e mu nebudete naslouchat,\non utichne a nebude m\u00edt nad v\u00e1mi moc. Mus\u00edte se sm\u00ed\u0159it s t\u00edm, \u017ee se m\u016f\u017ee\nkdykoliv vr\u00e1tit. Kdykoliv za\u010dnete o sob\u011b pochybovat, budete m\u00edt n\u011bjak\u00e9 t\u011b\u017e\u0161\u00ed \u017eivotn\u00ed\nobdob\u00ed, on se ozve.<\/p>\n\n\n\n<p>M\u00fdm spou\u0161t\u011b\u010dem ment\u00e1ln\u00ed anorexie nebyl pouze stres, ale tak\u00e9\ntouha po kr\u00e1sn\u00e9m t\u011ble. N\u00e1lepky na mou postavu, kter\u00e9 jsem odmali\u010dka dost\u00e1vala.\nV\u00edm, \u017ee nebyly my\u0161leny zle, ale m\u011b zra\u0148ovaly. U\u017e jako mal\u00e1 jsem si o sob\u011b\nmyslela, \u017ee jsem tlust\u00e1 a p\u0159itom jsem nikdy tlust\u00e1 nebyla.<\/p>\n\n\n\n<p>Martina Hoppov\u00e1<\/p>\n\n\n\n<p>T\u0159eb\u00ed\u010dsk\u00fd den\u00edk<\/p>\n\n\n\n<p><a rel=\"noreferrer noopener\" aria-label=\" (otev\u0159e se na nov\u00e9 z\u00e1lo\u017ece)\" href=\"https:\/\/trebicsky.denik.cz\/\" target=\"_blank\">https:\/\/trebicsky.denik.cz\/<\/a><\/p>\n","protected":false},"excerpt":{"rendered":"<div class=\"mh-excerpt\"><p>Na\u0161e t\u011blo je schr\u00e1nkou ve\u0161ker\u00fdch radost\u00ed i bolest\u00ed. Jen\u017ee n\u011bkdy je t\u011bch bolest\u00ed znateln\u011b v\u00edce. Projekt T\u011blo s p\u0159\u00edb\u011bhem ukazuje \u017eensk\u00e1 t\u011bla tak, jak je <a class=\"mh-excerpt-more\" href=\"https:\/\/www.invarena.cz\/?p=37066\" title=\"T\u011blo s p\u0159\u00edb\u011bhem: Jsem Martina a m\u00e1m ment\u00e1ln\u00ed anorexii. P\u0159i\u0161la ke mn\u011b bez pozv\u00e1n\u00ed\">[&#8230;]<\/a><\/p>\n<\/div>","protected":false},"author":1,"featured_media":30314,"comment_status":"open","ping_status":"closed","sticky":false,"template":"","format":"standard","meta":{"footnotes":""},"categories":[9],"tags":[],"class_list":["post-37066","post","type-post","status-publish","format-standard","has-post-thumbnail","hentry","category-zpravy"],"_links":{"self":[{"href":"https:\/\/www.invarena.cz\/index.php?rest_route=\/wp\/v2\/posts\/37066","targetHints":{"allow":["GET"]}}],"collection":[{"href":"https:\/\/www.invarena.cz\/index.php?rest_route=\/wp\/v2\/posts"}],"about":[{"href":"https:\/\/www.invarena.cz\/index.php?rest_route=\/wp\/v2\/types\/post"}],"author":[{"embeddable":true,"href":"https:\/\/www.invarena.cz\/index.php?rest_route=\/wp\/v2\/users\/1"}],"replies":[{"embeddable":true,"href":"https:\/\/www.invarena.cz\/index.php?rest_route=%2Fwp%2Fv2%2Fcomments&post=37066"}],"version-history":[{"count":0,"href":"https:\/\/www.invarena.cz\/index.php?rest_route=\/wp\/v2\/posts\/37066\/revisions"}],"wp:featuredmedia":[{"embeddable":true,"href":"https:\/\/www.invarena.cz\/index.php?rest_route=\/wp\/v2\/media\/30314"}],"wp:attachment":[{"href":"https:\/\/www.invarena.cz\/index.php?rest_route=%2Fwp%2Fv2%2Fmedia&parent=37066"}],"wp:term":[{"taxonomy":"category","embeddable":true,"href":"https:\/\/www.invarena.cz\/index.php?rest_route=%2Fwp%2Fv2%2Fcategories&post=37066"},{"taxonomy":"post_tag","embeddable":true,"href":"https:\/\/www.invarena.cz\/index.php?rest_route=%2Fwp%2Fv2%2Ftags&post=37066"}],"curies":[{"name":"wp","href":"https:\/\/api.w.org\/{rel}","templated":true}]}}