{"id":37069,"date":"2022-02-07T13:50:36","date_gmt":"2022-02-07T12:50:36","guid":{"rendered":"http:\/\/www.invarena.cz\/?p=37069"},"modified":"2022-02-07T13:50:37","modified_gmt":"2022-02-07T12:50:37","slug":"lidi-s-postizenim-ceka-zdrazeni-sluzeb-mnozi-maji-problem-uz-nyni","status":"publish","type":"post","link":"https:\/\/www.invarena.cz\/?p=37069","title":{"rendered":"Lidi s posti\u017een\u00edm \u010dek\u00e1 zdra\u017een\u00ed slu\u017eeb. Mnoz\u00ed maj\u00ed probl\u00e9m u\u017e nyn\u00ed"},"content":{"rendered":"\n<p>Osmat\u0159icetilet\u00fd Kuba Neubert ze st\u0159edo\u010desk\u00fdch Dob\u0159ichovic\ntrp\u00ed vrozenou d\u011btskou mozkovou obrnou, je kvadruplegik, kter\u00fd se neobejde bez\npomoci druh\u00fdch. Ka\u017ed\u00fd den vyu\u017e\u00edv\u00e1 pomoc pe\u010dovatelsk\u00e9 slu\u017eby, za kterou plat\u00ed z\npen\u011bz, kter\u00e9 mu pos\u00edl\u00e1 st\u00e1t. Te\u010f mu ale hroz\u00ed, \u017ee na p\u00e9\u010di nebude m\u00edt dostatek\nfinanc\u00ed.&nbsp; Vl\u00e1da toti\u017e pl\u00e1nuje zv\u00fd\u0161it\nodm\u011bny pro pe\u010dovatele, ale \u010d\u00e1stka, kterou Kuba dost\u00e1v\u00e1 jako p\u0159\u00edsp\u011bvek na p\u00e9\u010di,\nz\u016fstane stejn\u00e1.<\/p>\n\n\n\n<p>Ministerstvo pr\u00e1ce a soci\u00e1ln\u00edch v\u011bc\u00ed od b\u0159ezna hodl\u00e1 zv\u00fd\u0161it\nmaxim\u00e1ln\u00ed hodinou sazbu, kterou ter\u00e9nn\u00ed slu\u017eby a osobn\u00ed asistenti dnes\ndost\u00e1vaj\u00ed. Od roku 2014 je to 130 korun za hodinu, nov\u00fd limit bude 145 korun.\nResort t\u00edm chce pomoci poskytovatel\u016fm p\u00e9\u010de. Nejvy\u0161\u0161\u00ed mo\u017en\u00fd p\u0159\u00edsp\u011bvek na p\u00e9\u010di\nv\u0161ak z\u016fstane 19 200 korun, ministerstvo nav\u00fd\u0161en\u00ed zat\u00edm nepl\u00e1nuje.<\/p>\n\n\n\n<p>\u0158editel obecn\u011b prosp\u011b\u0161n\u00e9 spole\u010dnosti Asistence Erik \u010cipera\nproto upozor\u0148uje, \u017ee n\u011bkte\u0159\u00ed lid\u00e9 s posti\u017een\u00edm nedos\u00e1hnou na slu\u017eby v objemu,\nna jak\u00fd byli dosud zvykl\u00ed. \u201ePodle na\u0161ich odhad\u016f pot\u0159ebuje asi deset tis\u00edc lid\u00ed\nslu\u017eby ve v\u011bt\u0161\u00edm rozsahu ne\u017e umo\u017e\u0148uje st\u00e1vaj\u00edc\u00ed nejvy\u0161\u0161\u00ed p\u0159\u00edsp\u011bvek na p\u00e9\u010di. Ti,\njejich\u017e mo\u017enost svobodn\u011b \u017e\u00edt v p\u0159irozen\u00e9m prost\u0159ed\u00ed z\u00e1vis\u00ed na pomoci ter\u00e9nn\u00edch\nsoci\u00e1ln\u00edch slu\u017eeb, touto zm\u011bnou utrp\u00ed,\u201c uvedl pro Den\u00edk.<\/p>\n\n\n\n<p>To potvrzuje i Kuba Neubert, kter\u00fd nejvy\u0161\u0161\u00ed p\u0159\u00edsp\u011bvek na\np\u00e9\u010di pob\u00edr\u00e1. \u201ePokryje mi slu\u017eby na \u010dty\u0159i a\u017e p\u011bt hodin denn\u011b. P\u0159i zdra\u017een\u00ed to\nbude je\u0161t\u011b m\u00e9n\u011b,\u201c \u0159ekl Den\u00edku. Kdyby nem\u011bl ob\u011btavou man\u017eelku, rodinn\u00e9 finan\u010dn\u00ed\nzdroje a z\u00e1zem\u00ed, nezvl\u00e1dl by to. Pot\u0159ebuje skoro permanentn\u00ed p\u00e9\u010di deset a\u017e\n\u0161estn\u00e1ct hodin denn\u011b. \u201eN\u011bkte\u0159\u00ed lid\u00e9 takov\u00e9 z\u00e1zem\u00ed nemaj\u00ed a po zdra\u017een\u00ed jim\nmnohdy nezbude nic jin\u00e9ho ne\u017e p\u0159ej\u00edt do pobytov\u00e9 slu\u017eby. \u010clov\u011bk m\u00e1 m\u00edt ale\np\u0159ece mo\u017enost svobodn\u011b si zvolit, kde chce \u017e\u00edt. N\u00e1vrh jde proti t\u00e9to svobodn\u00e9\nvolb\u011b i proti filozofii osobn\u00ed asistence,\u201c uvedl.<\/p>\n\n\n\n<p>Nem\u011bl by probl\u00e9m se samotn\u00fdm zv\u00fd\u0161en\u00edm \u00fahrad za soci\u00e1ln\u00ed\nslu\u017eby, jejich podfinancov\u00e1n\u00ed je probl\u00e9m. Ruku v ruce s t\u00edm by ale podle n\u011bj\nm\u011bl b\u00fdt zv\u00fd\u0161en pr\u00e1v\u011b tak\u00e9 p\u0159\u00edsp\u011bvek na p\u00e9\u010di pro lidi s hendikepem. K jeho\nv\u00fdrazn\u00e9mu zv\u00fd\u0161en\u00ed pro lidi s nejt\u011b\u017e\u0161\u00edm posti\u017een\u00edm sice do\u0161lo pom\u011brn\u011b ned\u00e1vno \u2013\nod dubna 2019 narostl o \u0161est tis\u00edc, \u010d\u00e1stka je v\u0161ak pro mnoh\u00e9 st\u00e1le\nnedosta\u010duj\u00edc\u00ed.<\/p>\n\n\n\n<p>Nov\u00fd stupe\u0148<\/p>\n\n\n\n<p>Obecn\u011b prosp\u011b\u0161n\u00e1 spole\u010dnost Asistence, poskytuj\u00edc\u00ed slu\u017eby\nlidem s t\u011blesn\u00fdm posti\u017een\u00edm, u\u017e d\u0159\u00edve rozjela kampa\u0148 za roz\u0161\u00ed\u0159en\u00ed spektra\nst\u00e1tn\u00ed pomoci. Ke st\u00e1vaj\u00edc\u00edm \u010dty\u0159em by podle z\u00e1stupc\u016f organizace m\u011bl p\u0159ib\u00fdt i\nnov\u00fd, p\u00e1t\u00fd stupe\u0148 p\u0159\u00edsp\u011bvku na p\u00e9\u010di, kde by \u010d\u00e1stka byla individualizov\u00e1na podle\nkonkr\u00e9tn\u00ed pot\u0159eby. Organizace to letos vyzkou\u0161\u00ed na p\u011bti lidech, jim\u017e bude\nsoukrom\u00e1 poji\u0161\u0165ovna vypl\u00e1cet \u010d\u00e1stku, kterou nezbytn\u011b pot\u0159ebuj\u00ed nad nejvy\u0161\u0161\u00ed\nmo\u017en\u00fd p\u0159\u00edsp\u011bvek, zmi\u0148ovan\u00fdch 19 200 korun.<\/p>\n\n\n\n<p>Ke zv\u00fd\u0161en\u00ed hodinov\u00e9 sazby za ter\u00e9nn\u00ed p\u00e9\u010di o lidi s\nposti\u017een\u00edm podle MPSV od b\u0159ezna doj\u00edt mus\u00ed, proto\u017ee kraj\u016fm, m\u011bst\u016fm a\npe\u010dovatelsk\u00fdm slu\u017eb\u00e1m rostou n\u00e1klady. \u201eMus\u00edme vz\u00edt na v\u011bdom\u00ed vy\u0161\u0161\u00ed n\u00e1roky na\nposkytovatele soci\u00e1ln\u00edch slu\u017eeb, kte\u0159\u00ed hledaj\u00ed dal\u0161\u00ed zdroje pro sv\u00e9 financov\u00e1n\u00ed,\u201c\nuvedl pro Den\u00edk mluv\u010d\u00ed MPSV Jakub Augusta. Letos v lednu \u00da\u0159ad pr\u00e1ce vyplatil\ncelkem 359 509 p\u0159\u00edsp\u011bvk\u016f na p\u00e9\u010di, z toho 54 222 pr\u00e1v\u011b lidem s \u00faplnou z\u00e1vislost\u00ed\nna pomoci druh\u00fdch.<\/p>\n\n\n\n<p>V\u00fd\u0161e p\u0159\u00edsp\u011bvku na p\u00e9\u010di (m\u011bs\u00ed\u010dn\u011b): lid\u00e9 do 18 let\/ lid\u00e9 nad 18 let<\/p>\n\n\n\n<p>\u2022 Stupe\u0148 I (lehk\u00e1 z\u00e1vislost) 3 300 K\u010d\/ 880 K\u010d<\/p>\n\n\n\n<p>\u2022 Stupe\u0148 II (st\u0159edn\u011b t\u011b\u017ek\u00e1 z\u00e1vislost) 6 600 K\u010d\/ 4 400 K\u010d<\/p>\n\n\n\n<p>\u2022 Stupe\u0148 III (t\u011b\u017ek\u00e1 z\u00e1vislost) 13 900 K\u010d\/ 12 800 K\u010d<\/p>\n\n\n\n<p>\u2022 Stupe\u0148 IV (\u00fapln\u00e1 z\u00e1vislost) 19 200 K\u010d\/ 19 200 K\u010d<\/p>\n\n\n\n<p>Obecn\u011b prosp\u011b\u0161n\u00e1 spole\u010dnost Asistence navrhuje zaveden\u00ed\np\u00e1t\u00e9ho stupn\u011b p\u0159\u00edsp\u011bvku na p\u00e9\u010di, kde by \u010d\u00e1stka byla individualizov\u00e1na podle\nkonkr\u00e9tn\u00ed pot\u0159eby.<\/p>\n\n\n\n<p>Andrea Cerqueirov\u00e1<\/p>\n\n\n\n<p>Den\u00edk<\/p>\n\n\n\n<p><a rel=\"noreferrer noopener\" aria-label=\" (otev\u0159e se na nov\u00e9 z\u00e1lo\u017ece)\" href=\"https:\/\/www.denik.cz\/\" target=\"_blank\">https:\/\/www.denik.cz\/<\/a><\/p>\n","protected":false},"excerpt":{"rendered":"<div class=\"mh-excerpt\"><p>Osmat\u0159icetilet\u00fd Kuba Neubert ze st\u0159edo\u010desk\u00fdch Dob\u0159ichovic trp\u00ed vrozenou d\u011btskou mozkovou obrnou, je kvadruplegik, kter\u00fd se neobejde bez pomoci druh\u00fdch. Ka\u017ed\u00fd den vyu\u017e\u00edv\u00e1 pomoc pe\u010dovatelsk\u00e9 slu\u017eby, <a class=\"mh-excerpt-more\" href=\"https:\/\/www.invarena.cz\/?p=37069\" title=\"Lidi s posti\u017een\u00edm \u010dek\u00e1 zdra\u017een\u00ed slu\u017eeb. Mnoz\u00ed maj\u00ed probl\u00e9m u\u017e nyn\u00ed\">[&#8230;]<\/a><\/p>\n<\/div>","protected":false},"author":1,"featured_media":14245,"comment_status":"open","ping_status":"closed","sticky":false,"template":"","format":"standard","meta":{"footnotes":""},"categories":[9],"tags":[],"class_list":["post-37069","post","type-post","status-publish","format-standard","has-post-thumbnail","hentry","category-zpravy"],"_links":{"self":[{"href":"https:\/\/www.invarena.cz\/index.php?rest_route=\/wp\/v2\/posts\/37069","targetHints":{"allow":["GET"]}}],"collection":[{"href":"https:\/\/www.invarena.cz\/index.php?rest_route=\/wp\/v2\/posts"}],"about":[{"href":"https:\/\/www.invarena.cz\/index.php?rest_route=\/wp\/v2\/types\/post"}],"author":[{"embeddable":true,"href":"https:\/\/www.invarena.cz\/index.php?rest_route=\/wp\/v2\/users\/1"}],"replies":[{"embeddable":true,"href":"https:\/\/www.invarena.cz\/index.php?rest_route=%2Fwp%2Fv2%2Fcomments&post=37069"}],"version-history":[{"count":0,"href":"https:\/\/www.invarena.cz\/index.php?rest_route=\/wp\/v2\/posts\/37069\/revisions"}],"wp:featuredmedia":[{"embeddable":true,"href":"https:\/\/www.invarena.cz\/index.php?rest_route=\/wp\/v2\/media\/14245"}],"wp:attachment":[{"href":"https:\/\/www.invarena.cz\/index.php?rest_route=%2Fwp%2Fv2%2Fmedia&parent=37069"}],"wp:term":[{"taxonomy":"category","embeddable":true,"href":"https:\/\/www.invarena.cz\/index.php?rest_route=%2Fwp%2Fv2%2Fcategories&post=37069"},{"taxonomy":"post_tag","embeddable":true,"href":"https:\/\/www.invarena.cz\/index.php?rest_route=%2Fwp%2Fv2%2Ftags&post=37069"}],"curies":[{"name":"wp","href":"https:\/\/api.w.org\/{rel}","templated":true}]}}