{"id":37076,"date":"2022-02-08T18:02:18","date_gmt":"2022-02-08T17:02:18","guid":{"rendered":"http:\/\/www.invarena.cz\/?p=37076"},"modified":"2022-02-08T18:02:19","modified_gmt":"2022-02-08T17:02:19","slug":"studenti-horovicke-univerzity-tretiho-veku-obdrzeli-pametni-listy","status":"publish","type":"post","link":"https:\/\/www.invarena.cz\/?p=37076","title":{"rendered":"Studenti ho\u0159ovick\u00e9 univerzity t\u0159et\u00edho v\u011bku obdr\u017eeli pam\u011btn\u00ed listy"},"content":{"rendered":"\n<p>U\u010dit se u\u010dit a zase se u\u010dit. P\u0159esn\u011b toto \u010dekalo na\n\u00fa\u010dastn\u00edky, kte\u0159\u00ed se rozhodli absolvovat Studium virtu\u00e1ln\u00ed univerzity t\u0159et\u00edho\nv\u011bku. Z\u00e1\u0161titu nad touto akc\u00ed, kter\u00e1 je ur\u010dena pro seniory a invalidn\u00ed d\u016fchodce,\nm\u00e1 ji\u017e n\u011bkolik let St\u0159edisko voln\u00e9ho \u010dasu \u2013 Dome\u010dek Ho\u0159ovice.<\/p>\n\n\n\n<p>Na p\u0159\u00edchod \u00fa\u010dastn\u00edk\u016f se ve \u010dtvrtek 27. ledna velmi t\u011b\u0161ila\nLenka Radov\u00e1, organiz\u00e1torka akce. Konalo se zde toti\u017e slavnostn\u00ed p\u0159ed\u00e1n\u00ed\nosv\u011bd\u010den\u00ed a pam\u011btn\u00edch list\u016f za zimn\u00ed semestr lo\u0148sk\u00e9ho roku. P\u0159\u00edtomn\u00e9 d\u00e1my a\njednoho mu\u017ee p\u0159i\u0161el pozdravit tak\u00e9 Tom\u00e1\u0161 Kloko\u010dn\u00edk, z\u00e1stupce \u0159editelky\n(Dome\u010dek), v kr\u00e1tk\u00e9m projevu krom\u011b jin\u00e9ho pod\u011bkoval, tak\u00e9 jedn\u00e9 z \u00fa\u010dastnic\nkurzu Jarmile Vodov\u00e9, proto\u017ee to byla pr\u00e1v\u011b ona, kter\u00e1 s n\u00e1padem na VU3V\np\u0159i\u0161la.<\/p>\n\n\n\n<p>Pot\u00e9 se rozlou\u010dil a to ji\u017e nastala pr\u00e1v\u011b ta doba pro Janu\n\u0160r\u00e1mkovou, m\u00edstostarostku Ho\u0159ovic, kter\u00e1 zavzpom\u00ednala, \u017ee se s mnoh\u00fdmi\np\u0159\u00edtomn\u00fdmi zn\u00e1 ji\u017e od \u0161koly a s radost\u00ed se ujala slavnostn\u00edho p\u0159ed\u00e1v\u00e1n\u00ed\npam\u011btn\u00edch list\u016f i osv\u011bd\u010den\u00ed. Tentokr\u00e1t bylo 9 \u00fa\u010dastn\u00edk\u016f p\u0159ihl\u00e1\u0161eno na \u010c\u00ednskou\nmedic\u00ednu v na\u0161\u00ed zahr\u00e1dce. Dal\u0161\u00ed zase na Mist\u0159i barokn\u00edho mal\u00ed\u0159stv\u00ed 17 stolet\u00ed.\nCelkem bylo za minul\u00fd semestr 26 poslucha\u010d\u016f, z toho jich 24 \u00fasp\u011b\u0161n\u011b splnilo,\nzb\u00fdvaj\u00edc\u00ed dva ji\u017e p\u0159edem avizovali, \u017ee je zaj\u00edmaj\u00ed pouze p\u0159edn\u00e1\u0161ky a nebudou plnit\nstudijn\u00ed podm\u00ednky za \u00fa\u010delem z\u00edsk\u00e1n\u00ed pam\u011btn\u00edho listu. V\u0161em pat\u0159\u00ed velk\u00e1\ngratulace, a kdo by m\u011bl z\u00e1jem, letn\u00ed semestr za\u010dal u\u017e 1. \u00fanora.<\/p>\n\n\n\n<p>Autor: Na\u010fa Kolensk\u00e1<\/p>\n\n\n\n<p>Berounsk\u00fd den\u00edk<\/p>\n\n\n\n<p><a rel=\"noreferrer noopener\" aria-label=\" (otev\u0159e se na nov\u00e9 z\u00e1lo\u017ece)\" href=\"https:\/\/berounsky.denik.cz\/\" target=\"_blank\">https:\/\/berounsky.denik.cz\/<\/a><\/p>\n","protected":false},"excerpt":{"rendered":"<div class=\"mh-excerpt\"><p>U\u010dit se u\u010dit a zase se u\u010dit. P\u0159esn\u011b toto \u010dekalo na \u00fa\u010dastn\u00edky, kte\u0159\u00ed se rozhodli absolvovat Studium virtu\u00e1ln\u00ed univerzity t\u0159et\u00edho v\u011bku. Z\u00e1\u0161titu nad touto akc\u00ed, <a class=\"mh-excerpt-more\" href=\"https:\/\/www.invarena.cz\/?p=37076\" title=\"Studenti ho\u0159ovick\u00e9 univerzity t\u0159et\u00edho v\u011bku obdr\u017eeli pam\u011btn\u00ed listy\">[&#8230;]<\/a><\/p>\n<\/div>","protected":false},"author":1,"featured_media":19377,"comment_status":"open","ping_status":"closed","sticky":false,"template":"","format":"standard","meta":{"footnotes":""},"categories":[9],"tags":[],"class_list":["post-37076","post","type-post","status-publish","format-standard","has-post-thumbnail","hentry","category-zpravy"],"_links":{"self":[{"href":"https:\/\/www.invarena.cz\/index.php?rest_route=\/wp\/v2\/posts\/37076","targetHints":{"allow":["GET"]}}],"collection":[{"href":"https:\/\/www.invarena.cz\/index.php?rest_route=\/wp\/v2\/posts"}],"about":[{"href":"https:\/\/www.invarena.cz\/index.php?rest_route=\/wp\/v2\/types\/post"}],"author":[{"embeddable":true,"href":"https:\/\/www.invarena.cz\/index.php?rest_route=\/wp\/v2\/users\/1"}],"replies":[{"embeddable":true,"href":"https:\/\/www.invarena.cz\/index.php?rest_route=%2Fwp%2Fv2%2Fcomments&post=37076"}],"version-history":[{"count":0,"href":"https:\/\/www.invarena.cz\/index.php?rest_route=\/wp\/v2\/posts\/37076\/revisions"}],"wp:featuredmedia":[{"embeddable":true,"href":"https:\/\/www.invarena.cz\/index.php?rest_route=\/wp\/v2\/media\/19377"}],"wp:attachment":[{"href":"https:\/\/www.invarena.cz\/index.php?rest_route=%2Fwp%2Fv2%2Fmedia&parent=37076"}],"wp:term":[{"taxonomy":"category","embeddable":true,"href":"https:\/\/www.invarena.cz\/index.php?rest_route=%2Fwp%2Fv2%2Fcategories&post=37076"},{"taxonomy":"post_tag","embeddable":true,"href":"https:\/\/www.invarena.cz\/index.php?rest_route=%2Fwp%2Fv2%2Ftags&post=37076"}],"curies":[{"name":"wp","href":"https:\/\/api.w.org\/{rel}","templated":true}]}}