{"id":37144,"date":"2022-02-17T17:13:15","date_gmt":"2022-02-17T16:13:15","guid":{"rendered":"http:\/\/www.invarena.cz\/?p=37144"},"modified":"2022-02-17T17:13:16","modified_gmt":"2022-02-17T16:13:16","slug":"reditel-se-zlobi-na-ministerstvo-kvuli-covidovym-testum","status":"publish","type":"post","link":"https:\/\/www.invarena.cz\/?p=37144","title":{"rendered":"\u0158editel se zlob\u00ed na ministerstvo kv\u016fli covidov\u00fdm test\u016fm"},"content":{"rendered":"\n<p> \u0158editel Fokusu Praha Petr Hudli\u010dka napsal otev\u0159en\u00fd dopis p\u0159edsedovi<br> vl\u00e1dy Petru Fialovi a ministru zdravotnictv\u00ed Vlastimilu V\u00e1lkovi. Zlob\u00ed se, \u017ee musel zbyte\u010dn\u011b nakoupit mnoho antigenn\u00edch test\u016f a chce kompenzaci.  \u00a0\u00a0 <\/p>\n\n\n\n<p>\nV\u00e1\u017een\u00fd\npane premi\u00e9re, v\u00e1\u017een\u00fd pane minist\u0159e!<\/p>\n\n\n\n<p> Mus\u00edm reagovat na mimo\u0159\u00e1dn\u00e9 opat\u0159en\u00ed ze 14. 1. 2022, kter\u00fdm upravujete povinnost testov\u00e1n\u00ed zam\u011bstnanc\u016f ve zdravotn\u00edch a soci\u00e1ln\u00edch slu\u017eb\u00e1ch. <br><br>A\u017e do vyhl\u00e1\u0161en\u00ed tohoto opat\u0159en\u00ed (tj. do p\u00e1te\u010dn\u00edho ve\u010dera) jsme se  p\u0159ipravovali ke spln\u011bn\u00ed mimo\u0159\u00e1dn\u00e9ho opat\u0159en\u00ed o povinn\u00e9m testov\u00e1n\u00ed zam\u011bstnanc\u016f z 5. 1. 2022. To znamen\u00e1, \u017ee jsme vzhledem k po\u010dtu zam\u011bstnanc\u016f na\u0161\u00ed organizace nakoupili mnoho set test\u016f, co\u017e v \u010dase rozpo\u010dtov\u00e9ho provizoria, ze kter\u00e9ho plyne opo\u017ed\u011bn\u00ed grantov\u00fdch plateb pro tento rok, nen\u00ed zanedbateln\u00e1 z\u00e1t\u011b\u017e. <\/p>\n\n\n\n<p>D\u00e1le jsme zajistili distribuci t\u011bchto test\u016f do v\u00edce ne\u017e dvaceti na\u0161ich t\u00fdm\u016f v Praze a st\u0159edn\u00edch \u010cech\u00e1ch a v ka\u017ed\u00e9m t\u00fdmu zajistili zam\u011bstnance, kter\u00fd bude m\u00edt na starosti testov\u00e1n\u00ed a jeho n\u00e1sledn\u00e9 vykazov\u00e1n\u00ed. V\u0161ichni tito zam\u011bstnanci se rozhodn\u011b mohli po tu dobu v\u011bnovat n\u011bjak\u00e9 smyslupln\u011bj\u0161\u00ed pr\u00e1ci. <\/p>\n\n\n\n<p>Na z\u00e1klad\u011b t\u011bchto zm\u011bn nebudeme testovat cca 270 zam\u011bstnanc\u016f dvakr\u00e1t t\u00fddn\u011b, ale zhruba 20 zam\u011bstnanc\u016f jednou t\u00fddn\u011b, v mnoh\u00fdch t\u00fdmech nikoho.<\/p>\n\n\n\n<p>\nMus\u00edm\nkonstatovat, \u017ee pozdn\u00edm vyhla\u0161ov\u00e1n\u00edm opat\u0159en\u00ed mrh\u00e1te nejen\n\u010dasem a finan\u010dn\u00edmi prost\u0159edky, ale p\u0159edev\u0161\u00edm ochotou lid\u00ed se\nna t\u011bchto opat\u0159en\u00edch pod\u00edlet.<\/p>\n\n\n\n<p>\nV&nbsp;dan\u00e9\nsituaci od V\u00e1s o\u010dek\u00e1v\u00e1m minim\u00e1ln\u011b odkup nyn\u00ed ji\u017e nepot\u0159ebn\u00fdch\nantigenn\u00edch test\u016f nebo jinou odpov\u00eddaj\u00edc\u00ed finan\u010dn\u00ed kompenzaci\njejich n\u00e1kupu a d\u00e1le omluvu v\u0161em lidem, kte\u0159\u00ed pl\u00fdtvali sv\u00fdm\n\u00fasil\u00edm ve snaze naplnit mimo\u0159\u00e1dn\u00e1 opat\u0159en\u00ed ministerstva\nzdravotnictv\u00ed.<\/p>\n\n\n\n<p>\nS&nbsp;pozdravem<\/p>\n\n\n\n<p>\nMgr.\nPetr Hudli\u010dka<\/p>\n\n\n\n<p>\n\u0159editel<\/p>\n\n\n\n<p>\nFokus\nPraha, z.\u00fa<\/p>\n","protected":false},"excerpt":{"rendered":"<div class=\"mh-excerpt\"><p>\u0158editel Fokusu Praha Petr Hudli\u010dka napsal otev\u0159en\u00fd dopis p\u0159edsedovi vl\u00e1dy Petru Fialovi a ministru zdravotnictv\u00ed Vlastimilu V\u00e1lkovi. Zlob\u00ed se, \u017ee musel zbyte\u010dn\u011b nakoupit mnoho antigenn\u00edch <a class=\"mh-excerpt-more\" href=\"https:\/\/www.invarena.cz\/?p=37144\" title=\"\u0158editel se zlob\u00ed na ministerstvo kv\u016fli covidov\u00fdm test\u016fm\">[&#8230;]<\/a><\/p>\n<\/div>","protected":false},"author":1,"featured_media":24717,"comment_status":"open","ping_status":"closed","sticky":false,"template":"","format":"standard","meta":{"footnotes":""},"categories":[1],"tags":[],"class_list":["post-37144","post","type-post","status-publish","format-standard","has-post-thumbnail","hentry","category-nezarazene"],"_links":{"self":[{"href":"https:\/\/www.invarena.cz\/index.php?rest_route=\/wp\/v2\/posts\/37144","targetHints":{"allow":["GET"]}}],"collection":[{"href":"https:\/\/www.invarena.cz\/index.php?rest_route=\/wp\/v2\/posts"}],"about":[{"href":"https:\/\/www.invarena.cz\/index.php?rest_route=\/wp\/v2\/types\/post"}],"author":[{"embeddable":true,"href":"https:\/\/www.invarena.cz\/index.php?rest_route=\/wp\/v2\/users\/1"}],"replies":[{"embeddable":true,"href":"https:\/\/www.invarena.cz\/index.php?rest_route=%2Fwp%2Fv2%2Fcomments&post=37144"}],"version-history":[{"count":0,"href":"https:\/\/www.invarena.cz\/index.php?rest_route=\/wp\/v2\/posts\/37144\/revisions"}],"wp:featuredmedia":[{"embeddable":true,"href":"https:\/\/www.invarena.cz\/index.php?rest_route=\/wp\/v2\/media\/24717"}],"wp:attachment":[{"href":"https:\/\/www.invarena.cz\/index.php?rest_route=%2Fwp%2Fv2%2Fmedia&parent=37144"}],"wp:term":[{"taxonomy":"category","embeddable":true,"href":"https:\/\/www.invarena.cz\/index.php?rest_route=%2Fwp%2Fv2%2Fcategories&post=37144"},{"taxonomy":"post_tag","embeddable":true,"href":"https:\/\/www.invarena.cz\/index.php?rest_route=%2Fwp%2Fv2%2Ftags&post=37144"}],"curies":[{"name":"wp","href":"https:\/\/api.w.org\/{rel}","templated":true}]}}