{"id":37152,"date":"2022-02-21T15:06:29","date_gmt":"2022-02-21T14:06:29","guid":{"rendered":"http:\/\/www.invarena.cz\/?p=37152"},"modified":"2022-02-21T15:06:30","modified_gmt":"2022-02-21T14:06:30","slug":"senior-taxi-prukaz-ma-jedenact-set-vyskovanu-zajem-byl-loni-rekordni","status":"publish","type":"post","link":"https:\/\/www.invarena.cz\/?p=37152","title":{"rendered":"Senior taxi: pr\u016fkaz m\u00e1 jeden\u00e1ct set Vy\u0161kovan\u016f. Z\u00e1jem byl loni rekordn\u00ed"},"content":{"rendered":"\n<p>Skoro 7 200 j\u00edzd absolvovali minul\u00fd rok u\u017eivatel\u00e9 Senior taxi ve Vy\u0161kov\u011b. Jejich z\u00e1jem byl zat\u00edm rekordn\u00ed, celkem vlastn\u00ed pr\u016fkaz ke slu\u017eb\u011b u\u017e t\u00e9m\u011b\u0159 jeden\u00e1ct set Vy\u0161kovan\u016f. Kv\u016fli protiepidemick\u00fdm omezen\u00edm byl nejni\u017e\u0161\u00ed z\u00e1jem v lednu, zat\u00edmco nejvy\u0161\u0161\u00ed v \u010dervnu, kdy se opat\u0159en\u00ed uvolnily.<\/p>\n\n\n\n<p>M\u011bsto ale kv\u016fli n\u00e1r\u016fstu provozn\u00edch n\u00e1klad\u016f plat\u00ed od z\u00e1\u0159\u00ed t\u0159iat\u0159icet korun za kilometr, do t\u00e9 doby to bylo pouze \u010dty\u0159iadvacet. \u201ePro klienty se nicm\u00e9n\u011b nic nem\u011bn\u00ed, z\u016fst\u00e1v\u00e1 dvacet korun za jednu j\u00edzdu. Samotn\u00fd provoz z\u00e1jemci hodnot\u00ed velice kladn\u011b, slu\u017ebu chv\u00e1l\u00ed,\u201c ujistila vy\u0161kovsk\u00e1 m\u00edstostarostka Karin \u0160ulcov\u00e1.<\/p>\n\n\n\n<p>Slu\u017ebu vyu\u017e\u00edvaj\u00ed lid\u00e9 nad p\u011bta\u0161edes\u00e1t let nebo dr\u017eitel\u00e9 pr\u016fkazu ZTP a ZTP\/P. Dostanou se do ordinace l\u00e9ka\u0159\u016f, na \u00fa\u0159ady, h\u0159bitovy, n\u00e1dra\u017e\u00ed, obchodn\u00ed centra, kade\u0159nictv\u00ed \u010di na pedik\u00faru. \u201ePodle \u010d\u00edsel se evidentn\u011b v\u00edc dostala do pov\u011bdom\u00ed lid\u00ed. Ostatn\u011b \u0159idi\u010di najedou ka\u017ed\u00fd m\u011bs\u00edc v pr\u016fm\u011bru bezm\u00e1la dva tis\u00edce kilometr\u016f. Pr\u016fkaz nad\u00e1le zdarma vystavuje odbor soci\u00e1ln\u00edch v\u011bc\u00ed a zdravotnictv\u00ed,\u201c dodala \u0160ulcov\u00e1.<\/p>\n\n\n\n<p>Jakub Dost\u00e1l<\/p>\n\n\n\n<p>Vy\u0161kovsk\u00fd den\u00edk<\/p>\n\n\n\n<p><a href=\"https:\/\/vyskovsky.denik.cz\/\" target=\"_blank\" rel=\"noreferrer noopener\">https:\/\/vyskovsky.denik.cz\/<\/a><\/p>\n","protected":false},"excerpt":{"rendered":"<div class=\"mh-excerpt\"><p>Skoro 7 200 j\u00edzd absolvovali minul\u00fd rok u\u017eivatel\u00e9 Senior taxi ve Vy\u0161kov\u011b. Jejich z\u00e1jem byl zat\u00edm rekordn\u00ed, celkem vlastn\u00ed pr\u016fkaz ke slu\u017eb\u011b u\u017e t\u00e9m\u011b\u0159 jeden\u00e1ct <a class=\"mh-excerpt-more\" href=\"https:\/\/www.invarena.cz\/?p=37152\" title=\"Senior taxi: pr\u016fkaz m\u00e1 jeden\u00e1ct set Vy\u0161kovan\u016f. Z\u00e1jem byl loni rekordn\u00ed\">[&#8230;]<\/a><\/p>\n<\/div>","protected":false},"author":1,"featured_media":5054,"comment_status":"open","ping_status":"closed","sticky":false,"template":"","format":"standard","meta":{"footnotes":""},"categories":[9],"tags":[],"class_list":["post-37152","post","type-post","status-publish","format-standard","has-post-thumbnail","hentry","category-zpravy"],"_links":{"self":[{"href":"https:\/\/www.invarena.cz\/index.php?rest_route=\/wp\/v2\/posts\/37152","targetHints":{"allow":["GET"]}}],"collection":[{"href":"https:\/\/www.invarena.cz\/index.php?rest_route=\/wp\/v2\/posts"}],"about":[{"href":"https:\/\/www.invarena.cz\/index.php?rest_route=\/wp\/v2\/types\/post"}],"author":[{"embeddable":true,"href":"https:\/\/www.invarena.cz\/index.php?rest_route=\/wp\/v2\/users\/1"}],"replies":[{"embeddable":true,"href":"https:\/\/www.invarena.cz\/index.php?rest_route=%2Fwp%2Fv2%2Fcomments&post=37152"}],"version-history":[{"count":0,"href":"https:\/\/www.invarena.cz\/index.php?rest_route=\/wp\/v2\/posts\/37152\/revisions"}],"wp:featuredmedia":[{"embeddable":true,"href":"https:\/\/www.invarena.cz\/index.php?rest_route=\/wp\/v2\/media\/5054"}],"wp:attachment":[{"href":"https:\/\/www.invarena.cz\/index.php?rest_route=%2Fwp%2Fv2%2Fmedia&parent=37152"}],"wp:term":[{"taxonomy":"category","embeddable":true,"href":"https:\/\/www.invarena.cz\/index.php?rest_route=%2Fwp%2Fv2%2Fcategories&post=37152"},{"taxonomy":"post_tag","embeddable":true,"href":"https:\/\/www.invarena.cz\/index.php?rest_route=%2Fwp%2Fv2%2Ftags&post=37152"}],"curies":[{"name":"wp","href":"https:\/\/api.w.org\/{rel}","templated":true}]}}