{"id":3717,"date":"2013-04-12T15:06:46","date_gmt":"2013-04-12T13:06:46","guid":{"rendered":"http:\/\/www.invarena.cz\/?p=3717"},"modified":"2013-04-14T22:31:19","modified_gmt":"2013-04-14T20:31:19","slug":"premier-necas-skarty-jsou-trojnasobne-predrazene","status":"publish","type":"post","link":"https:\/\/www.invarena.cz\/?p=3717","title":{"rendered":"Ne\u010das: Trojn\u00e1sobn\u011b p\u0159edra\u017een\u00e9 sKarty"},"content":{"rendered":"<p><strong>sKarty jsou a\u017e trojn\u00e1sobn\u011b p\u0159edra\u017een\u00e9. V rozhovoru pro Hospod\u00e1\u0159sk\u00e9 noviny to \u0159ekl premi\u00e9r Petr Ne\u010das. Podle n\u011bj na kart\u00e1ch vyd\u011bl\u00e1v\u00e1 firma, kter\u00e1 dod\u00e1v\u00e1 platebn\u00ed syst\u00e9m \u010cesk\u00e9 spo\u0159iteln\u011b. Ne\u010das uvedl, \u017ee karta se d\u00e1 po\u0159\u00eddit za 80 K\u010d, firma Monet+ ji dod\u00e1v\u00e1 za trojn\u00e1sobek.<!--more--><\/strong><\/p>\n<p>\u00da\u0159adu pr\u00e1ce ani samotn\u00e9 bance pr\u00fd tento projekt \u017e\u00e1dn\u00fd u\u017eitek nep\u0159in\u00e1\u0161\u00ed. Je to bu\u010f politika\u0159en\u00ed ze strany TOP 09, nebo je za t\u00edm n\u011bco v\u011bt\u0161\u00edho, \u0159ekl k cen\u011b sKarty premi\u00e9r a \u0161\u00e9f ODS Petr Ne\u010das Hospod\u00e1\u0159sk\u00fdm novin\u00e1m. Ministerstvo pr\u00e1ce a soci\u00e1ln\u00edch v\u011bc\u00ed odm\u00edtlo premi\u00e9rovo vyj\u00e1d\u0159en\u00ed komentovat.<\/p>\n<p>\u201eJako mluv\u010d\u00ed ministerstva pr\u00e1ce a soci\u00e1ln\u00edch v\u011bc\u00ed nemohu komentovat prohl\u00e1\u0161en\u00ed pana premi\u00e9ra a ani smluvn\u00ed vztahy \u010cesk\u00e9 spo\u0159itelny,\u201c \u0159ekla mluv\u010d\u00ed \u00fa\u0159adu \u0160t\u011bp\u00e1nka Filipov\u00e1.<\/p>\n<p>Ministryn\u011b Ludmila M\u00fcllerov\u00e1 z TOP 09 se dnes k premi\u00e9rov\u00fdm obvin\u011bn\u00edm vyjad\u0159ovat nebude. Ne\u010dasova slova odm\u00edt\u00e1 i \u010cesk\u00e1 spo\u0159itelna. Podle mluv\u010d\u00edho Jana Holinky spl\u0148uje karta specifick\u00e9 po\u017eadavky a ned\u00e1 se srovn\u00e1vat s b\u011b\u017en\u00fdmi kartami. 240 korun je sazebn\u00edkov\u00e1 cena za n\u00e1hradn\u00ed kartu.<\/p>\n<p>\u201eSazebn\u00edkov\u00e1 cena odr\u00e1\u017e\u00ed dal\u0161\u00ed n\u00e1klady, nap\u0159\u00edklad distribuci karty od v\u00fdrobce na kontaktn\u00ed pracovi\u0161t\u011b pr\u00e1ce, tisk a zasl\u00e1n\u00ed pinu,\u201c vysv\u011btlil Holinka.<\/p>\n<p>Proti Ne\u010dasovu tvrzen\u00ed se ohrazuje i b\u00fdval\u00fd ministr pr\u00e1ce a soci\u00e1ln\u00edch v\u011bc\u00ed a m\u00edstop\u0159edseda TOP 09 Jarom\u00edr Dr\u00e1bek.<\/p>\n<p>\u201eNev\u00edm, kde pan premi\u00e9r vzal ty \u00fadaje. J\u00e1 o obchodn\u00edm vztahu mezi \u010ceskou spo\u0159itelnou a dodavatelem karet samoz\u0159ejm\u011b nic nev\u00edm. To, kde a jak si objedn\u00e1v\u00e1 \u010cesk\u00e1 spo\u0159itelna v\u00fdrobu karet \u010di zda si je vyr\u00e1b\u00ed sama, to nen\u00ed v\u011bc\u00ed ministerstva ani st\u00e1tu,\u201c \u0159\u00edk\u00e1 Dr\u00e1bek a pokra\u010duje:<\/p>\n<p>\u201eMinisterstvo to zaj\u00edmalo z jedin\u00e9ho pohledu, a to je vyd\u00e1n\u00ed karty p\u0159i tom, kdy\u017e ji n\u011bkdo ztrat\u00ed nebo zni\u010d\u00ed. Je cen\u00edkov\u00e1 polo\u017eka na to, jak\u00fdm zp\u016fsobem uhrad\u00ed klient, kter\u00fd zavinil po\u0161kozen\u00ed nebo ztr\u00e1tu karty, vyd\u00e1n\u00ed nov\u00e9 karty. Tam je podobn\u011b jako u ob\u010dansk\u00e9ho pr\u016fkazu stanovena cena za vyd\u00e1n\u00ed. Tu z\u00e1kladn\u00ed kartu ve v\u0161ech p\u0159\u00edpadech vyd\u00e1v\u00e1 \u00fa\u0159ad pr\u00e1ce zdarma a spo\u0159itelna ji dod\u00e1v\u00e1 st\u00e1tu bez jak\u00e9hokoli poplatku.\u201c<\/p>\n<p><strong>Dr\u00e1bek: Projekt je \u00fasp\u011b\u0161n\u00fd a funguje<\/strong><\/p>\n<p>Dr\u00e1bek nesouhlas\u00ed ani s t\u00edm, \u017ee by z cel\u00e9ho projektu nem\u011bl prosp\u011bch nikdo krom\u011b dodavatelsk\u00e9 firmy. \u201eSyst\u00e9m je nastaven\u00fd tak, aby st\u00e1tu odpadly n\u00e1klady s rozes\u00edl\u00e1n\u00edm soci\u00e1ln\u00edch d\u00e1vek. To se poda\u0159ilo. Mysl\u00edm, \u017ee dnes u\u017e nikdo nem\u016f\u017ee zpochybnit, \u017ee syst\u00e9m jak po technick\u00e9 str\u00e1nce, tak po str\u00e1nce \u00faspor st\u00e1tu funguje,\u201c tvrd\u00ed Dr\u00e1bek a vysv\u011btluje:<\/p>\n<p>\u201eProto\u017ee st\u00e1t skute\u010dn\u011b neplat\u00ed za distribuci d\u00e1vek prost\u0159ednictv\u00edm sKarty ani korunu. Samoz\u0159ejm\u011b pokud se zvedaj\u00ed hlasy, jako \u017ee se mus\u00ed po\u0159\u00eddit \u010dte\u010dky a \u017ee se o to mus\u00ed starat zam\u011bstnanci, tak to by se o v\u00fdplatu d\u00e1vek museli starat stejn\u011b. I jin\u00e1 technologie by n\u011bco st\u00e1la.\u201c<\/p>\n<p>N\u00e1zor TOP 09 na budoucnost sKaret je podle exministra jasn\u00fd. \u201eTen projekt stoj\u00ed na spr\u00e1vn\u00fdch z\u00e1kladech, je samoz\u0159ejm\u011b pot\u0159eba doladit a dopracov\u00e1vat v\u011bci, kter\u00e9 v jeho pr\u016fb\u011bhu vyvst\u00e1vaj\u00ed. Z\u00e1kladn\u00ed c\u00edl, zlevnit proces vypl\u00e1cen\u00ed d\u00e1vek pro st\u00e1t a z\u00e1rove\u0148 roz\u0161\u00ed\u0159it mo\u017enosti klient\u016f, jak \u010derpat finan\u010dn\u00ed prost\u0159edky, je dnes prokazateln\u011b spln\u011bn, pokud \u010dtvrt milionu lid\u00ed tento zp\u016fsob vyu\u017e\u00edv\u00e1,\u201c uzav\u00edr\u00e1 Dr\u00e1bek.<\/p>\n<p>\u010cesk\u00fd rozhlas<\/p>\n","protected":false},"excerpt":{"rendered":"<div class=\"mh-excerpt\"><p>sKarty jsou a\u017e trojn\u00e1sobn\u011b p\u0159edra\u017een\u00e9. V rozhovoru pro Hospod\u00e1\u0159sk\u00e9 noviny to \u0159ekl premi\u00e9r Petr Ne\u010das. Podle n\u011bj na kart\u00e1ch vyd\u011bl\u00e1v\u00e1 firma, kter\u00e1 dod\u00e1v\u00e1 platebn\u00ed syst\u00e9m <a class=\"mh-excerpt-more\" href=\"https:\/\/www.invarena.cz\/?p=3717\" title=\"Ne\u010das: Trojn\u00e1sobn\u011b p\u0159edra\u017een\u00e9 sKarty\">[&#8230;]<\/a><\/p>\n<\/div>","protected":false},"author":1,"featured_media":554,"comment_status":"open","ping_status":"open","sticky":false,"template":"","format":"standard","meta":{"footnotes":""},"categories":[6],"tags":[],"class_list":["post-3717","post","type-post","status-publish","format-standard","has-post-thumbnail","hentry","category-politika"],"_links":{"self":[{"href":"https:\/\/www.invarena.cz\/index.php?rest_route=\/wp\/v2\/posts\/3717","targetHints":{"allow":["GET"]}}],"collection":[{"href":"https:\/\/www.invarena.cz\/index.php?rest_route=\/wp\/v2\/posts"}],"about":[{"href":"https:\/\/www.invarena.cz\/index.php?rest_route=\/wp\/v2\/types\/post"}],"author":[{"embeddable":true,"href":"https:\/\/www.invarena.cz\/index.php?rest_route=\/wp\/v2\/users\/1"}],"replies":[{"embeddable":true,"href":"https:\/\/www.invarena.cz\/index.php?rest_route=%2Fwp%2Fv2%2Fcomments&post=3717"}],"version-history":[{"count":0,"href":"https:\/\/www.invarena.cz\/index.php?rest_route=\/wp\/v2\/posts\/3717\/revisions"}],"wp:featuredmedia":[{"embeddable":true,"href":"https:\/\/www.invarena.cz\/index.php?rest_route=\/wp\/v2\/media\/554"}],"wp:attachment":[{"href":"https:\/\/www.invarena.cz\/index.php?rest_route=%2Fwp%2Fv2%2Fmedia&parent=3717"}],"wp:term":[{"taxonomy":"category","embeddable":true,"href":"https:\/\/www.invarena.cz\/index.php?rest_route=%2Fwp%2Fv2%2Fcategories&post=3717"},{"taxonomy":"post_tag","embeddable":true,"href":"https:\/\/www.invarena.cz\/index.php?rest_route=%2Fwp%2Fv2%2Ftags&post=3717"}],"curies":[{"name":"wp","href":"https:\/\/api.w.org\/{rel}","templated":true}]}}