{"id":37200,"date":"2022-03-01T11:18:19","date_gmt":"2022-03-01T10:18:19","guid":{"rendered":"http:\/\/www.invarena.cz\/?p=37200"},"modified":"2022-03-01T11:18:20","modified_gmt":"2022-03-01T10:18:20","slug":"handicapem-zivot-rozhodne-nekonci-ukazuje-vystava-v-liberci","status":"publish","type":"post","link":"https:\/\/www.invarena.cz\/?p=37200","title":{"rendered":"Handicapem \u017eivot rozhodn\u011b nekon\u010d\u00ed, ukazuje v\u00fdstava v Liberci"},"content":{"rendered":"\n<p>Tematickou v\u00fdstavu Sportovn\u00edho klubu voz\u00ed\u010dk\u00e1\u0159\u016f Praha ze sv\u011bta handicapovan\u00fdch uvede libereck\u00e1 SAREMA v Jedli\u010dkov\u011b \u00fastavu. Vernis\u00e1\u017e v\u00fdstavy prob\u011bhne 1. b\u0159ezna od 10 hodin, v\u00fdstava s n\u00e1zvem potrv\u00e1 do konce dubna. V\u00fdstavu spole\u010dn\u011b uvedou organiz\u00e1torka Michaela Krunclov\u00e1, \u0159editel za\u0159\u00edzen\u00ed SAREMA Jan Lorenc a starostka \u010cesk\u00e9 L\u00edpy Jitka Volfov\u00e1.<\/p>\n\n\n\n<p>Sportovn\u00ed klub voz\u00ed\u010dk\u00e1\u0159\u016f Praha (SKV-Praha) po\u0159\u00e1d\u00e1 putovn\u00ed v\u00fdstavu k v\u00fdro\u010d\u00ed 30 let od sv\u00e9ho vzniku. Velkoform\u00e1tov\u00e9 fotografie poutav\u011b zachycuj\u00ed, \u017ee mnoho bari\u00e9r je pouze v na\u0161ich mysl\u00edch. Sn\u00edmky dokumentuj\u00ed radost ze \u017eivota v pohybu, siln\u00e9 p\u0159\u00edb\u011bhy a nezlomnost lidsk\u00e9ho ducha.<\/p>\n\n\n\n<p>\u201eFotografie jsou pr\u016f\u0159ezem \u0161irok\u00e9 \u010dinnosti a odvahy \u010dlen\u016f na\u0161eho klubu, kte\u0159\u00ed pomoc\u00ed sportu ukazuj\u00ed, \u017ee s handicapem \u017eivot rozhodn\u011b nekon\u010d\u00ed. Na v\u00fdstav\u011b budou k vid\u011bn\u00ed d\u00edla n\u011bkolika fotograf\u016f, kte\u0159\u00ed maj\u00ed spr\u00e1vn\u00e9 oko zachytit cenn\u00e9 okam\u017eiky sportovn\u00edch \u017eivot\u016f t\u011blesn\u011b handicapovan\u00fdch,\u201c \u0159\u00edk\u00e1 Michaela Krunclov\u00e1, p\u0159edsedkyn\u011b organizace.<\/p>\n\n\n\n<p>Slu\u017eeb odborn\u00edk\u016f, jako jsou fyzioterapeut\u00e9, ergoterapeut\u00e9 \u010di klini\u010dt\u00ed logopedi, lid\u00e9 se speci\u00e1ln\u00edmi pot\u0159ebami dlouhodob\u011b vyu\u017e\u00edvaj\u00ed. Proto je v\u00fdstava um\u00edst\u011bna do prostor Jedli\u010dkova \u00fastavu, v r\u00e1mci n\u011bho\u017e p\u016fsob\u00ed libereck\u00e9 specializovan\u00e9 centrum SAREMA, ve kter\u00e9m tyto slu\u017eby vyu\u017e\u00edvaj\u00ed. Nejen klienti centra, ale i \u0161irok\u00e1 ve\u0159ejnost se bude moci d\u00edky vystaven\u00fdm fotografi\u00edm a p\u0159\u00edb\u011bh\u016fm p\u0159esv\u011bd\u010dit, \u017ee \u017eivot na voz\u00ed\u010dku nekon\u010d\u00ed a naopak mohou motivovat k mnoha volno\u010dasov\u00fdm a sportovn\u00edm aktivit\u00e1m.<\/p>\n\n\n\n<p>\u201eJako poskytovatel odborn\u00fdch neurorehabilita\u010dn\u00edch slu\u017eeb spolupracujeme se v\u0161emi regiony Libereck\u00e9ho kraje. M\u00e1m radost, \u017ee m\u011bsto \u010cesk\u00e1 L\u00edpa chce t\u00e9to skupin\u011b pacient\u016f pomoci, jako tomu bylo nap\u0159\u00edklad v projektu And\u011blsk\u00e1 k\u0159\u00eddla,\u201c \u0159\u00edk\u00e1 Jan Lorenc z centra SAREMA.<\/p>\n\n\n\n<p>Sportovn\u00ed klub voz\u00ed\u010dk\u00e1\u0159\u016f Praha, kter\u00fd si letos p\u0159ipom\u00edn\u00e1 t\u0159icetiletou historii, vytv\u00e1\u0159\u00ed \u0161irok\u00e9 z\u00e1zem\u00ed t\u011blesn\u011b handicapovan\u00fdm sportovc\u016fm na rekrea\u010dn\u00ed i vrcholov\u00e9 \u00farovni. Za dobu sv\u00e9 existence se rozrostl z mal\u00e9 pra\u017esk\u00e9 organizace, kter\u00e9 nab\u00edzela jen mo\u017enost stoln\u00edho tenisu, do siln\u00e9 organizace se sedmi sportovn\u00edmi odd\u00edly s celorepublikovou p\u016fsobnost\u00ed.<\/p>\n\n\n\n<p>V\u00fdstavu m\u016f\u017eete nav\u0161t\u00edvit ka\u017ed\u00fd v\u0161edn\u00ed den, od 1. b\u0159ezna do konce dubna v \u010dase od 8 do 15:30 hodin v p\u0159\u00edzem\u00ed Jedli\u010dkova \u00fastavu, ulice Lu\u017eick\u00e1 920\/7, Liberec. Vstupn\u00e9 je dobrovoln\u00e9. V\u00edce informac\u00ed na www.slavime30let.cz a www.sarema.cz.<\/p>\n\n\n\n<p>Roman Hr\u016fza<\/p>\n\n\n\n<p>Libereck\u00fd den\u00edk<\/p>\n\n\n\n<p><a href=\"https:\/\/liberecky.denik.cz\/\" target=\"_blank\" rel=\"noreferrer noopener\">https:\/\/liberecky.denik.cz\/<\/a><\/p>\n","protected":false},"excerpt":{"rendered":"<div class=\"mh-excerpt\"><p>Tematickou v\u00fdstavu Sportovn\u00edho klubu voz\u00ed\u010dk\u00e1\u0159\u016f Praha ze sv\u011bta handicapovan\u00fdch uvede libereck\u00e1 SAREMA v Jedli\u010dkov\u011b \u00fastavu. Vernis\u00e1\u017e v\u00fdstavy prob\u011bhne 1. b\u0159ezna od 10 hodin, v\u00fdstava s <a class=\"mh-excerpt-more\" href=\"https:\/\/www.invarena.cz\/?p=37200\" title=\"Handicapem \u017eivot rozhodn\u011b nekon\u010d\u00ed, ukazuje v\u00fdstava v Liberci\">[&#8230;]<\/a><\/p>\n<\/div>","protected":false},"author":1,"featured_media":4060,"comment_status":"open","ping_status":"closed","sticky":false,"template":"","format":"standard","meta":{"footnotes":""},"categories":[9],"tags":[],"class_list":["post-37200","post","type-post","status-publish","format-standard","has-post-thumbnail","hentry","category-zpravy"],"_links":{"self":[{"href":"https:\/\/www.invarena.cz\/index.php?rest_route=\/wp\/v2\/posts\/37200","targetHints":{"allow":["GET"]}}],"collection":[{"href":"https:\/\/www.invarena.cz\/index.php?rest_route=\/wp\/v2\/posts"}],"about":[{"href":"https:\/\/www.invarena.cz\/index.php?rest_route=\/wp\/v2\/types\/post"}],"author":[{"embeddable":true,"href":"https:\/\/www.invarena.cz\/index.php?rest_route=\/wp\/v2\/users\/1"}],"replies":[{"embeddable":true,"href":"https:\/\/www.invarena.cz\/index.php?rest_route=%2Fwp%2Fv2%2Fcomments&post=37200"}],"version-history":[{"count":0,"href":"https:\/\/www.invarena.cz\/index.php?rest_route=\/wp\/v2\/posts\/37200\/revisions"}],"wp:featuredmedia":[{"embeddable":true,"href":"https:\/\/www.invarena.cz\/index.php?rest_route=\/wp\/v2\/media\/4060"}],"wp:attachment":[{"href":"https:\/\/www.invarena.cz\/index.php?rest_route=%2Fwp%2Fv2%2Fmedia&parent=37200"}],"wp:term":[{"taxonomy":"category","embeddable":true,"href":"https:\/\/www.invarena.cz\/index.php?rest_route=%2Fwp%2Fv2%2Fcategories&post=37200"},{"taxonomy":"post_tag","embeddable":true,"href":"https:\/\/www.invarena.cz\/index.php?rest_route=%2Fwp%2Fv2%2Ftags&post=37200"}],"curies":[{"name":"wp","href":"https:\/\/api.w.org\/{rel}","templated":true}]}}