{"id":37206,"date":"2022-03-01T11:44:28","date_gmt":"2022-03-01T10:44:28","guid":{"rendered":"http:\/\/www.invarena.cz\/?p=37206"},"modified":"2022-03-01T11:44:29","modified_gmt":"2022-03-01T10:44:29","slug":"cesi-stale-tloustnou-covid-trendu-napomohl-odbornici-proto-spojuji-sve-sily-aby-s-obezitou-bojovali","status":"publish","type":"post","link":"https:\/\/www.invarena.cz\/?p=37206","title":{"rendered":"\u010ce\u0161i st\u00e1le tloustnou, covid trendu napomohl! Odborn\u00edci proto spojuj\u00ed sv\u00e9 s\u00edly, aby s\u00a0obezitou bojovali"},"content":{"rendered":"\n<p><strong>Praha, 1. 3. 2022 \u2013 Nadv\u00e1hou, nebo dokonce obezitou trp\u00ed v\u00edce ne\u017e polovina \u010cech\u016f, a dr\u017e\u00ed se tak na vrcholu evropsk\u00e9ho \u017eeb\u0159\u00ed\u010dku \u2013 \u010de\u0161t\u00ed mu\u017ei jsou dokonce t\u0159et\u00ed, co se nadv\u00e1hy t\u00fd\u010de. <\/strong><strong>Situaci zhor\u0161ila opat\u0159en\u00ed spojen\u00e1 s\u00a0pandemi\u00ed koronavirua omezen\u00edm pohybu. <\/strong><strong>L\u00e9ka\u0159i proto nyn\u00ed \u010dekaj\u00ed vlnu obezity a z\u00a0n\u00ed plynouc\u00edch zdravotn\u00edch komplikac\u00ed. Bojovat s\u00a0kily hodl\u00e1 nov\u011b zalo\u017een\u00fd spolek Zastavme nadv\u00e1hu a obezitu, slo\u017een\u00fd z\u00a0expert\u016f na pohyb a v\u00fd\u017eivu, diabetolog\u016f \u010di kardiolog\u016f. Vznik\u00e1 symbolicky ve Sv\u011btov\u00fd den obezity, kter\u00fd letos p\u0159ipad\u00e1 na 4. b\u0159ezna.<\/strong><\/p>\n\n\n\n<p>P\u00e9\u010de o pacienty s\u00a0nadv\u00e1hou \u010di obezitou je podle odborn\u00edk\u016f v\u00a0\u010cesku rozt\u0159\u00ed\u0161t\u011bn\u00e1. Zat\u00edmco t\u011b\u017ece a\u017e morbidn\u011b ob\u00e9zn\u00edm pacient\u016fm se dost\u00e1v\u00e1 skv\u011bl\u00e9 p\u00e9\u010de nap\u0159\u00edklad v\u00a0podob\u011b bariatrick\u00fdch v\u00fdkon\u016f, lid\u00e9 s\u00a0nadv\u00e1hou \u201eproplouvaj\u00ed\u201c syst\u00e9mem bez v\u011bt\u0161\u00ed pozornosti. Stav obezity a nadv\u00e1hy je v\u00a0\u010cesku \u0161patn\u00fd dlouhodob\u011b, situaci ale je\u0161t\u011b zhor\u0161ila pandemie koronaviru. Lid\u00e9 se m\u00e9n\u011b h\u00fdbali a stres zaj\u00eddali nadbyte\u010dn\u00fdm mno\u017estv\u00edm j\u00eddla. Podle specialist\u016f tak \u010cech\u016fm nyn\u00ed hroz\u00ed epidemie obezity. <\/p>\n\n\n\n<p><em>\u201eNejnov\u011bj\u0161\u00ed data ukazuj\u00ed, \u017ee za posledn\u00ed rok ztloustly jeden\u00e1ctilet\u00e9 d\u011bti oproti p\u0159edchoz\u00edm let\u016fm o cel\u00e9 2 % \u2013 to odpov\u00edd\u00e1 v\u00a0pr\u016fm\u011bru p\u0159ibli\u017en\u011b jednomu kilogramu. \u0160patn\u00e9 stravovac\u00ed a pohybov\u00e9 n\u00e1vyky z\u00a0d\u011btstv\u00ed se v\u00a0budoucnu projev\u00ed pr\u00e1v\u011b cukrovkou, zv\u00fd\u0161en\u00fdm tlakem nebo artr\u00f3zou,\u201c<\/em> \u0159\u00edk\u00e1 prof. PhDr. Ji\u0159\u00ed Such\u00fd, Ph.D.,z Fakulty t\u011blesn\u00e9 v\u00fdchovy a sportu Univerzity Karlovy.<\/p>\n\n\n\n<p>Prakticky zde neexistuje systematick\u00e1 p\u00e9\u010de o lidi s\u00a0nadv\u00e1hou.\u00a0C\u00edlem je vytvo\u0159it\u00a0po cel\u00e9 \u010cR s\u00ed\u0165 spolehliv\u00fdch l\u00e9ka\u0159\u016f a odborn\u00edk\u016f, kte\u0159\u00ed by pacient\u016fm pomohli jak \u00fapravou \u017eivotn\u00edho stylu \u010di spr\u00e1vn\u00fdm pohybem, tak \u00fa\u010dinnou l\u00e9\u010dbou. Specialist\u00e9 proto zakl\u00e1daj\u00ed spolek, kter\u00fd sdru\u017e\u00ed odborn\u00edky nap\u0159\u00ed\u010d r\u016fzn\u00fdmi specializacemi. Nadv\u00e1ha nen\u00ed jen probl\u00e9m estetick\u00fd, vede k \u0159ad\u011b z\u00e1va\u017en\u00fdch onemocn\u011bn\u00ed, nap\u0159\u00edklad k cukrovce 2. typu, infarkt\u016fm nebo k po\u0161kozen\u00ed kloub\u016f. <em>\u201eV\u011bt\u0161ina nemoc\u00ed srdce za\u010d\u00edn\u00e1 pr\u00e1v\u011b obezitou. Vy\u0161\u0161\u00ed t\u011blesn\u00e1 hmotnost zvy\u0161uje riziko vzniku srde\u010dn\u00edho selh\u00e1n\u00ed i infarktu,\u201c<\/em> vysv\u011btluje kardiolog MUDr. Ji\u0159\u00ed Vesel\u00fd ze spole\u010dnosti\u00a0EDUMED.<\/p>\n\n\n\n<p>S\u00a0ob\u00e9zn\u00edmi pacienty se ve sv\u00e9 ordinaci denn\u011b setk\u00e1v\u00e1 tak\u00e9 MUDr. Klaudia H\u00e1lov\u00e1-Karoliov\u00e1 z\u00a0Endokrinologick\u00e9ho \u00fastavu v Praze, kter\u00e1 vn\u00edm\u00e1 pr\u00e1v\u011b \u00fazkou souvislost vztahu mezi cukrovkou, endokrinologick\u00fdmi poruchami a v\u00a0sou\u010dasnosti se roz\u0161i\u0159uj\u00edc\u00ed obezitou. <em>\u201eDo spolku jsem se rozhodla zapojit proto, \u017ee obezitu a j\u00ed p\u0159edch\u00e1zej\u00edc\u00ed nadv\u00e1hu vn\u00edm\u00e1m jako z\u00e1va\u017en\u00e9 a bohu\u017eel i velice roz\u0161\u00ed\u0159en\u00e9 onemocn\u011bn\u00ed. T\u00edm, \u017ee se budeme sna\u017eit zachytit pacienty v\u00a0po\u010d\u00e1te\u010dn\u00edch f\u00e1z\u00edch, zabr\u00e1n\u00edme p\u0159\u00edpadn\u00fdm komplikac\u00edm, jako je pr\u00e1v\u011b diabetes,\u201c<\/em> popisuje l\u00e9ka\u0159ka a dod\u00e1v\u00e1: <em>\u201ePacienti kila nav\u00edc t\u011b\u017ece nesou tak\u00e9 psychicky a \u010dasto kv\u016fli nim trp\u00ed depresemi a\u00a0\u00fazkostn\u00fdmi stavy. Je t\u0159eba jim nab\u00eddnout efektivn\u00ed a systematickou pomoc.\u201c<\/em><\/p>\n\n\n\n<p>V\u00a0bl\u00edzk\u00e9 budoucnosti by tak m\u011bl vzniknout nap\u0159\u00edklad web, kde by si lid\u00e9 na\u0161li ov\u011b\u0159en\u00e9ho, certifikovan\u00e9ho experta v\u00a0m\u00edst\u011b sv\u00e9ho bydli\u0161t\u011b. S\u00a0nadv\u00e1hou \u010desk\u00e9 populace by pak krom\u011b l\u00e9ka\u0159\u016f m\u011bly zabojovat i fitness centra, potravin\u00e1\u0159sk\u00e9 \u0159et\u011bzce \u010di zdravotn\u00ed poji\u0161\u0165ovny.\u00a0<em>\u201e\u010ce\u0161i se ve srovn\u00e1n\u00ed s\u00a0Evropou neh\u00fdbou a to se odr\u00e1\u017e\u00ed v tom, jak vypadaj\u00ed. D\u016fle\u017eit\u00e9 je zabr\u00e1nit tomu, aby lid\u00e9 kon\u010dili v\u00a0rukou nev\u011brohodn\u00fdch v\u00fd\u017eivov\u00fdch poradc\u016f nebo v\u00fdrobc\u016f \u201azaru\u010den\u00fdch\u2018 dopl\u0148k\u016f k hubnut\u00ed,&#8220;<\/em>\u00a0\u0159\u00edk\u00e1 prof.\u00a0Ji\u0159\u00ed Such\u00fd. Inspiraci pro dal\u0161\u00ed kroky spolek Zastavme nadv\u00e1hu a obezitu nach\u00e1z\u00ed p\u0159edev\u0161\u00edm v\u00a0seversk\u00fdch st\u00e1tech, kter\u00fdm se s\u00a0kilogramy nav\u00edc da\u0159\u00ed \u00fasp\u011b\u0161n\u011b bojovat.<\/p>\n\n\n\n<p>Tiskov\u00e1 zpr\u00e1va<\/p>\n","protected":false},"excerpt":{"rendered":"<div class=\"mh-excerpt\"><p>Praha, 1. 3. 2022 \u2013 Nadv\u00e1hou, nebo dokonce obezitou trp\u00ed v\u00edce ne\u017e polovina \u010cech\u016f, a dr\u017e\u00ed se tak na vrcholu evropsk\u00e9ho \u017eeb\u0159\u00ed\u010dku \u2013 \u010de\u0161t\u00ed mu\u017ei <a class=\"mh-excerpt-more\" href=\"https:\/\/www.invarena.cz\/?p=37206\" title=\"\u010ce\u0161i st\u00e1le tloustnou, covid trendu napomohl! Odborn\u00edci proto spojuj\u00ed sv\u00e9 s\u00edly, aby s\u00a0obezitou bojovali\">[&#8230;]<\/a><\/p>\n<\/div>","protected":false},"author":1,"featured_media":29173,"comment_status":"open","ping_status":"closed","sticky":false,"template":"","format":"standard","meta":{"footnotes":""},"categories":[9],"tags":[],"class_list":["post-37206","post","type-post","status-publish","format-standard","has-post-thumbnail","hentry","category-zpravy"],"_links":{"self":[{"href":"https:\/\/www.invarena.cz\/index.php?rest_route=\/wp\/v2\/posts\/37206","targetHints":{"allow":["GET"]}}],"collection":[{"href":"https:\/\/www.invarena.cz\/index.php?rest_route=\/wp\/v2\/posts"}],"about":[{"href":"https:\/\/www.invarena.cz\/index.php?rest_route=\/wp\/v2\/types\/post"}],"author":[{"embeddable":true,"href":"https:\/\/www.invarena.cz\/index.php?rest_route=\/wp\/v2\/users\/1"}],"replies":[{"embeddable":true,"href":"https:\/\/www.invarena.cz\/index.php?rest_route=%2Fwp%2Fv2%2Fcomments&post=37206"}],"version-history":[{"count":0,"href":"https:\/\/www.invarena.cz\/index.php?rest_route=\/wp\/v2\/posts\/37206\/revisions"}],"wp:featuredmedia":[{"embeddable":true,"href":"https:\/\/www.invarena.cz\/index.php?rest_route=\/wp\/v2\/media\/29173"}],"wp:attachment":[{"href":"https:\/\/www.invarena.cz\/index.php?rest_route=%2Fwp%2Fv2%2Fmedia&parent=37206"}],"wp:term":[{"taxonomy":"category","embeddable":true,"href":"https:\/\/www.invarena.cz\/index.php?rest_route=%2Fwp%2Fv2%2Fcategories&post=37206"},{"taxonomy":"post_tag","embeddable":true,"href":"https:\/\/www.invarena.cz\/index.php?rest_route=%2Fwp%2Fv2%2Ftags&post=37206"}],"curies":[{"name":"wp","href":"https:\/\/api.w.org\/{rel}","templated":true}]}}