{"id":37227,"date":"2022-03-03T11:44:55","date_gmt":"2022-03-03T10:44:55","guid":{"rendered":"http:\/\/www.invarena.cz\/?p=37227"},"modified":"2022-03-03T11:44:56","modified_gmt":"2022-03-03T10:44:56","slug":"neziskovka-tichy-svet-pomaha-prekonavat-bariery-v-komunikaci","status":"publish","type":"post","link":"https:\/\/www.invarena.cz\/?p=37227","title":{"rendered":"Neziskovka Tich\u00fd sv\u011bt pom\u00e1h\u00e1 p\u0159ekon\u00e1vat bari\u00e9ry v komunikaci"},"content":{"rendered":"\n<p>Koronavirov\u00e1 pandemie zna\u010dn\u011b komplikuje \u017eivot lidem se sn\u00ed\u017eenou kvalitou sluchu. Kv\u016fli povinn\u00e9 ochran\u011b nosu a \u00fast nemohou odez\u00edrat ze rt\u016f a komunikace je tak pro n\u011b v ka\u017edodenn\u00edm sv\u011bt\u011b tou nejv\u011bt\u0161\u00ed p\u0159ek\u00e1\u017ekou. Denn\u011b pot\u0159ebuj\u00ed vy\u0159izovat r\u016fzn\u00e9 v\u011bci, a\u0165 u\u017e se jedn\u00e1 o n\u00e1kupy nebo domluvu s \u00fa\u0159ady. S t\u00edm jim pom\u00e1h\u00e1 neziskov\u00e1 organizace Tich\u00fd sv\u011bt.<\/p>\n\n\n\n<p>Sly\u0161\u00edc\u00ed \u010dlov\u011bk je zvykl\u00fd si n\u011bkam doj\u00edt, osobn\u011b se domluvit nebo vz\u00edt telefon a vy\u0159\u00eddit svou z\u00e1le\u017eitost za p\u00e1r minut. Pro osoby se sluchov\u00fdm posti\u017een\u00edm to ale m\u016f\u017ee b\u00fdt opravdov\u00fdm probl\u00e9mem, a pr\u00e1v\u011b tady m\u016f\u017ee pomoci slu\u017eba Tich\u00e9 linky. Jak takov\u00e1 pomoc vypad\u00e1? Redaktorka Den\u00edku spole\u010dn\u011b se znakuj\u00edc\u00ed konzultantkou Tich\u00e9ho sv\u011bta Michaelou Jirotkovou pro\u0161la n\u011bkolik \u00fa\u0159ad\u016f, kde klienti nej\u010dast\u011bji vyhled\u00e1vaj\u00ed pomoc.<\/p>\n\n\n\n<p>\u201eV r\u00e1mci soci\u00e1ln\u00edch slu\u017eeb Tich\u00e9ho sv\u011bta nab\u00edz\u00edme podporu osob\u00e1m se sluchov\u00fdm posti\u017een\u00edm p\u0159i vy\u0159izov\u00e1n\u00ed \u017e\u00e1dost\u00ed o p\u0159\u00edsp\u011bvky a tak\u00e9 poradenstv\u00ed, jak postupovat p\u0159i \u0159e\u0161en\u00ed ztr\u00e1ty sluchu. Krom\u011b toho poskytujeme pomoc p\u0159i n\u00e1v\u0161t\u011bv\u011b \u00fa\u0159ad\u016f, nemocnic nebo podporu p\u0159i \u0159e\u0161en\u00ed \u017eivotn\u00edch ud\u00e1lost\u00ed,\u201c p\u0159edstavila mo\u017enosti, kter\u00e9 nab\u00edzej\u00ed klient\u016fm konzultantka Michaela Jirotkov\u00e1.<\/p>\n\n\n\n<p>V\u0161e za\u010d\u00edn\u00e1 na pobo\u010dce Tich\u00e9ho sv\u011bta v Pardubic\u00edch v ulici Jana Palacha, kde klienta p\u0159iv\u00edt\u00e1 usm\u011bvav\u00fd a p\u0159\u00edjemn\u00fd person\u00e1l. Pomoc\u00ed znakov\u00e9ho jazyka se domluv\u00ed s konzultantkou, co pot\u0159ebuj\u00ed.<\/p>\n\n\n\n<p>Tich\u00e1 linka funguje bu\u010f prost\u0159ednictv\u00edm aplikace v mobiln\u00edm telefonu nebo tak\u00e9 na webov\u00e9m rozhran\u00ed www.tichalinka.cz. Klient si zde m\u016f\u017ee vybrat podle sv\u00fdch preferenc\u00ed bu\u010f online tlumo\u010den\u00ed znakov\u00e9ho jazyka, nebo online p\u0159epis mluven\u00e9 \u0159e\u010di. \u201eU\u017eivatel si dle sv\u00fdch komunika\u010dn\u00edch preferenc\u00ed zvol\u00ed vhodnou slu\u017ebu a podle toho se spoj\u00ed bu\u010f s tlumo\u010dn\u00edkem znakov\u00e9ho jazyka, nebo s p\u0159episovatelem mluven\u00e9 \u0159e\u010di. Pokud up\u0159ednost\u0148uje komunikaci ve znakov\u00e9m jazyce, spoj\u00ed se s tlumo\u010dn\u00edkem prost\u0159ednictv\u00edm videohovoru. Pokud \u010de\u0161tinu, spoj\u00ed se s p\u0159episovatelem skrze textov\u00e9 okno. Tlumo\u010dn\u00edk \u010di p\u0159episovatel potom simult\u00e1nn\u011b zprost\u0159edkuje telefonickou nebo osobn\u00ed komunikaci se sly\u0161\u00edc\u00edm,\u201c popsala Jirotkov\u00e1 fungov\u00e1n\u00ed linky, kter\u00e1 je dostupn\u00e1 zdarma 24 hodin denn\u011b.<\/p>\n\n\n\n<p>Tlumo\u010dn\u00edci pom\u00e1haj\u00ed se v\u0161emi pot\u0159ebami nesly\u0161\u00edc\u00edch. \u201eT\u0159eba se mohou p\u0159es tlumo\u010dn\u00edka spojit s l\u00e9ka\u0159em a objednat se. Nebo kdy\u017e nesly\u0161\u00edc\u00ed pot\u0159ebuje zavolat do pr\u00e1ce, \u017ee nep\u0159ijde, proto\u017ee onemocn\u011bl, tak m\u016f\u017ee tak\u00e9 vyu\u017e\u00edt Tichou linku,\u201c \u0159ekla Jirotkov\u00e1.<\/p>\n\n\n\n<p>Na \u00fa\u0159adech, kter\u00e9 Den\u00edk s konzultantkou nav\u0161t\u00edvil, napom\u00e1h\u00e1 klient\u016fm s orientac\u00ed r\u016f\u017eov\u00e1 samolepka nalepen\u00e1 na vchodov\u00fdch dve\u0159\u00edch \u00fa\u0159adu s informacemi, kde se tablet Tich\u00e9 linky nach\u00e1z\u00ed. \u201eV Pardubick\u00e9m kraji m\u00e1me zhruba 20 m\u00edst, kde Tichou linku pou\u017e\u00edvaj\u00ed p\u0159\u00edmo na \u00fa\u0159adech, kde jsou za\u0161kolen\u00ed pracovn\u00edci, kte\u0159\u00ed um\u00ed pou\u017e\u00edvat Tichou linku a znaj\u00ed z\u00e1sady komunikace s osobami se sluchov\u00fdm posti\u017een\u00edm,\u201c informovala konzultantka s t\u00edm, \u017ee se po\u010det takov\u00fdch \u00fa\u0159ad\u016f st\u00e1le zvy\u0161uje. \u201e\u00da\u0159ady maj\u00ed z\u00e1jem o bezbari\u00e9rovost a spolupracuj\u00ed s n\u00e1mi,\u201c doplnila Jirotkov\u00e1.<\/p>\n\n\n\n<p>V Pardubick\u00e9m kraji vyu\u017e\u00edvaj\u00ed slu\u017ebu t\u0159eba m\u011bstsk\u00e9 \u00fa\u0159ady, \u00fa\u0159ady pr\u00e1ce \u010di nemocnice. Nap\u0159\u00edklad v Pardubic\u00edch na \u00da\u0159adu pr\u00e1ce v Jir\u00e1skov\u011b ulici r\u016f\u017eov\u00e1 samolepka navede klienta od vchodov\u00fdch dve\u0159\u00ed a\u017e ke konkr\u00e9tn\u00ed kancel\u00e1\u0159i, kde se nach\u00e1z\u00ed za\u0161kolen\u00fd pracovn\u00edk a kde je um\u00edst\u011bn tablet s Tichou linkou. Zde se pak za zav\u0159en\u00fdmi dve\u0159mi domluv\u00ed na tom, co klient pot\u0159ebuje.<\/p>\n\n\n\n<p>\u201eJe dobr\u00e9 v\u011bd\u011bt, \u017ee p\u0159i komunikaci, u kter\u00e9 je p\u0159\u00edtomen tlumo\u010dn\u00edk, bychom st\u00e1le m\u011bli udr\u017eovat o\u010dn\u00ed kontakt s klientem, se kter\u00fdm se domlouv\u00e1me, ne s tlumo\u010dn\u00edkem\u201c upozornila Jirotkov\u00e1.<\/p>\n\n\n\n<p>&#8212;&#8211;<\/p>\n\n\n\n<p>Tich\u00e1 linka je zavedena na v\u00edce ne\u017e na 300 m\u00edstech po cel\u00e9 \u010cesk\u00e9 republice. U ka\u017ed\u00e9ho m\u00edsta najdete informace, kde je za\u0159\u00edzen\u00ed s Tichou linkou v budov\u011b um\u00edst\u011bno. Mapu m\u00edst, kde m\u016f\u017eete vyu\u017e\u00edt Tichou linku, najdete zde: <a href=\"https:\/\/www.google.com\/maps\/d\/u\/0\/viewer?mid=1ZDDyFpmEUGoznDF0K5f1LPEsWMxqRmIx&amp;ll=49.79786638461126%2C15.452106399999934&amp;z=7\" target=\"_blank\" rel=\"noreferrer noopener\">https:\/\/www.google.com\/maps\/d\/u\/0\/viewer?mid=1ZDDyFpmEUGoznDF0K5f1LPEsWMxqRmIx&amp;ll=49.79786638461126%2C15.452106399999934&amp;z=7<\/a><\/p>\n\n\n\n<p>Kl\u00e1ra Karasaridu<\/p>\n\n\n\n<p>Pardubick\u00fd den\u00edk<\/p>\n\n\n\n<p><a href=\"https:\/\/pardubicky.denik.cz\/\" data-type=\"URL\" data-id=\"https:\/\/pardubicky.denik.cz\/\" target=\"_blank\" rel=\"noreferrer noopener\">https:\/\/pardubicky.de<\/a><a href=\"https:\/\/pardubicky.denik.cz\/\" data-type=\"URL\" data-id=\"https:\/\/pardubicky.denik.cz\/\">nik.cz\/<\/a><\/p>\n","protected":false},"excerpt":{"rendered":"<div class=\"mh-excerpt\"><p>Koronavirov\u00e1 pandemie zna\u010dn\u011b komplikuje \u017eivot lidem se sn\u00ed\u017eenou kvalitou sluchu. Kv\u016fli povinn\u00e9 ochran\u011b nosu a \u00fast nemohou odez\u00edrat ze rt\u016f a komunikace je tak pro <a class=\"mh-excerpt-more\" href=\"https:\/\/www.invarena.cz\/?p=37227\" title=\"Neziskovka Tich\u00fd sv\u011bt pom\u00e1h\u00e1 p\u0159ekon\u00e1vat bari\u00e9ry v komunikaci\">[&#8230;]<\/a><\/p>\n<\/div>","protected":false},"author":1,"featured_media":6341,"comment_status":"open","ping_status":"closed","sticky":false,"template":"","format":"standard","meta":{"footnotes":""},"categories":[9],"tags":[],"class_list":["post-37227","post","type-post","status-publish","format-standard","has-post-thumbnail","hentry","category-zpravy"],"_links":{"self":[{"href":"https:\/\/www.invarena.cz\/index.php?rest_route=\/wp\/v2\/posts\/37227","targetHints":{"allow":["GET"]}}],"collection":[{"href":"https:\/\/www.invarena.cz\/index.php?rest_route=\/wp\/v2\/posts"}],"about":[{"href":"https:\/\/www.invarena.cz\/index.php?rest_route=\/wp\/v2\/types\/post"}],"author":[{"embeddable":true,"href":"https:\/\/www.invarena.cz\/index.php?rest_route=\/wp\/v2\/users\/1"}],"replies":[{"embeddable":true,"href":"https:\/\/www.invarena.cz\/index.php?rest_route=%2Fwp%2Fv2%2Fcomments&post=37227"}],"version-history":[{"count":0,"href":"https:\/\/www.invarena.cz\/index.php?rest_route=\/wp\/v2\/posts\/37227\/revisions"}],"wp:featuredmedia":[{"embeddable":true,"href":"https:\/\/www.invarena.cz\/index.php?rest_route=\/wp\/v2\/media\/6341"}],"wp:attachment":[{"href":"https:\/\/www.invarena.cz\/index.php?rest_route=%2Fwp%2Fv2%2Fmedia&parent=37227"}],"wp:term":[{"taxonomy":"category","embeddable":true,"href":"https:\/\/www.invarena.cz\/index.php?rest_route=%2Fwp%2Fv2%2Fcategories&post=37227"},{"taxonomy":"post_tag","embeddable":true,"href":"https:\/\/www.invarena.cz\/index.php?rest_route=%2Fwp%2Fv2%2Ftags&post=37227"}],"curies":[{"name":"wp","href":"https:\/\/api.w.org\/{rel}","templated":true}]}}