{"id":37256,"date":"2022-03-07T10:30:49","date_gmt":"2022-03-07T09:30:49","guid":{"rendered":"http:\/\/www.invarena.cz\/?p=37256"},"modified":"2022-03-07T10:30:50","modified_gmt":"2022-03-07T09:30:50","slug":"zlinsti-rotariani-oslavili-vyroci-a-pomahali","status":"publish","type":"post","link":"https:\/\/www.invarena.cz\/?p=37256","title":{"rendered":"Zl\u00edn\u0161t\u00ed rotari\u00e1ni oslavili v\u00fdro\u010d\u00ed a pom\u00e1hali"},"content":{"rendered":"\n<p>Zl\u00ednsk\u00fd Rotary klub si v minul\u00e9m t\u00fddnu p\u0159ipom\u00ednal v\u00fdro\u010d\u00ed zalo\u017een\u00ed sv\u011btov\u00e9ho hnut\u00ed Rotary. V r\u00e1mci t\u00e9to p\u0159\u00edle\u017eitosti p\u0159i sv\u00e9m pravideln\u00e9m setk\u00e1n\u00ed v Ba\u0165ov\u011b vile podpo\u0159il organizaci pom\u00e1haj\u00edc\u00ed p\u0159i p\u00e9\u010di o d\u011bti s poruchou autistick\u00e9ho spektra. Z rukou leto\u0161n\u00edho prezidenta klubu Vladim\u00edra Pol\u00e1\u0161ka p\u0159ebrala p\u0159edsedkyn\u011b spolku Za sklem pan\u00ed Marta Pe\u010de\u0148ov\u00e1 \u0161ek na 20 tis\u00edc korun.<\/p>\n\n\n\n<p>T\u00fdden v\u00fdro\u010d\u00ed zalo\u017een\u00ed Rotary je t\u00e9\u017e pova\u017eov\u00e1n za T\u00fdden mezin\u00e1rodn\u00edho m\u00edru a porozum\u011bn\u00ed. Konkr\u00e9tn\u011b 23.2. tomu bylo 117 let, co Paul Harris zalo\u017eil Rotary International v americk\u00e9m Chicagu. B\u011bhem tohoto t\u00fddne si rotari\u00e1ni po cel\u00e9m sv\u011bt\u011b slavnostn\u011b p\u0159ipom\u00ednaj\u00ed slu\u017eby a pomoc, kter\u00e9 vykon\u00e1vaj\u00ed. Svou aktivitu pak zam\u011b\u0159uj\u00ed na programy m\u00edru, porozum\u011bn\u00ed a dobr\u00e9 v\u016fle. Rotary International dnes sdru\u017euje v p\u0159ibli\u017en\u011b 46 tis\u00edc\u00edch klubech okolo 1,4 milionu \u010dlen\u016f.<\/p>\n\n\n\n<p>Zl\u00ednsk\u00fd Rotary klub ka\u017edoro\u010dn\u011b podporuje \u0159adu prosp\u011b\u0161n\u00fdch organizac\u00ed ze zl\u00ednsk\u00e9ho regionu. V leto\u0161n\u00edm rotari\u00e1nsk\u00e9m roce rozd\u011blil ji\u017e v\u00edce ne\u017e 200 tis\u00edc korun v\u010detn\u011b podpory lid\u00ed posti\u017een\u00fdch ni\u010div\u00fdm torn\u00e1dem na ji\u017en\u00ed Morav\u011b. \u201eP\u0159i na\u0161em posledn\u00edm zased\u00e1n\u00ed byla z navr\u017een\u00fdch c\u00edl\u016f podpory vybr\u00e1na organizace Za sklem, zab\u00fdvaj\u00edc\u00ed se p\u00e9\u010d\u00ed o autistick\u00e9 d\u011bti a pomoc\u00ed jejich rodi\u010d\u016fm. P\u0159edstavitel\u00e9 na\u0161eho klubu p\u0159ed ud\u011blen\u00edm t\u00e9to podpory organizaci nav\u0161t\u00edvili a velmi kvitovali \u00farove\u0148 z\u00e1zem\u00ed a slu\u017eeb, kter\u00e9 Za sklem poskytuje,\u201c sd\u011blil prezident Rotary Zl\u00edn klubu Vladim\u00edr Pol\u00e1\u0161ek<\/p>\n\n\n\n<p>Rotari\u00e1nsk\u00fd rok kon\u010d\u00ed v\u017edy s koncem \u010dervna roku kalend\u00e1\u0159n\u00edho. Do konce toho leto\u0161n\u00edho \u010dek\u00e1 zl\u00ednsk\u00e9 rotari\u00e1ny je\u0161t\u011b jedna mimo\u0159\u00e1dn\u00e1 ud\u00e1lost. A sice konference distriktu rotary 2240, tedy setk\u00e1n\u00ed v\u0161ech \u010deskoslovensk\u00fdch Rotary klub\u016f. S t\u00edm bude spojena sb\u00edrka ve prosp\u011bch podpory d\u011bt\u00ed opou\u0161t\u011bj\u00edc\u00edch d\u011btsk\u00e9 domovy. Nad\u00e1le se tedy napl\u0148uje motto prezidenta Rotary International Sekhara Mehry: \u201ePom\u00e1h\u00e1me m\u011bnit \u017eivoty.&#8220; (\u201eServe to change lives\u201c).<\/p>\n\n\n\n<p>Luk\u00e1\u0161 \u017daludek<\/p>\n\n\n\n<p>Zl\u00ednsk\u00fd den\u00edk<\/p>\n\n\n\n<p><a href=\"https:\/\/zlinsky.denik.cz\/\" target=\"_blank\" rel=\"noreferrer noopener\">https:\/\/zlinsky.denik.cz\/<\/a><\/p>\n","protected":false},"excerpt":{"rendered":"<div class=\"mh-excerpt\"><p>Zl\u00ednsk\u00fd Rotary klub si v minul\u00e9m t\u00fddnu p\u0159ipom\u00ednal v\u00fdro\u010d\u00ed zalo\u017een\u00ed sv\u011btov\u00e9ho hnut\u00ed Rotary. V r\u00e1mci t\u00e9to p\u0159\u00edle\u017eitosti p\u0159i sv\u00e9m pravideln\u00e9m setk\u00e1n\u00ed v Ba\u0165ov\u011b vile podpo\u0159il <a class=\"mh-excerpt-more\" href=\"https:\/\/www.invarena.cz\/?p=37256\" title=\"Zl\u00edn\u0161t\u00ed rotari\u00e1ni oslavili v\u00fdro\u010d\u00ed a pom\u00e1hali\">[&#8230;]<\/a><\/p>\n<\/div>","protected":false},"author":1,"featured_media":18794,"comment_status":"open","ping_status":"closed","sticky":false,"template":"","format":"standard","meta":{"footnotes":""},"categories":[9],"tags":[],"class_list":["post-37256","post","type-post","status-publish","format-standard","has-post-thumbnail","hentry","category-zpravy"],"_links":{"self":[{"href":"https:\/\/www.invarena.cz\/index.php?rest_route=\/wp\/v2\/posts\/37256","targetHints":{"allow":["GET"]}}],"collection":[{"href":"https:\/\/www.invarena.cz\/index.php?rest_route=\/wp\/v2\/posts"}],"about":[{"href":"https:\/\/www.invarena.cz\/index.php?rest_route=\/wp\/v2\/types\/post"}],"author":[{"embeddable":true,"href":"https:\/\/www.invarena.cz\/index.php?rest_route=\/wp\/v2\/users\/1"}],"replies":[{"embeddable":true,"href":"https:\/\/www.invarena.cz\/index.php?rest_route=%2Fwp%2Fv2%2Fcomments&post=37256"}],"version-history":[{"count":0,"href":"https:\/\/www.invarena.cz\/index.php?rest_route=\/wp\/v2\/posts\/37256\/revisions"}],"wp:featuredmedia":[{"embeddable":true,"href":"https:\/\/www.invarena.cz\/index.php?rest_route=\/wp\/v2\/media\/18794"}],"wp:attachment":[{"href":"https:\/\/www.invarena.cz\/index.php?rest_route=%2Fwp%2Fv2%2Fmedia&parent=37256"}],"wp:term":[{"taxonomy":"category","embeddable":true,"href":"https:\/\/www.invarena.cz\/index.php?rest_route=%2Fwp%2Fv2%2Fcategories&post=37256"},{"taxonomy":"post_tag","embeddable":true,"href":"https:\/\/www.invarena.cz\/index.php?rest_route=%2Fwp%2Fv2%2Ftags&post=37256"}],"curies":[{"name":"wp","href":"https:\/\/api.w.org\/{rel}","templated":true}]}}