{"id":37262,"date":"2022-03-07T10:52:23","date_gmt":"2022-03-07T09:52:23","guid":{"rendered":"http:\/\/www.invarena.cz\/?p=37262"},"modified":"2022-03-07T10:52:24","modified_gmt":"2022-03-07T09:52:24","slug":"rana-pece-vytvari-s-novym-pristrojem-hmatovou-grafiku-pro-deti","status":"publish","type":"post","link":"https:\/\/www.invarena.cz\/?p=37262","title":{"rendered":"Ran\u00e1 p\u00e9\u010de vytv\u00e1\u0159\u00ed s nov\u00fdm p\u0159\u00edstrojem hmatovou grafiku pro d\u011bti"},"content":{"rendered":"\n<p>St\u0159edisko ran\u00e9 p\u00e9\u010de v Pardubic\u00edch zaji\u0161\u0165uje v r\u00e1mci poskytov\u00e1n\u00ed slu\u017eby ran\u00e1 p\u00e9\u010de podporu v\u00fdvoje d\u011bt\u00ed se zdravotn\u00edm posti\u017een\u00edm v Pardubick\u00e9m kraji.<\/p>\n\n\n\n<p>St\u0159edisko ran\u00e9 p\u00e9\u010de v Pardubic\u00edch o.p.s. zaji\u0161\u0165uje v r\u00e1mci poskytov\u00e1n\u00ed slu\u017eby ran\u00e1 p\u00e9\u010de podporu v\u00fdvoje d\u011bt\u00ed se zdravotn\u00edm posti\u017een\u00edm v Pardubick\u00e9m kraji. Ran\u00e1 p\u00e9\u010de zaji\u0161\u0165uje pomoc rodin\u00e1m s d\u011btmi od narozen\u00ed do 7 let s ohro\u017een\u00fdm v\u00fdvojem, nap\u0159\u00edklad v d\u016fsledku komplikovan\u00e9ho porodu \u010di nedono\u0161enosti. Slu\u017eba je poskytov\u00e1na d\u00e1le d\u011btem s nerovnom\u011brn\u00fdm v\u00fdvojem, s t\u011blesn\u00fdm, ment\u00e1ln\u00edm a kombinovan\u00fdm posti\u017een\u00edm nebo s poruchami autistick\u00e9ho spektra. C\u00edlem ran\u00e9 p\u00e9\u010de je sn\u00ed\u017eit negativn\u00ed vliv posti\u017een\u00ed d\u00edt\u011bte na rodinu, zlep\u0161it v\u00fdvojovou \u00farove\u0148 d\u00edt\u011bte a pos\u00edlit sob\u011bsta\u010dnost rodiny. T\u00fdm St\u0159ediska poskytuje slu\u017ebu ran\u00e1 p\u00e9\u010de zejm\u00e9na ter\u00e9nn\u00ed formou, to znamen\u00e1 p\u0159edev\u0161\u00edm v rodin\u00e1ch.<\/p>\n\n\n\n<p>St\u0159edisko ran\u00e9 p\u00e9\u010de v Pardubic\u00edch o.p.s. pro podporu v\u00fdvoje d\u011bt\u00ed se z\u00e1va\u017en\u00fdm posti\u017een\u00edm zakoupilo v roce 2021 tisk\u00e1rnu reli\u00e9fn\u00edch obr\u00e1zk\u016f PIAF. Je to pom\u016fcka pro v\u00fdrobu hmatov\u00fdch obr\u00e1zk\u016f na speci\u00e1ln\u00ed pap\u00edr. V\u00fdsledn\u00fdm produktem je pak reli\u00e9fn\u00ed obr\u00e1zek, kter\u00fd v\u011brn\u011b kop\u00edruje p\u0159edlohu, a umo\u017e\u0148uje tak ud\u011blat si p\u0159edstavu hmatem o jej\u00edm tvaru \u010di z\u00edskat prostorovou p\u0159edstavu.<\/p>\n\n\n\n<p>Slou\u017e\u00ed k podpo\u0159e v\u00fdvoje d\u011bt\u00ed ji\u017e od p\u0159ed\u0161koln\u00edho v\u011bku nejen se zrakov\u00fdm posti\u017een\u00edm, ale tak\u00e9 s ment\u00e1ln\u00edm posti\u017een\u00edm nebo se zhor\u0161enou grafomotorikou. D\u011bti se mohou zaj\u00edmavou formou sezn\u00e1mit s t\u00edm, co je t\u011b\u017ek\u00e9 popsat slovy, ale jde zn\u00e1zornit obr\u00e1zkem. Tato reli\u00e9fn\u00ed tisk\u00e1rna tak m\u016f\u017ee pomoci d\u011btem se zrakov\u00fdm posti\u017een\u00edm ud\u011blat si p\u0159edstavu o p\u0159edm\u011btech, kter\u00e9 nikdy nevid\u011bly, d\u00edky tomu, \u017ee je mohou vn\u00edmat hmatem pod sv\u00fdmi prsty. K t\u00e9to \u010dinnosti nen\u00ed t\u0159eba znalost Braillova bodov\u00e9ho p\u00edsma. Obrazov\u00fd podklad, kter\u00fd chceme, aby se stal reli\u00e9fn\u00edm, je t\u0159eba nakreslit syt\u011b \u010dernou barvou na speci\u00e1ln\u00ed pap\u00edr. Tak\u00e9 jej lze zhotovit na kop\u00edrce, laserov\u00e9 tisk\u00e1rn\u011b \u010di nakreslit tu\u017ekou.<\/p>\n\n\n\n<p>Je t\u0159eba ale db\u00e1t na to, \u017ee obr\u00e1zek by m\u011bl b\u00fdt jednoduch\u00fd, ale ne moc strukturovan\u00fd. Proto\u017ee to, co nakresl\u00edme \u010dernou konturou, pak vystoup\u00ed zah\u0159\u00e1t\u00edm na povrch. T\u00edm vznikne haptick\u00fd (dotykov\u00fd) obr\u00e1zek. Tyto obr\u00e1zky lze vyu\u017e\u00edvat ke komunika\u010dn\u00edm nebo vzd\u011bl\u00e1vac\u00edm \u00fa\u010del\u016fm. Za\u0159\u00edzen\u00ed m\u00e1 rozm\u011bry 19,8 cm x 50 cm x 17 cm a jeho v\u00e1ha je 6 kg.<\/p>\n\n\n\n<p>Linda Albrechtov\u00e1<\/p>\n\n\n\n<p>Pardubick\u00fd den\u00edk<\/p>\n\n\n\n<p><a href=\"https:\/\/pardubicky.denik.cz\/\" target=\"_blank\" rel=\"noreferrer noopener\">https:\/\/pardubicky.denik.cz\/<\/a><\/p>\n","protected":false},"excerpt":{"rendered":"<div class=\"mh-excerpt\"><p>St\u0159edisko ran\u00e9 p\u00e9\u010de v Pardubic\u00edch zaji\u0161\u0165uje v r\u00e1mci poskytov\u00e1n\u00ed slu\u017eby ran\u00e1 p\u00e9\u010de podporu v\u00fdvoje d\u011bt\u00ed se zdravotn\u00edm posti\u017een\u00edm v Pardubick\u00e9m kraji. St\u0159edisko ran\u00e9 p\u00e9\u010de v <a class=\"mh-excerpt-more\" href=\"https:\/\/www.invarena.cz\/?p=37262\" title=\"Ran\u00e1 p\u00e9\u010de vytv\u00e1\u0159\u00ed s nov\u00fdm p\u0159\u00edstrojem hmatovou grafiku pro d\u011bti\">[&#8230;]<\/a><\/p>\n<\/div>","protected":false},"author":1,"featured_media":14302,"comment_status":"open","ping_status":"closed","sticky":false,"template":"","format":"standard","meta":{"footnotes":""},"categories":[9],"tags":[],"class_list":["post-37262","post","type-post","status-publish","format-standard","has-post-thumbnail","hentry","category-zpravy"],"_links":{"self":[{"href":"https:\/\/www.invarena.cz\/index.php?rest_route=\/wp\/v2\/posts\/37262","targetHints":{"allow":["GET"]}}],"collection":[{"href":"https:\/\/www.invarena.cz\/index.php?rest_route=\/wp\/v2\/posts"}],"about":[{"href":"https:\/\/www.invarena.cz\/index.php?rest_route=\/wp\/v2\/types\/post"}],"author":[{"embeddable":true,"href":"https:\/\/www.invarena.cz\/index.php?rest_route=\/wp\/v2\/users\/1"}],"replies":[{"embeddable":true,"href":"https:\/\/www.invarena.cz\/index.php?rest_route=%2Fwp%2Fv2%2Fcomments&post=37262"}],"version-history":[{"count":0,"href":"https:\/\/www.invarena.cz\/index.php?rest_route=\/wp\/v2\/posts\/37262\/revisions"}],"wp:featuredmedia":[{"embeddable":true,"href":"https:\/\/www.invarena.cz\/index.php?rest_route=\/wp\/v2\/media\/14302"}],"wp:attachment":[{"href":"https:\/\/www.invarena.cz\/index.php?rest_route=%2Fwp%2Fv2%2Fmedia&parent=37262"}],"wp:term":[{"taxonomy":"category","embeddable":true,"href":"https:\/\/www.invarena.cz\/index.php?rest_route=%2Fwp%2Fv2%2Fcategories&post=37262"},{"taxonomy":"post_tag","embeddable":true,"href":"https:\/\/www.invarena.cz\/index.php?rest_route=%2Fwp%2Fv2%2Ftags&post=37262"}],"curies":[{"name":"wp","href":"https:\/\/api.w.org\/{rel}","templated":true}]}}