{"id":37266,"date":"2022-03-08T12:13:07","date_gmt":"2022-03-08T11:13:07","guid":{"rendered":"http:\/\/www.invarena.cz\/?p=37266"},"modified":"2022-03-08T12:13:09","modified_gmt":"2022-03-08T11:13:09","slug":"skutecsti-hokejiste-odehraji-zapas-pro-hendikepovanou-klarku","status":"publish","type":"post","link":"https:\/\/www.invarena.cz\/?p=37266","title":{"rendered":"Skute\u010d\u0161t\u00ed hokejist\u00e9 odehraj\u00ed z\u00e1pas pro hendikepovanou Kl\u00e1rku"},"content":{"rendered":"\n<p>Obrovsk\u00e1 solidarita lid\u00ed s v\u00e1lkou zasa\u017eenou Ukrajinou neutuch\u00e1, naopak s\u00edl\u00ed. Pomoc, a to hlavn\u011b finan\u010dn\u00ed, v\u0161ak pot\u0159ebuj\u00ed tak\u00e9 \u010desk\u00e9 d\u011bti se zdravotn\u00edm hendikepem.<\/p>\n\n\n\n<p>Hokejist\u00e9 ve Skut\u010di u\u017e del\u0161\u00ed dobu podporuj\u00ed malou Kl\u00e1rku ze Svitavska, kter\u00e1 trp\u00ed vrozenou v\u00fdvojovou vadou mozku. Ned\u011bln\u00ed posledn\u00ed z\u00e1pas A t\u00fdmu v leto\u0161n\u00ed sezon\u011b se tak odehraje pro dobrou v\u011bc.<\/p>\n\n\n\n<p>Hokejisty zaujal p\u0159\u00edb\u011bh hol\u010di\u010dky, kter\u00e1 v kv\u011btnu oslav\u00ed druh\u00e9 narozeniny, u\u017e p\u0159ed sezonou. Podporu nazvali Zima pro Kl\u00e1rku. \u201eV tomto projektu jsme s na\u0161\u00edm ka\u017ed\u00fdm vst\u0159elen\u00fdm g\u00f3lem v sezon\u011b p\u0159idali z t\u00fdmov\u00e9 kasi\u010dky 30 korun a p\u0159ipojili jsme dvacet procent z ka\u017ed\u00e9ho vybran\u00e9ho vstupn\u00e9ho na n\u00e1\u0161 z\u00e1pas,\u201c uvedl hokejov\u00fd \u00fato\u010dn\u00edk a hlavn\u00ed organiz\u00e1tor sb\u00edrky Lubom\u00edr Kus\u00fd.<\/p>\n\n\n\n<p>Z\u00e1pas HC Skute\u010d s All Stars LNS, co\u017e je v\u00fdb\u011br nejlep\u0161\u00edch hr\u00e1\u010d\u016f ligy neregistrovan\u00fdch, se uskute\u010dn\u00ed na zimn\u00edm stadionu ve Skut\u010di v ned\u011bli od 14 hodin. Hr\u00e1\u010di A t\u00fdmu se rozlou\u010d\u00ed se sezonou a p\u0159ed t\u0159et\u00ed t\u0159etinou p\u0159edaj\u00ed mal\u00e9 Kl\u00e1rce vybranou \u010d\u00e1stku. K n\u00ed p\u0159ipoj\u00ed v\u0161echno dobrovoln\u00e9 vstupn\u00e9 a tak\u00e9 v\u00fdt\u011b\u017eek ze sout\u011b\u017ee o ceny v h\u00e1zen\u00ed puk\u016f na p\u0159esnost, kter\u00e1 se odehraje p\u0159ed druhou t\u0159etinou.<\/p>\n\n\n\n<p>\u201eI my, v\u0161ichni z\u00fa\u010dastn\u011bn\u00ed hr\u00e1\u010di, vybereme dal\u0161\u00ed \u010d\u00e1stku a toto v\u0161echno v\u011bnujeme Kl\u00e1rce a jej\u00edm rodi\u010d\u016fm s velk\u00fdm p\u0159\u00e1n\u00edm, aby i Kl\u00e1rka si jednou mohla u\u017e\u00edvat to, co ji bude bavit tak, jako n\u00e1s bav\u00ed hokej,\u201c dodal Kus\u00fd.<\/p>\n\n\n\n<p>Malou Kl\u00e1rku u\u017e loni v srpnu podpo\u0159il Den pomoci pro Kl\u00e1rku. Sportovn\u00ed akci uspo\u0159\u00e1dala Oblastn\u00ed charita Nov\u00e9 Hrady u Skut\u010de. Vybralo se tehdy v\u00edce ne\u017e \u010dtvrt milionu korun, kone\u010dn\u00e1 \u010d\u00e1stka se v\u0161ak vy\u0161plhala p\u0159es hranici p\u016fl milionu. \u201eD\u00e1l p\u0159ich\u00e1zely pen\u00edze od lid\u00ed na transparentn\u00ed \u00fa\u010det,\u201c potvrdila \u0159editelka oblastn\u00ed charity Blanka Vopa\u0159ilov\u00e1 s t\u00edm, \u017ee vybran\u00e9 pen\u00edze poslou\u017e\u00ed na n\u00e1kup kompenza\u010dn\u00edch pom\u016fcek a \u00fahradu rehabilitac\u00ed, kter\u00e9 jsou v tuto chv\u00edli pro hol\u010di\u010dku velmi d\u016fle\u017eit\u00e9 a pot\u0159ebn\u00e9.<\/p>\n\n\n\n<p>P\u0159\u00edb\u011bh Kl\u00e1rky:<\/p>\n\n\n\n<p>Kl\u00e1rka se narodila 4. kv\u011btna 2020 ve Svitavsk\u00e9 nemocnici jako zdrav\u00e9 miminko. B\u011bhem jej\u00edho v\u00fdvoje ale rodi\u010de zpozorovali, \u017ee nem\u00e1 z\u00e1jem o hra\u010dky, neot\u00e1\u010d\u00ed se ze zad na b\u0159\u00ed\u0161ko. V osmi m\u011bs\u00edc\u00edch j\u00ed byla zji\u0161t\u011bna epilepsie (West\u016fv syndrom), je\u017e ovliv\u0148uje jej\u00ed psychomotorick\u00fd v\u00fdvoj. L\u00e9ka\u0159i Kl\u00e1rce nasadili l\u00e9ky na epilepsii, kter\u00e9 na\u0161t\u011bst\u00ed zab\u00edraj\u00ed, a hol\u010di\u010dka ji\u017e nem\u00e1 \u017e\u00e1dn\u00e9 z\u00e1chvaty. Magnetick\u00e1 rezonance uk\u00e1zala, \u017ee Kl\u00e1rka m\u00e1 vrozenou v\u00fdvojovou vadu mozku. Ta m\u00e1 dopad jak na psychomotorick\u00fd, tak i ment\u00e1ln\u00ed v\u00fdvoj d\u00edt\u011bte. S t\u00edm je spojeno centr\u00e1ln\u00ed posti\u017een\u00ed zraku, p\u0159esn\u011bji p\u0159enos mezi okem a mozkem. Tak\u017ee d\u011bv\u010d\u00e1tko n\u011bkdy vid\u00ed dob\u0159e a jindy v\u016fbec. Rodi\u010de s Kl\u00e1rkou dvakr\u00e1t denn\u011b stimuluj\u00ed zrak cvi\u010den\u00edm o\u010di\u010dek a t\u0159ikr\u00e1t denn\u011b s n\u00ed cvi\u010d\u00ed podle rad fyzioterapeutky. Kl\u00e1rka se zat\u00edm neot\u00e1\u010d\u00ed na b\u0159\u00ed\u0161ko, nepou\u017e\u00edv\u00e1 v\u011bdom\u011b ru\u010di\u010dky, neleze, nesed\u00ed, nechod\u00ed a nemluv\u00ed. <\/p>\n\n\n\n<p>Romana Netolick\u00e1<\/p>\n\n\n\n<p>Chrudimsk\u00fd den\u00edk<\/p>\n\n\n\n<p><a href=\"https:\/\/chrudimsky.denik.cz\/\" target=\"_blank\" rel=\"noreferrer noopener\">https:\/\/chrudimsky.denik.cz\/<\/a><\/p>\n","protected":false},"excerpt":{"rendered":"<div class=\"mh-excerpt\"><p>Obrovsk\u00e1 solidarita lid\u00ed s v\u00e1lkou zasa\u017eenou Ukrajinou neutuch\u00e1, naopak s\u00edl\u00ed. Pomoc, a to hlavn\u011b finan\u010dn\u00ed, v\u0161ak pot\u0159ebuj\u00ed tak\u00e9 \u010desk\u00e9 d\u011bti se zdravotn\u00edm hendikepem. Hokejist\u00e9 ve <a class=\"mh-excerpt-more\" href=\"https:\/\/www.invarena.cz\/?p=37266\" title=\"Skute\u010d\u0161t\u00ed hokejist\u00e9 odehraj\u00ed z\u00e1pas pro hendikepovanou Kl\u00e1rku\">[&#8230;]<\/a><\/p>\n<\/div>","protected":false},"author":1,"featured_media":12371,"comment_status":"open","ping_status":"closed","sticky":false,"template":"","format":"standard","meta":{"footnotes":""},"categories":[9],"tags":[],"class_list":["post-37266","post","type-post","status-publish","format-standard","has-post-thumbnail","hentry","category-zpravy"],"_links":{"self":[{"href":"https:\/\/www.invarena.cz\/index.php?rest_route=\/wp\/v2\/posts\/37266","targetHints":{"allow":["GET"]}}],"collection":[{"href":"https:\/\/www.invarena.cz\/index.php?rest_route=\/wp\/v2\/posts"}],"about":[{"href":"https:\/\/www.invarena.cz\/index.php?rest_route=\/wp\/v2\/types\/post"}],"author":[{"embeddable":true,"href":"https:\/\/www.invarena.cz\/index.php?rest_route=\/wp\/v2\/users\/1"}],"replies":[{"embeddable":true,"href":"https:\/\/www.invarena.cz\/index.php?rest_route=%2Fwp%2Fv2%2Fcomments&post=37266"}],"version-history":[{"count":0,"href":"https:\/\/www.invarena.cz\/index.php?rest_route=\/wp\/v2\/posts\/37266\/revisions"}],"wp:featuredmedia":[{"embeddable":true,"href":"https:\/\/www.invarena.cz\/index.php?rest_route=\/wp\/v2\/media\/12371"}],"wp:attachment":[{"href":"https:\/\/www.invarena.cz\/index.php?rest_route=%2Fwp%2Fv2%2Fmedia&parent=37266"}],"wp:term":[{"taxonomy":"category","embeddable":true,"href":"https:\/\/www.invarena.cz\/index.php?rest_route=%2Fwp%2Fv2%2Fcategories&post=37266"},{"taxonomy":"post_tag","embeddable":true,"href":"https:\/\/www.invarena.cz\/index.php?rest_route=%2Fwp%2Fv2%2Ftags&post=37266"}],"curies":[{"name":"wp","href":"https:\/\/api.w.org\/{rel}","templated":true}]}}