{"id":37303,"date":"2022-03-14T11:57:11","date_gmt":"2022-03-14T10:57:11","guid":{"rendered":"http:\/\/www.invarena.cz\/?p=37303"},"modified":"2022-03-14T11:57:12","modified_gmt":"2022-03-14T10:57:12","slug":"mhmp-vznika-dalsi-komunitni-bydleni-pro-lidi-s-autismem-a-zdravotnim-znevyhodnenim","status":"publish","type":"post","link":"https:\/\/www.invarena.cz\/?p=37303","title":{"rendered":"MHMP: Vznik\u00e1 dal\u0161\u00ed komunitn\u00ed bydlen\u00ed pro lidi s autismem a zdravotn\u00edm znev\u00fdhodn\u011bn\u00edm"},"content":{"rendered":"\n<p>V Praze 8 za\u010d\u00edn\u00e1 rekonstrukce domu v ulici Na Dl\u00e1\u017ed\u011bnce. Vznikne tu nov\u00e1 pobytov\u00e1 slu\u017eba pro lidi s nutnost\u00ed speci\u00e1ln\u00ed p\u00e9\u010de i chr\u00e1n\u011bn\u00e9 byty. Tento projekt je dal\u0161\u00edm krokem hlavn\u00edho m\u011bsta na cest\u011b k vytvo\u0159en\u00ed kvalitn\u00edch a dostupn\u00fdch soci\u00e1ln\u00edch slu\u017eeb na \u00fazem\u00ed Prahy a ukon\u010den\u00ed p\u0159esun\u016f Pra\u017ean\u016f se zdravotn\u00edm znev\u00fdhodn\u011bn\u00edm do za\u0159\u00edzen\u00ed vzd\u00e1len\u00fdch od jejich bl\u00edzk\u00fdch. Rekonstrukce bude st\u00e1t necel\u00fdch 27 milion\u016f korun v\u010detn\u011b DPH a m\u011bla by trvat p\u0159ibli\u017en\u011b p\u016fl roku.<\/p>\n\n\n\n<p>Cel\u00fd \u010dl\u00e1nek naleznete v Parlamentn\u00edch Listech: <a href=\"https:\/\/www.parlamentnilisty.cz\/zpravy\/tiskovezpravy\/MHMP-Vznika-dalsi-komunitni-bydleni-pro-lidi-s-autismem-a-zdravotnim-znevyhodnenim-695661\" target=\"_blank\" rel=\"noreferrer noopener\">https:\/\/www.parlamentnilisty.cz\/zpravy\/tiskovezpravy\/MHMP-Vznika-dalsi-komunitni-bydleni-pro-lidi-s-autismem-a-zdravotnim-znevyhodnenim-695661<\/a><\/p>\n","protected":false},"excerpt":{"rendered":"<div class=\"mh-excerpt\"><p>V Praze 8 za\u010d\u00edn\u00e1 rekonstrukce domu v ulici Na Dl\u00e1\u017ed\u011bnce. Vznikne tu nov\u00e1 pobytov\u00e1 slu\u017eba pro lidi s nutnost\u00ed speci\u00e1ln\u00ed p\u00e9\u010de i chr\u00e1n\u011bn\u00e9 byty. Tento <a class=\"mh-excerpt-more\" href=\"https:\/\/www.invarena.cz\/?p=37303\" title=\"MHMP: Vznik\u00e1 dal\u0161\u00ed komunitn\u00ed bydlen\u00ed pro lidi s autismem a zdravotn\u00edm znev\u00fdhodn\u011bn\u00edm\">[&#8230;]<\/a><\/p>\n<\/div>","protected":false},"author":1,"featured_media":21147,"comment_status":"open","ping_status":"closed","sticky":false,"template":"","format":"standard","meta":{"footnotes":""},"categories":[9],"tags":[],"class_list":["post-37303","post","type-post","status-publish","format-standard","has-post-thumbnail","hentry","category-zpravy"],"_links":{"self":[{"href":"https:\/\/www.invarena.cz\/index.php?rest_route=\/wp\/v2\/posts\/37303","targetHints":{"allow":["GET"]}}],"collection":[{"href":"https:\/\/www.invarena.cz\/index.php?rest_route=\/wp\/v2\/posts"}],"about":[{"href":"https:\/\/www.invarena.cz\/index.php?rest_route=\/wp\/v2\/types\/post"}],"author":[{"embeddable":true,"href":"https:\/\/www.invarena.cz\/index.php?rest_route=\/wp\/v2\/users\/1"}],"replies":[{"embeddable":true,"href":"https:\/\/www.invarena.cz\/index.php?rest_route=%2Fwp%2Fv2%2Fcomments&post=37303"}],"version-history":[{"count":0,"href":"https:\/\/www.invarena.cz\/index.php?rest_route=\/wp\/v2\/posts\/37303\/revisions"}],"wp:featuredmedia":[{"embeddable":true,"href":"https:\/\/www.invarena.cz\/index.php?rest_route=\/wp\/v2\/media\/21147"}],"wp:attachment":[{"href":"https:\/\/www.invarena.cz\/index.php?rest_route=%2Fwp%2Fv2%2Fmedia&parent=37303"}],"wp:term":[{"taxonomy":"category","embeddable":true,"href":"https:\/\/www.invarena.cz\/index.php?rest_route=%2Fwp%2Fv2%2Fcategories&post=37303"},{"taxonomy":"post_tag","embeddable":true,"href":"https:\/\/www.invarena.cz\/index.php?rest_route=%2Fwp%2Fv2%2Ftags&post=37303"}],"curies":[{"name":"wp","href":"https:\/\/api.w.org\/{rel}","templated":true}]}}