{"id":37325,"date":"2022-03-16T14:54:19","date_gmt":"2022-03-16T13:54:19","guid":{"rendered":"http:\/\/www.invarena.cz\/?p=37325"},"modified":"2022-03-16T14:54:20","modified_gmt":"2022-03-16T13:54:20","slug":"zlin-kompenzacni-pomucky-i-aktivizacni-sluzby-sluzby-svazu-telesne-postizenych-ulehcuji-lidem-zivot","status":"publish","type":"post","link":"https:\/\/www.invarena.cz\/?p=37325","title":{"rendered":"Zl\u00edn: Kompenza\u010dn\u00ed pom\u016fcky i aktiviza\u010dn\u00ed slu\u017eby. Slu\u017eby Svazu t\u011blesn\u011b posti\u017een\u00fdch uleh\u010duj\u00ed lidem \u017eivot"},"content":{"rendered":"\n<p>Ji\u017e dvan\u00e1ct\u00fdm rokem pom\u00e1h\u00e1 P\u016fj\u010dovna kompenza\u010dn\u00edch pom\u016fcek p\u0159ekon\u00e1vat lidem t\u00ed\u017eiv\u00e9 obdob\u00ed po \u00farazech a nemoci. P\u016fj\u010dovnu provozuje Okresn\u00ed organizace Svazu t\u011blesn\u011b posti\u017een\u00fdch v \u010cR v prostor\u00e1ch, kter\u00e9 pro tyto \u00fa\u010dely poskytlo statut\u00e1rn\u00ed m\u011bsto Zl\u00edn, na Podles\u00ed IV\/5348\/B na Ji\u017en\u00edch Svaz\u00edch.<\/p>\n\n\n\n<p>Cel\u00fd \u010dl\u00e1nek naleznete v Parlamentn\u00edch Listech: <a href=\"https:\/\/www.parlamentnilisty.cz\/politika\/obce-volicum\/Zlin-Kompenzacni-pomucky-i-aktivizacni-sluzby-Sluzby-Svazu-telesne-postizenych-ulehcuji-lidem-zivot-696018\" target=\"_blank\" rel=\"noreferrer noopener\">https:\/\/www.parlamentnilisty.cz\/politika\/obce-volicum\/Zlin-Kompenzacni-pomucky-i-aktivizacni-sluzby-Sluzby-Svazu-telesne-postizenych-ulehcuji-lidem-zivot-696018<\/a><\/p>\n","protected":false},"excerpt":{"rendered":"<div class=\"mh-excerpt\"><p>Ji\u017e dvan\u00e1ct\u00fdm rokem pom\u00e1h\u00e1 P\u016fj\u010dovna kompenza\u010dn\u00edch pom\u016fcek p\u0159ekon\u00e1vat lidem t\u00ed\u017eiv\u00e9 obdob\u00ed po \u00farazech a nemoci. P\u016fj\u010dovnu provozuje Okresn\u00ed organizace Svazu t\u011blesn\u011b posti\u017een\u00fdch v \u010cR v <a class=\"mh-excerpt-more\" href=\"https:\/\/www.invarena.cz\/?p=37325\" title=\"Zl\u00edn: Kompenza\u010dn\u00ed pom\u016fcky i aktiviza\u010dn\u00ed slu\u017eby. Slu\u017eby Svazu t\u011blesn\u011b posti\u017een\u00fdch uleh\u010duj\u00ed lidem \u017eivot\">[&#8230;]<\/a><\/p>\n<\/div>","protected":false},"author":1,"featured_media":17309,"comment_status":"open","ping_status":"closed","sticky":false,"template":"","format":"standard","meta":{"footnotes":""},"categories":[9],"tags":[],"class_list":["post-37325","post","type-post","status-publish","format-standard","has-post-thumbnail","hentry","category-zpravy"],"_links":{"self":[{"href":"https:\/\/www.invarena.cz\/index.php?rest_route=\/wp\/v2\/posts\/37325","targetHints":{"allow":["GET"]}}],"collection":[{"href":"https:\/\/www.invarena.cz\/index.php?rest_route=\/wp\/v2\/posts"}],"about":[{"href":"https:\/\/www.invarena.cz\/index.php?rest_route=\/wp\/v2\/types\/post"}],"author":[{"embeddable":true,"href":"https:\/\/www.invarena.cz\/index.php?rest_route=\/wp\/v2\/users\/1"}],"replies":[{"embeddable":true,"href":"https:\/\/www.invarena.cz\/index.php?rest_route=%2Fwp%2Fv2%2Fcomments&post=37325"}],"version-history":[{"count":0,"href":"https:\/\/www.invarena.cz\/index.php?rest_route=\/wp\/v2\/posts\/37325\/revisions"}],"wp:featuredmedia":[{"embeddable":true,"href":"https:\/\/www.invarena.cz\/index.php?rest_route=\/wp\/v2\/media\/17309"}],"wp:attachment":[{"href":"https:\/\/www.invarena.cz\/index.php?rest_route=%2Fwp%2Fv2%2Fmedia&parent=37325"}],"wp:term":[{"taxonomy":"category","embeddable":true,"href":"https:\/\/www.invarena.cz\/index.php?rest_route=%2Fwp%2Fv2%2Fcategories&post=37325"},{"taxonomy":"post_tag","embeddable":true,"href":"https:\/\/www.invarena.cz\/index.php?rest_route=%2Fwp%2Fv2%2Ftags&post=37325"}],"curies":[{"name":"wp","href":"https:\/\/api.w.org\/{rel}","templated":true}]}}