{"id":37330,"date":"2022-03-16T14:50:08","date_gmt":"2022-03-16T13:50:08","guid":{"rendered":"http:\/\/www.invarena.cz\/?p=37330"},"modified":"2022-03-16T14:50:08","modified_gmt":"2022-03-16T13:50:08","slug":"kladno-samk-nabizeji-k-zapujceni-specialni-handbike-pro-deti-s-hendikepem","status":"publish","type":"post","link":"https:\/\/www.invarena.cz\/?p=37330","title":{"rendered":"Kladno: SAMK nab\u00edzej\u00ed k zap\u016fj\u010den\u00ed speci\u00e1ln\u00ed handbike pro d\u011bti s hendikepem"},"content":{"rendered":"\n<p><em>ilustra\u010dn\u00ed foto<\/em><\/p>\n\n\n\n<p>Sportovn\u00ed are\u00e1ly m\u011bsta Kladna ve spolupr\u00e1ci s organizac\u00ed \u010cern\u00ed kon\u011b roz\u0161\u00ed\u0159ily nab\u00eddku slu\u017eeb o mo\u017enost bezplatn\u00e9ho zap\u016fj\u010den\u00ed handbiku pro d\u011bti a ml\u00e1de\u017e s t\u011blesn\u00fdm handicapem. Speci\u00e1ln\u00ed kolo s madly nam\u00edsto \u0161lapek je ust\u00e1jeno u vstupn\u00ed br\u00e1ny na Sleti\u0161ti, kde si jej z\u00e1jemci mohou vyzvednout a zase odevzdat.<\/p>\n\n\n\n<p>Cel\u00fd \u010dl\u00e1nek naleznete v Parlamentn\u00edch Listech: <a href=\"https:\/\/www.parlamentnilisty.cz\/politika\/obce-volicum\/Kladno-SAMK-nabizeji-k-zapujceni-specialni-handbike-pro-deti-s-hendikepem-695995\" target=\"_blank\" rel=\"noreferrer noopener\">https:\/\/www.parlamentnilisty.cz\/politika\/obce-volicum\/Kladno-SAMK-nabizeji-k-zapujceni-specialni-handbike-pro-deti-s-hendikepem-695995<\/a><\/p>\n","protected":false},"excerpt":{"rendered":"<div class=\"mh-excerpt\"><p>ilustra\u010dn\u00ed foto Sportovn\u00ed are\u00e1ly m\u011bsta Kladna ve spolupr\u00e1ci s organizac\u00ed \u010cern\u00ed kon\u011b roz\u0161\u00ed\u0159ily nab\u00eddku slu\u017eeb o mo\u017enost bezplatn\u00e9ho zap\u016fj\u010den\u00ed handbiku pro d\u011bti a ml\u00e1de\u017e s <a class=\"mh-excerpt-more\" href=\"https:\/\/www.invarena.cz\/?p=37330\" title=\"Kladno: SAMK nab\u00edzej\u00ed k zap\u016fj\u010den\u00ed speci\u00e1ln\u00ed handbike pro d\u011bti s hendikepem\">[&#8230;]<\/a><\/p>\n<\/div>","protected":false},"author":1,"featured_media":10390,"comment_status":"open","ping_status":"closed","sticky":false,"template":"","format":"standard","meta":{"footnotes":""},"categories":[9],"tags":[],"class_list":["post-37330","post","type-post","status-publish","format-standard","has-post-thumbnail","hentry","category-zpravy"],"_links":{"self":[{"href":"https:\/\/www.invarena.cz\/index.php?rest_route=\/wp\/v2\/posts\/37330","targetHints":{"allow":["GET"]}}],"collection":[{"href":"https:\/\/www.invarena.cz\/index.php?rest_route=\/wp\/v2\/posts"}],"about":[{"href":"https:\/\/www.invarena.cz\/index.php?rest_route=\/wp\/v2\/types\/post"}],"author":[{"embeddable":true,"href":"https:\/\/www.invarena.cz\/index.php?rest_route=\/wp\/v2\/users\/1"}],"replies":[{"embeddable":true,"href":"https:\/\/www.invarena.cz\/index.php?rest_route=%2Fwp%2Fv2%2Fcomments&post=37330"}],"version-history":[{"count":0,"href":"https:\/\/www.invarena.cz\/index.php?rest_route=\/wp\/v2\/posts\/37330\/revisions"}],"wp:featuredmedia":[{"embeddable":true,"href":"https:\/\/www.invarena.cz\/index.php?rest_route=\/wp\/v2\/media\/10390"}],"wp:attachment":[{"href":"https:\/\/www.invarena.cz\/index.php?rest_route=%2Fwp%2Fv2%2Fmedia&parent=37330"}],"wp:term":[{"taxonomy":"category","embeddable":true,"href":"https:\/\/www.invarena.cz\/index.php?rest_route=%2Fwp%2Fv2%2Fcategories&post=37330"},{"taxonomy":"post_tag","embeddable":true,"href":"https:\/\/www.invarena.cz\/index.php?rest_route=%2Fwp%2Fv2%2Ftags&post=37330"}],"curies":[{"name":"wp","href":"https:\/\/api.w.org\/{rel}","templated":true}]}}