{"id":37364,"date":"2022-03-24T14:12:35","date_gmt":"2022-03-24T13:12:35","guid":{"rendered":"http:\/\/www.invarena.cz\/?p=37364"},"modified":"2022-03-24T14:12:36","modified_gmt":"2022-03-24T13:12:36","slug":"tichy-svet-nabizi-sve-sluzby-lidem-s-poruchou-sluchu-z-ukrajiny","status":"publish","type":"post","link":"https:\/\/www.invarena.cz\/?p=37364","title":{"rendered":"Tich\u00fd sv\u011bt nab\u00edz\u00ed sv\u00e9 slu\u017eby lidem s poruchou sluchu z Ukrajiny"},"content":{"rendered":"\n<p>Mezi lidmi, kte\u0159\u00ed byli nuceni kv\u016fli v\u00e1lce ve sv\u00e9 vlasti opustit sv\u00e9 domovy a p\u0159ij\u00edt do \u010cesk\u00e9 republiky, jsou i lid\u00e9 s poruchou sluchu, kte\u0159\u00ed se u n\u00e1s pot\u00fdkaj\u00ed s hned dvojitou komunika\u010dn\u00ed bari\u00e9rou. Nejen, \u017ee neovl\u00e1daj\u00ed psanou \u010de\u0161tinu, ale tak\u00e9 neznaj\u00ed \u010desk\u00fd znakov\u00fd jazyk. V t\u00e9to slo\u017eit\u00e9 situaci jim mohou pomoci konzultantky a konzultanti organizace Tich\u00fd sv\u011bt. Sluchov\u011b posti\u017een\u00ed nebo jejich rodinn\u00ed p\u0159\u00edslu\u0161n\u00edci a lid\u00e9, kte\u0159\u00ed jim pom\u00e1haj\u00ed, se mohou obr\u00e1tit na kteroukoliv pobo\u010dku Tich\u00e9ho sv\u011bta, kde jim bude nab\u00eddnuta podpora.<\/p>\n\n\n\n<p>Ukrajince s poruchou sluchu zde mohou podpo\u0159it nap\u0159\u00edklad p\u0159i \u0159e\u0161en\u00ed setrv\u00e1n\u00ed nebo cesty jejich rodiny do \u010ceska. D\u00e1le t\u0159eba s vy\u0159\u00edzen\u00edm r\u016fzn\u00fdch povolen\u00ed, s um\u00edst\u011bn\u00edm d\u011bt\u00ed do vzd\u011bl\u00e1vac\u00edch za\u0159\u00edzen\u00ed, s hled\u00e1n\u00edm pr\u00e1ce a v mnoha dal\u0161\u00edch oblastech. V p\u0159\u00edpad\u011b pot\u0159eby je tak\u00e9 pomohou nasm\u011brovat na dal\u0161\u00ed organizace a iniciativy v\u011bnuj\u00edc\u00ed se podpo\u0159e lid\u00ed se sluchov\u00fdm posti\u017een\u00edm.<\/p>\n\n\n\n<p>Tich\u00fd sv\u011bt moment\u00e1ln\u011b zve\u0159ej\u0148uje d\u016fle\u017eit\u00e9 informace pro klienty na sv\u00e9m webu a Facebooku v obou jazyc\u00edch, a to jak ve znakov\u00e9, tak psan\u00e9 podob\u011b. Z\u00e1rove\u0148 navazuje a roz\u0161i\u0159uje spolupr\u00e1ci s kolegyn\u011bmi a kolegy, kte\u0159\u00ed ovl\u00e1daj\u00ed \u010desk\u00fd i ukrajinsk\u00fd znakov\u00fd jazyk.<\/p>\n\n\n\n<p>Bene\u0161ovsk\u00fd den\u00edk<\/p>\n\n\n\n<p><a href=\"https:\/\/benesovsky.denik.cz\/\" target=\"_blank\" rel=\"noreferrer noopener\">https:\/\/benesovsky.denik.cz\/<\/a><\/p>\n","protected":false},"excerpt":{"rendered":"<div class=\"mh-excerpt\"><p>Mezi lidmi, kte\u0159\u00ed byli nuceni kv\u016fli v\u00e1lce ve sv\u00e9 vlasti opustit sv\u00e9 domovy a p\u0159ij\u00edt do \u010cesk\u00e9 republiky, jsou i lid\u00e9 s poruchou sluchu, kte\u0159\u00ed <a class=\"mh-excerpt-more\" href=\"https:\/\/www.invarena.cz\/?p=37364\" title=\"Tich\u00fd sv\u011bt nab\u00edz\u00ed sv\u00e9 slu\u017eby lidem s poruchou sluchu z Ukrajiny\">[&#8230;]<\/a><\/p>\n<\/div>","protected":false},"author":1,"featured_media":3624,"comment_status":"open","ping_status":"closed","sticky":false,"template":"","format":"standard","meta":{"footnotes":""},"categories":[9],"tags":[],"class_list":["post-37364","post","type-post","status-publish","format-standard","has-post-thumbnail","hentry","category-zpravy"],"_links":{"self":[{"href":"https:\/\/www.invarena.cz\/index.php?rest_route=\/wp\/v2\/posts\/37364","targetHints":{"allow":["GET"]}}],"collection":[{"href":"https:\/\/www.invarena.cz\/index.php?rest_route=\/wp\/v2\/posts"}],"about":[{"href":"https:\/\/www.invarena.cz\/index.php?rest_route=\/wp\/v2\/types\/post"}],"author":[{"embeddable":true,"href":"https:\/\/www.invarena.cz\/index.php?rest_route=\/wp\/v2\/users\/1"}],"replies":[{"embeddable":true,"href":"https:\/\/www.invarena.cz\/index.php?rest_route=%2Fwp%2Fv2%2Fcomments&post=37364"}],"version-history":[{"count":0,"href":"https:\/\/www.invarena.cz\/index.php?rest_route=\/wp\/v2\/posts\/37364\/revisions"}],"wp:featuredmedia":[{"embeddable":true,"href":"https:\/\/www.invarena.cz\/index.php?rest_route=\/wp\/v2\/media\/3624"}],"wp:attachment":[{"href":"https:\/\/www.invarena.cz\/index.php?rest_route=%2Fwp%2Fv2%2Fmedia&parent=37364"}],"wp:term":[{"taxonomy":"category","embeddable":true,"href":"https:\/\/www.invarena.cz\/index.php?rest_route=%2Fwp%2Fv2%2Fcategories&post=37364"},{"taxonomy":"post_tag","embeddable":true,"href":"https:\/\/www.invarena.cz\/index.php?rest_route=%2Fwp%2Fv2%2Ftags&post=37364"}],"curies":[{"name":"wp","href":"https:\/\/api.w.org\/{rel}","templated":true}]}}