{"id":37367,"date":"2022-03-24T14:26:07","date_gmt":"2022-03-24T13:26:07","guid":{"rendered":"http:\/\/www.invarena.cz\/?p=37367"},"modified":"2022-03-24T14:26:08","modified_gmt":"2022-03-24T13:26:08","slug":"napadli-ho-na-diskotece-a-lekari-mu-nedavali-sanci-prezit-jakub-ale-zabojoval","status":"publish","type":"post","link":"https:\/\/www.invarena.cz\/?p=37367","title":{"rendered":"Napadli ho na diskot\u00e9ce a l\u00e9ka\u0159i mu ned\u00e1vali \u0161anci p\u0159e\u017e\u00edt. Jakub ale zabojoval"},"content":{"rendered":"\n<p>Devaten\u00e1ctilet\u00e9mu Jakubovi z Nasavrk se obr\u00e1til \u017eivot vzh\u016fru nohama. Loni v \u0159\u00edjnu vyrazil s kamar\u00e1dy na diskot\u00e9ku do Chrudimi, kde ho napadl jeden mlad\u00edk a on ne\u0161\u0165astn\u011b upadl na hlavu a ztratil v\u011bdom\u00ed. Utrp\u011bl velk\u00e9 po\u0161kozen\u00ed mozku a l\u00e9ka\u0159i mu d\u00e1vali zhruba jednoprocentn\u00ed \u0161anci na p\u0159e\u017eit\u00ed. On to ale nevzdal a s podporou sv\u00e9 rodiny zabojoval a p\u0159e\u017eil.<\/p>\n\n\n\n<p>P\u0159esto\u017ee p\u0159i\u0161el o \u010d\u00e1st mozku, chce se nyn\u00ed vr\u00e1tit zp\u011bt do sv\u00e9ho d\u0159\u00edv\u011bj\u0161\u00edho \u017eivota. V\u0161e si pamatuje, ale polovinu t\u011bla m\u00e1 zat\u00edm t\u00e9m\u011b\u0159 nepohyblivou. Postupn\u011b se u\u010d\u00ed znovu plnohodnotn\u011b mluvit a chodit.<\/p>\n\n\n\n<p>P\u016fvodn\u011b p\u0159itom mohlo b\u00fdt v\u0161e jinak, proto\u017ee na diskot\u00e9ku ani j\u00edt nepl\u00e1noval. Druh\u00fd den toti\u017e m\u011bl jet na koncert rapera do Prahy. \u201eToho osudn\u00e9ho druh\u00e9ho \u0159\u00edjna se rozhodl na posledn\u00ed chv\u00edli, \u017ee p\u016fjde na p\u00e1rty v chrudimsk\u00e9m Infernu,\u201d vzpom\u00edn\u00e1 Jakub\u016fv tat\u00ednek, b\u00fdval\u00fd voj\u00e1k Tom\u00e1\u0161 Jel\u00ednek.<\/p>\n\n\n\n<p>\u201cDocela jsme se kv\u016fli tomu nepohodli, \u0159\u00edkal jsem mu, jestli to je rozumn\u00e9, kdy\u017e druh\u00fd den mus\u00ed brzy odj\u00ed\u017ed\u011bt s jinou partou a p\u0159\u00edtelkyn\u00ed. On si to nedal vymluvit a odjel,\u201c dod\u00e1v\u00e1 otec, podle kter\u00e9ho Kuba nebyl \u017e\u00e1dn\u00fd and\u00edlek, ale oby\u010dejn\u00fd kluk, kter\u00fd ne v\u017edy d\u011blal spr\u00e1vn\u00e9 v\u011bci.<\/p>\n\n\n\n<p>Sta\u010dilo tedy m\u00e1lo a nic by se nestalo. K incidentu, kter\u00fd Jakubovi zm\u011bnil \u017eivot, do\u0161lo p\u0159ed diskot\u00e9kou asi ve \u010dty\u0159i hodiny r\u00e1no. Od stejn\u011b star\u00e9ho n\u00e1v\u0161t\u011bvn\u00edka hudebn\u00edho podniku tam Jakub dostal r\u00e1nu na bradu, kter\u00e1 ho takzvan\u011b \u201evypla\u201c. On n\u00e1sledn\u011b upadl a ne\u0161\u0165astn\u011b se uhodil hlavou o chodn\u00edk. P\u00e1d a \u00fader zp\u016fsobily v\u00e1\u017en\u00e9 po\u0161kozen\u00ed mozku.<\/p>\n\n\n\n<p>L\u00e9ka\u0159i nev\u011b\u0159ili, \u017ee p\u0159e\u017eije<\/p>\n\n\n\n<p>\u201eHned jsme za n\u00edm jeli do nemocnice. Tam jsme s n\u00edm je\u0161t\u011b mluvili. Nechali si ho tam na pozorov\u00e1n\u00ed. V deset hodin r\u00e1no n\u00e1m volali, \u017ee se jeho stav prudce zhor\u0161il, upadl do bezv\u011bdom\u00ed a v ohro\u017een\u00ed \u017eivota ho vezli do hradeck\u00e9 nemocnice, kde podstoupil bezodkladnou operaci, kter\u00e1 mu zachr\u00e1nila \u017eivot,\u201c popisuje dramatick\u00e9 okam\u017eiky tat\u00ednek Jakuba.<\/p>\n\n\n\n<p>Ale ani v tuto chv\u00edli nem\u011bli vyhr\u00e1no. N\u00e1sleduj\u00edc\u00ed den Kubovi diagnostikovali masivn\u00ed krv\u00e1cen\u00ed do mozku, kv\u016fli kter\u00e9mu musel podstoupit b\u011bhem jedin\u00e9ho dne t\u0159i operace, p\u0159i kter\u00fdch mu byla odebr\u00e1na polovina lebe\u010dn\u00ed kosti. L\u00e9ka\u0159i nev\u011b\u0159ili, \u017ee Jakub p\u0159e\u017eije.<\/p>\n\n\n\n<p>\u201eDruh\u00fd den jsme u\u017e u n\u011bj mohli b\u00fdt. Prob\u011bhlo pond\u011bl\u00ed, \u00fater\u00fd, ve st\u0159edu n\u00e1m ozn\u00e1mili, \u017ee to nep\u0159e\u017eije. Podle jejich n\u00e1zoru a v\u00fdsledku CT, bylo Jakubovo po\u0161kozen\u00ed mozku na 99 procent neslu\u010diteln\u00e9 se \u017eivotem,\u201c uv\u00e1d\u00ed Jel\u00ednek, kter\u00e9mu se je\u0161t\u011b dnes p\u0159i vzpom\u00ednce stahuje \u017ealudek.<\/p>\n\n\n\n<p>\u201eTo n\u00e1s samoz\u0159ejm\u011b odrovnalo. J\u00e1 ani \u017eena jsme nebyli schopni \u0159\u00eddit. Tak jsme sed\u011bli p\u0159ed nemocnic\u00ed. Pot\u00e9 jsme objeli rodinu, \u0159ekli jim to. Kontaktovali jsme i jeho p\u0159\u00edtelkyni, kter\u00e1 okam\u017eit\u011b p\u0159ijela,\u201d podot\u00fdk\u00e1.<\/p>\n\n\n\n<p>Za Jakubem pak jezdili ka\u017ed\u00fd den. A on zabojoval\u2026 Po deseti dnech se mu za\u010daly vyrovn\u00e1vat obrovsk\u00e9 tlaky v hlav\u011b zp\u016fsoben\u00e9 velk\u00fdm otokem mozku. Podle n\u00e1sledn\u00e9ho vy\u0161et\u0159en\u00ed CT l\u00e9ka\u0159i zjistili, \u017ee nad\u011bje na p\u0159e\u017eit\u00ed je nakonec v\u011bt\u0161\u00ed, ne\u017e si mysleli.<\/p>\n\n\n\n<p>A\u017e do prosince byl Jakub st\u00e1le v bezv\u011bdom\u00ed a l\u00e9ka\u0159i se dle sv\u00fdch letit\u00fdch zku\u0161enost\u00ed ob\u00e1vali, \u017ee u\u017e se neprobere. Kuba to ale nevzdal a t\u00fdden na to se za\u010dal probouzet. Zprvu h\u00fdbal m\u00edrn\u011b jedn\u00edm prstem na prav\u00e9 ruce a za\u010dal pomalu ot\u00e1\u010det hlavou, vn\u00edmat pohyb a lidi. Dokto\u0159i nakonec p\u0159ehodnotili l\u00e9\u010dbu.<\/p>\n\n\n\n<p>Komplikace se ale Jakubovi b\u011bhem l\u00e9\u010dby nevyh\u00fdbaly. Dost\u00e1val hrozn\u00e9 k\u0159e\u010de, potil se, m\u011bl teploty okolo 40 stup\u0148\u016f a pro\u017e\u00edval ohromn\u00e9 bolesti. Souviselo to do velk\u00e9 m\u00edry i s t\u00edm, \u017ee se n\u011bkolik m\u011bs\u00edc\u016f neh\u00fdbal, byl na um\u011bl\u00e9 v\u00fd\u017eiv\u011b a m\u011bl hodn\u011b ochabl\u00e9 svalstvo. B\u011bhem l\u00e9\u010dby shodil p\u0159es 20 kilogram\u016f.<\/p>\n\n\n\n<p>Na za\u010d\u00e1tku leto\u0161n\u00edho roku mu l\u00e9ka\u0159i vr\u00e1tili lebe\u010dn\u00ed kost a jeho stav se radik\u00e1ln\u011b zlep\u0161il. \u201ePo p\u011bti m\u011bs\u00edc\u00edch jsme ho sly\u0161eli mluvit. Sice jenom jedno slovo, t\u0159eba m\u00e1ma, t\u00e1ta\u2026 Dneska u\u017e mluv\u00ed ve v\u011bt\u00e1ch,\u201c vypr\u00e1v\u00ed Jel\u00ednek.<\/p>\n\n\n\n<p>D\u00edky tomu zjistili, \u017ee je Jakub zp\u00e1tky. Sice je pomalej\u0161\u00ed, je pro n\u011bj n\u00e1ro\u010dn\u011bj\u0161\u00ed mluvit, brzy se vy\u010derp\u00e1, av\u0161ak hlavu m\u00e1 v po\u0159\u00e1dku a dokonce i za\u010dal drobn\u011b vtipkovat jako d\u0159\u00edve.<\/p>\n\n\n\n<p>Po tak masivn\u00edm po\u0161kozen\u00ed mozku hrozilo, \u017ee bude siln\u011b ment\u00e1ln\u011b posti\u017een\u00fd, av\u0161ak vr\u00e1til se zp\u00e1tky t\u00e9m\u011b\u0159 takov\u00fd, jak\u00fd byl d\u0159\u00edv. P\u0159i\u0161el p\u0159itom o 30 a\u017e 40 procent prav\u00e9 mozkov\u00e9 hemisf\u00e9ry, ale l\u00e9ka\u0159i na psychologick\u00e9m vy\u0161et\u0159en\u00ed zjistili, \u017ee je jeho stav velmi dobr\u00fd.<\/p>\n\n\n\n<p>\u201ePamatuje si, kdo je, odkud je, co studoval, co se stalo, rozum\u00ed anglicky. Z\u016fstal Jakubem,\u201c dod\u00e1v\u00e1 tat\u00ednek.<\/p>\n\n\n\n<p>V sou\u010dasn\u00e9 dob\u011b se bude mlad\u00fd mu\u017e n\u011bkolik m\u011bs\u00edc\u016f l\u00e9\u010dit v Rehabilita\u010dn\u00edm \u00fastavu v Kladrubech. Pot\u00e9 by se mohl vr\u00e1tit dom\u016f. S t\u00edm ale souvis\u00ed mnoho v\u00fddaj\u016f i nutn\u00e1 rekonstrukce domu v Nasavrk\u00e1ch, ve kter\u00e9m cht\u011bj\u00ed p\u0159ed\u011blat spodn\u00ed patro, kde Kubovi vytvo\u0159\u00ed bezbari\u00e9rov\u00fd pokoj a koupelnu. Poji\u0161\u0165ovna bude hradit jen t\u0159i a\u017e \u0161est m\u011bs\u00edc\u016f intenzivn\u00ed rehabilitace, proto rodi\u010de Jakuba pot\u0159ebuj\u00ed nast\u0159\u00e1dat pen\u00edze.<\/p>\n\n\n\n<p>Pom\u00e1h\u00e1 jim v tom nada\u010dn\u00ed fond REGI Base, kter\u00e1 nab\u00edz\u00ed pomoc v\u00e1le\u010dn\u00fdm veter\u00e1n\u016fm a jejich rodin\u00e1m. Spole\u010dn\u011b vytvo\u0159ili transparentn\u00ed \u00fa\u010det, kam mohou lid\u00e9 p\u0159isp\u00edvat. Ve\u0161ker\u00e9 informace jsou na str\u00e1nk\u00e1ch pomocprojakuba.cz.<\/p>\n\n\n\n<p>\u201ePen\u00edze budou pot\u0159eba a kdyby n\u00e1hodou n\u011bjak\u00e9 zbyly, tak je d\u00e1m na n\u011bkoho, kdo je bude pot\u0159ebovat v\u00edc ne\u017e my,\u201c konstatuje Jel\u00ednek s t\u00edm, \u017ee na \u00fato\u010dn\u00edka podala rodina trestn\u00ed ozn\u00e1men\u00ed a nyn\u00ed bude muset uhradit poji\u0161\u0165ovn\u011b Jakubovu l\u00e9\u010dbu ve v\u00fd\u0161i n\u011bkolika milion\u016f korun.<\/p>\n\n\n\n<p>\u201eMus\u00edm pod\u011bkovat v\u0161em doktor\u016fm, Jakub d\u00edky jejich p\u00e9\u010di nem\u00e1 \u017e\u00e1dn\u00e9 prole\u017eeniny nebo zkr\u00e1cen\u00e9 \u0161lachy a m\u016f\u017ee tu s n\u00e1mi b\u00fdt\u201c uzav\u00edr\u00e1 tat\u00ednek.<\/p>\n\n\n\n<p>Jakubova rodina nem\u011bla lehk\u00fd \u017eivot ani p\u0159ed jeho \u00farazem. Maj\u00ed je\u0161t\u011b dv\u011b mlad\u0161\u00ed d\u011bti a prost\u0159edn\u00ed dcera Anetka se narodila s leh\u010d\u00ed ment\u00e1ln\u00ed retardac\u00ed. Jakubova maminka m\u00e1 nav\u00edc nemocnou p\u00e1te\u0159, a tak pob\u00edr\u00e1 invalidn\u00ed d\u016fchod. Nicm\u00e9n\u011b p\u0159ed Jakubovou nehodou za\u010dala pracovat na \u010d\u00e1ste\u010dn\u00fd \u00favazek jako prodava\u010dka. Tuto pr\u00e1ci v\u0161ak musela p\u0159eru\u0161it a nyn\u00ed se dennodenn\u011b star\u00e1 o Jakuba a pom\u00e1h\u00e1 s jeho rehabilitac\u00ed. Av\u0161ak nepova\u017euj\u00ed se za rodinu, kterou by prov\u00e1zela sm\u016fla, sp\u00ed\u0161e jsou to bojovn\u00edci.<\/p>\n\n\n\n<p>Jakub m\u011bl letos maturovat na automobilov\u00e9 \u0161kole v Holic\u00edch. \u0160kola mu vy\u0161la vst\u0159\u00edc a mohl si studium odlo\u017eit. Pokud v\u0161e bude postupovat dob\u0159e, mohl by za rok \u010di dva odmaturovat. O sv\u00e9 budoucnosti zat\u00edm nep\u0159em\u00fd\u0161lel, ale v\u011bd\u011bl, \u017ee na vysokou \u0161kolu j\u00edt nechce. M\u00e1 v\u0161ak velk\u00fd talent na va\u0159en\u00ed, a tak si mo\u017en\u00e1 \u010dasem dod\u011bl\u00e1 rekvalifika\u010dn\u00ed kurs a stane se profesion\u00e1ln\u00edm kucha\u0159em.<\/p>\n\n\n\n<p>Skv\u011bl\u00e9 gesto ud\u011blali i \u017e\u00e1ci Jakubovy b\u00fdval\u00e9 z\u00e1kladn\u00ed \u0161koly. &#8222;Moc r\u00e1d bych pod\u011bkoval i Kubov\u011b b\u00fdval\u00e9 z\u00e1kladn\u00ed \u0161kole, kde d\u011bti spont\u00e1nn\u011b uspo\u0159\u00e1dali sb\u00edrku a vybrali neskute\u010dnou \u010d\u00e1stku 14 tis\u00edc korun,&#8220; \u0159\u00edk\u00e1 Jakub\u016fv tat\u00ednek.<\/p>\n\n\n\n<p>P\u0159\u00edsp\u011bvek na Jakubovu l\u00e9\u010dbu m\u016f\u017eete zaslat na transparentn\u00ed \u00fa\u010det u FIO banky. \u010c\u00edslo \u00fa\u010dtu: 2602018522\/2010<\/p>\n\n\n\n<p>Kl\u00e1ra Karasaridu<\/p>\n\n\n\n<p>Chrudimsk\u00fd den\u00edk<\/p>\n\n\n\n<p><a href=\"https:\/\/chrudimsky.denik.cz\/\" target=\"_blank\" rel=\"noreferrer noopener\">https:\/\/chrudimsky.denik.cz\/<\/a><\/p>\n","protected":false},"excerpt":{"rendered":"<div class=\"mh-excerpt\"><p>Devaten\u00e1ctilet\u00e9mu Jakubovi z Nasavrk se obr\u00e1til \u017eivot vzh\u016fru nohama. Loni v \u0159\u00edjnu vyrazil s kamar\u00e1dy na diskot\u00e9ku do Chrudimi, kde ho napadl jeden mlad\u00edk a <a class=\"mh-excerpt-more\" href=\"https:\/\/www.invarena.cz\/?p=37367\" title=\"Napadli ho na diskot\u00e9ce a l\u00e9ka\u0159i mu ned\u00e1vali \u0161anci p\u0159e\u017e\u00edt. Jakub ale zabojoval\">[&#8230;]<\/a><\/p>\n<\/div>","protected":false},"author":1,"featured_media":12797,"comment_status":"open","ping_status":"closed","sticky":false,"template":"","format":"standard","meta":{"footnotes":""},"categories":[9],"tags":[],"class_list":["post-37367","post","type-post","status-publish","format-standard","has-post-thumbnail","hentry","category-zpravy"],"_links":{"self":[{"href":"https:\/\/www.invarena.cz\/index.php?rest_route=\/wp\/v2\/posts\/37367","targetHints":{"allow":["GET"]}}],"collection":[{"href":"https:\/\/www.invarena.cz\/index.php?rest_route=\/wp\/v2\/posts"}],"about":[{"href":"https:\/\/www.invarena.cz\/index.php?rest_route=\/wp\/v2\/types\/post"}],"author":[{"embeddable":true,"href":"https:\/\/www.invarena.cz\/index.php?rest_route=\/wp\/v2\/users\/1"}],"replies":[{"embeddable":true,"href":"https:\/\/www.invarena.cz\/index.php?rest_route=%2Fwp%2Fv2%2Fcomments&post=37367"}],"version-history":[{"count":0,"href":"https:\/\/www.invarena.cz\/index.php?rest_route=\/wp\/v2\/posts\/37367\/revisions"}],"wp:featuredmedia":[{"embeddable":true,"href":"https:\/\/www.invarena.cz\/index.php?rest_route=\/wp\/v2\/media\/12797"}],"wp:attachment":[{"href":"https:\/\/www.invarena.cz\/index.php?rest_route=%2Fwp%2Fv2%2Fmedia&parent=37367"}],"wp:term":[{"taxonomy":"category","embeddable":true,"href":"https:\/\/www.invarena.cz\/index.php?rest_route=%2Fwp%2Fv2%2Fcategories&post=37367"},{"taxonomy":"post_tag","embeddable":true,"href":"https:\/\/www.invarena.cz\/index.php?rest_route=%2Fwp%2Fv2%2Ftags&post=37367"}],"curies":[{"name":"wp","href":"https:\/\/api.w.org\/{rel}","templated":true}]}}