{"id":37393,"date":"2022-03-25T12:14:54","date_gmt":"2022-03-25T11:14:54","guid":{"rendered":"http:\/\/www.invarena.cz\/?p=37393"},"modified":"2022-03-25T12:15:02","modified_gmt":"2022-03-25T11:15:02","slug":"starosta-slatinic-nabidl-dum-pro-hendikepovane-ktere-jinde-nechteji","status":"publish","type":"post","link":"https:\/\/www.invarena.cz\/?p=37393","title":{"rendered":"Starosta Slatinic nab\u00eddl d\u016fm pro hendikepovan\u00e9, kter\u00e9 jinde necht\u011bj\u00ed"},"content":{"rendered":"\n<p>Z domu slu\u017eeb ve Slatinic\u00edch na Olomoucku by se mohl st\u00e1t domov pro dvan\u00e1ct ment\u00e1ln\u011b hendikepovan\u00fdch klient\u016f z velk\u00e9ho \u00fastavn\u00edho za\u0159\u00edzen\u00ed v Nov\u00fdch Z\u00e1mc\u00edch u Litovle. Starosta l\u00e1ze\u0148sk\u00e9 obce pomoc nab\u00eddl pot\u00e9, co kv\u016fli odporu m\u00edstn\u00edch p\u0159ed t\u0159emi lety z projektu se\u0161lo v N\u00e1m\u011b\u0161ti na Han\u00e9 a loni v Drahanovic\u00edch i ve Lhot\u011b pod Kos\u00ed\u0159em.<\/p>\n\n\n\n<p>Cel\u00fd \u010dl\u00e1nek naleznete na idnes.cz: <a href=\"https:\/\/www.idnes.cz\/olomouc\/zpravy\/slatinice-mentalne-postizeni-bydleni-odpor-referendum.A220324_657119_olomouc-zpravy_stk\" target=\"_blank\" rel=\"noreferrer noopener\">https:\/\/www.idnes.cz\/olomouc\/zpravy\/slatinice-mentalne-postizeni-bydleni-odpor-referendum.A220324_657119_olomouc-zpravy_stk<\/a><\/p>\n","protected":false},"excerpt":{"rendered":"<div class=\"mh-excerpt\"><p>Z domu slu\u017eeb ve Slatinic\u00edch na Olomoucku by se mohl st\u00e1t domov pro dvan\u00e1ct ment\u00e1ln\u011b hendikepovan\u00fdch klient\u016f z velk\u00e9ho \u00fastavn\u00edho za\u0159\u00edzen\u00ed v Nov\u00fdch Z\u00e1mc\u00edch u <a class=\"mh-excerpt-more\" href=\"https:\/\/www.invarena.cz\/?p=37393\" title=\"Starosta Slatinic nab\u00eddl d\u016fm pro hendikepovan\u00e9, kter\u00e9 jinde necht\u011bj\u00ed\">[&#8230;]<\/a><\/p>\n<\/div>","protected":false},"author":1,"featured_media":4001,"comment_status":"open","ping_status":"closed","sticky":false,"template":"","format":"standard","meta":{"footnotes":""},"categories":[9],"tags":[],"class_list":["post-37393","post","type-post","status-publish","format-standard","has-post-thumbnail","hentry","category-zpravy"],"_links":{"self":[{"href":"https:\/\/www.invarena.cz\/index.php?rest_route=\/wp\/v2\/posts\/37393","targetHints":{"allow":["GET"]}}],"collection":[{"href":"https:\/\/www.invarena.cz\/index.php?rest_route=\/wp\/v2\/posts"}],"about":[{"href":"https:\/\/www.invarena.cz\/index.php?rest_route=\/wp\/v2\/types\/post"}],"author":[{"embeddable":true,"href":"https:\/\/www.invarena.cz\/index.php?rest_route=\/wp\/v2\/users\/1"}],"replies":[{"embeddable":true,"href":"https:\/\/www.invarena.cz\/index.php?rest_route=%2Fwp%2Fv2%2Fcomments&post=37393"}],"version-history":[{"count":0,"href":"https:\/\/www.invarena.cz\/index.php?rest_route=\/wp\/v2\/posts\/37393\/revisions"}],"wp:featuredmedia":[{"embeddable":true,"href":"https:\/\/www.invarena.cz\/index.php?rest_route=\/wp\/v2\/media\/4001"}],"wp:attachment":[{"href":"https:\/\/www.invarena.cz\/index.php?rest_route=%2Fwp%2Fv2%2Fmedia&parent=37393"}],"wp:term":[{"taxonomy":"category","embeddable":true,"href":"https:\/\/www.invarena.cz\/index.php?rest_route=%2Fwp%2Fv2%2Fcategories&post=37393"},{"taxonomy":"post_tag","embeddable":true,"href":"https:\/\/www.invarena.cz\/index.php?rest_route=%2Fwp%2Fv2%2Ftags&post=37393"}],"curies":[{"name":"wp","href":"https:\/\/api.w.org\/{rel}","templated":true}]}}