{"id":37420,"date":"2022-03-28T12:29:40","date_gmt":"2022-03-28T10:29:40","guid":{"rendered":"http:\/\/www.invarena.cz\/?p=37420"},"modified":"2022-03-28T12:29:45","modified_gmt":"2022-03-28T10:29:45","slug":"nocni-beh-pro-svetlusku-rozsvitil-udoli-radbuzy-vybralo-se-pres-sto-tisic-korun","status":"publish","type":"post","link":"https:\/\/www.invarena.cz\/?p=37420","title":{"rendered":"No\u010dn\u00ed B\u011bh pro Sv\u011btlu\u0161ku rozsv\u00edtil \u00fadol\u00ed Radbuzy, vybralo se p\u0159es sto tis\u00edc korun"},"content":{"rendered":"\n<p>Prvn\u00ed leto\u0161n\u00ed B\u011bh pro Sv\u011btlu\u0161ku se uskute\u010dnil v Plzni, jeho \u00fa\u010dastn\u00edci se tradi\u010dn\u011b se\u0161li v are\u00e1lu DEPO2015.<\/p>\n\n\n\n<p>V nab\u00eddce byl b\u011bh na 3,3 km, kter\u00fd si mohli zdatn\u011bj\u0161\u00ed jedinci odb\u011bhnout dvakr\u00e1t. Cel\u00e1 akce \u0161la na dobrou v\u011bc, jak uvedla Martina Skutkov\u00e1, specialistka komunikace \u010desk\u00e9ho rozhlasu Plze\u0148. &#8222;T\u0159i stovky \u00fa\u010dastn\u00edk\u016f vyb\u011bhly ve dvacet hodin, v\u011bt\u0161inou opravdu lid\u00e9 b\u011b\u017eeli, ale na\u0161li se ti, kte\u0159\u00ed to pojali jako zdravotn\u00ed vych\u00e1zku. V\u016fbec toti\u017e ne\u0161lo o \u010das, ale o konkr\u00e9tn\u00ed pomoc pro zrakov\u011b posti\u017een\u00e9,&#8220; \u0159ekla Skutkov\u00e1. Na pomoc nevidom\u00fdm a slabozrak\u00fdm se nakonec letos vyb\u011bhalo 127 180 korun.<\/p>\n\n\n\n<p>DEPO2015 nab\u00eddlo u\u017e dv\u011b hodiny p\u0159ed startem zaj\u00edmav\u00fd program, ve kter\u00e9m se p\u0159edstavily r\u016fzn\u00e9 firmy, o hudebn\u00ed vstup se postarala&nbsp; DJ Garlica a um\u011blci ze Slam poetry Adama Svahilce. Skv\u011bl\u00fd t\u00fdm JUMP IT, kter\u00fd sk\u00e1\u010de p\u0159es \u0161vihadla, nab\u00eddl nev\u0161edn\u00ed pod\u00edvanou a vystoupen\u00ed s rozsv\u00edcen\u00fdmi \u0161vihadly.<\/p>\n\n\n\n<p>K b\u011bhu se p\u0159ipojili tak\u00e9 i tren\u00e9\u0159i z FC Viktoria Plze\u0148. Fanynky ocenily nejen sportovce, ale i muzikanty ze skupiny Ke\u010dup Dana Dobi\u00e1\u0161e a Karla Paula. Pr\u00e1v\u011b Dan Dobi\u00e1\u0161 m\u011bl radost, \u017ee Sv\u011btlu\u0161ku pro zm\u011bnu podpo\u0159\u00ed jinak, ne\u017e hudbou. &#8222;V\u017edy jsme pro Sv\u011btlu\u0161ku d\u011blali koncert, ale b\u011bh, to je pro m\u011b tady novinkou. Nav\u00edc ve spole\u010dnosti skv\u011bl\u00fdch lid\u00ed, co\u017e je super,&#8220; \u0159ekl Dan Dobi\u00e1\u0161.<\/p>\n\n\n\n<p>Martina Sihelsk\u00e1<\/p>\n\n\n\n<p>Plze\u0148sk\u00fd den\u00edk<\/p>\n\n\n\n<p><a href=\"https:\/\/plzensky.denik.cz\/\" target=\"_blank\" rel=\"noreferrer noopener\">https:\/\/plzensky.denik.cz\/<\/a><\/p>\n","protected":false},"excerpt":{"rendered":"<div class=\"mh-excerpt\"><p>Prvn\u00ed leto\u0161n\u00ed B\u011bh pro Sv\u011btlu\u0161ku se uskute\u010dnil v Plzni, jeho \u00fa\u010dastn\u00edci se tradi\u010dn\u011b se\u0161li v are\u00e1lu DEPO2015. V nab\u00eddce byl b\u011bh na 3,3 km, kter\u00fd <a class=\"mh-excerpt-more\" href=\"https:\/\/www.invarena.cz\/?p=37420\" title=\"No\u010dn\u00ed B\u011bh pro Sv\u011btlu\u0161ku rozsv\u00edtil \u00fadol\u00ed Radbuzy, vybralo se p\u0159es sto tis\u00edc korun\">[&#8230;]<\/a><\/p>\n<\/div>","protected":false},"author":1,"featured_media":4256,"comment_status":"open","ping_status":"closed","sticky":false,"template":"","format":"standard","meta":{"footnotes":""},"categories":[9],"tags":[],"class_list":["post-37420","post","type-post","status-publish","format-standard","has-post-thumbnail","hentry","category-zpravy"],"_links":{"self":[{"href":"https:\/\/www.invarena.cz\/index.php?rest_route=\/wp\/v2\/posts\/37420","targetHints":{"allow":["GET"]}}],"collection":[{"href":"https:\/\/www.invarena.cz\/index.php?rest_route=\/wp\/v2\/posts"}],"about":[{"href":"https:\/\/www.invarena.cz\/index.php?rest_route=\/wp\/v2\/types\/post"}],"author":[{"embeddable":true,"href":"https:\/\/www.invarena.cz\/index.php?rest_route=\/wp\/v2\/users\/1"}],"replies":[{"embeddable":true,"href":"https:\/\/www.invarena.cz\/index.php?rest_route=%2Fwp%2Fv2%2Fcomments&post=37420"}],"version-history":[{"count":0,"href":"https:\/\/www.invarena.cz\/index.php?rest_route=\/wp\/v2\/posts\/37420\/revisions"}],"wp:featuredmedia":[{"embeddable":true,"href":"https:\/\/www.invarena.cz\/index.php?rest_route=\/wp\/v2\/media\/4256"}],"wp:attachment":[{"href":"https:\/\/www.invarena.cz\/index.php?rest_route=%2Fwp%2Fv2%2Fmedia&parent=37420"}],"wp:term":[{"taxonomy":"category","embeddable":true,"href":"https:\/\/www.invarena.cz\/index.php?rest_route=%2Fwp%2Fv2%2Fcategories&post=37420"},{"taxonomy":"post_tag","embeddable":true,"href":"https:\/\/www.invarena.cz\/index.php?rest_route=%2Fwp%2Fv2%2Ftags&post=37420"}],"curies":[{"name":"wp","href":"https:\/\/api.w.org\/{rel}","templated":true}]}}