{"id":37432,"date":"2022-03-29T13:53:11","date_gmt":"2022-03-29T11:53:11","guid":{"rendered":"http:\/\/www.invarena.cz\/?p=37432"},"modified":"2022-03-29T13:53:12","modified_gmt":"2022-03-29T11:53:12","slug":"narodni-muzeum-i-letos-hostilo-ples-na-koleckach","status":"publish","type":"post","link":"https:\/\/www.invarena.cz\/?p=37432","title":{"rendered":"N\u00e1rodn\u00ed muzeum i letos hostilo Ples na kole\u010dk\u00e1ch"},"content":{"rendered":"\n<p>N\u00e1rodn\u00ed muzeum se i v leto\u0161n\u00edm roce stalo hlavn\u00edm partnerem akce Ples na kole\u010dk\u00e1ch. Ten je ur\u010den nejen pro osoby, kter\u00e9 jako kompenza\u010dn\u00ed pom\u016fcku pou\u017e\u00edvaj\u00ed mechanick\u00fd nebo elektrick\u00fd invalidn\u00ed voz\u00edk, ale tak\u00e9 pro jejich p\u0159\u00e1tele a pro \u0161irokou ve\u0159ejnost.<\/p>\n\n\n\n<p>Cel\u00fd \u010dl\u00e1nek naleznete v Parlamentn\u00edch Listech: <a href=\"https:\/\/www.parlamentnilisty.cz\/zpravy\/tiskovezpravy\/Narodni-muzeum-i-letos-hostilo-Ples-na-koleckach-697386\" data-type=\"URL\" data-id=\"https:\/\/www.parlamentnilisty.cz\/zpravy\/tiskovezpravy\/Narodni-muzeum-i-letos-hostilo-Ples-na-koleckach-697386\" target=\"_blank\" rel=\"noreferrer noopener\">https:\/\/www.parlamentnilisty.cz\/zpravy\/tiskovezpravy\/Narodni-muzeum-i-letos-hostilo-Ples-na-koleckach-697386<\/a><\/p>\n","protected":false},"excerpt":{"rendered":"<div class=\"mh-excerpt\"><p>N\u00e1rodn\u00ed muzeum se i v leto\u0161n\u00edm roce stalo hlavn\u00edm partnerem akce Ples na kole\u010dk\u00e1ch. Ten je ur\u010den nejen pro osoby, kter\u00e9 jako kompenza\u010dn\u00ed pom\u016fcku pou\u017e\u00edvaj\u00ed <a class=\"mh-excerpt-more\" href=\"https:\/\/www.invarena.cz\/?p=37432\" title=\"N\u00e1rodn\u00ed muzeum i letos hostilo Ples na kole\u010dk\u00e1ch\">[&#8230;]<\/a><\/p>\n<\/div>","protected":false},"author":1,"featured_media":904,"comment_status":"open","ping_status":"closed","sticky":false,"template":"","format":"standard","meta":{"footnotes":""},"categories":[9],"tags":[],"class_list":["post-37432","post","type-post","status-publish","format-standard","has-post-thumbnail","hentry","category-zpravy"],"_links":{"self":[{"href":"https:\/\/www.invarena.cz\/index.php?rest_route=\/wp\/v2\/posts\/37432","targetHints":{"allow":["GET"]}}],"collection":[{"href":"https:\/\/www.invarena.cz\/index.php?rest_route=\/wp\/v2\/posts"}],"about":[{"href":"https:\/\/www.invarena.cz\/index.php?rest_route=\/wp\/v2\/types\/post"}],"author":[{"embeddable":true,"href":"https:\/\/www.invarena.cz\/index.php?rest_route=\/wp\/v2\/users\/1"}],"replies":[{"embeddable":true,"href":"https:\/\/www.invarena.cz\/index.php?rest_route=%2Fwp%2Fv2%2Fcomments&post=37432"}],"version-history":[{"count":0,"href":"https:\/\/www.invarena.cz\/index.php?rest_route=\/wp\/v2\/posts\/37432\/revisions"}],"wp:featuredmedia":[{"embeddable":true,"href":"https:\/\/www.invarena.cz\/index.php?rest_route=\/wp\/v2\/media\/904"}],"wp:attachment":[{"href":"https:\/\/www.invarena.cz\/index.php?rest_route=%2Fwp%2Fv2%2Fmedia&parent=37432"}],"wp:term":[{"taxonomy":"category","embeddable":true,"href":"https:\/\/www.invarena.cz\/index.php?rest_route=%2Fwp%2Fv2%2Fcategories&post=37432"},{"taxonomy":"post_tag","embeddable":true,"href":"https:\/\/www.invarena.cz\/index.php?rest_route=%2Fwp%2Fv2%2Ftags&post=37432"}],"curies":[{"name":"wp","href":"https:\/\/api.w.org\/{rel}","templated":true}]}}