{"id":37439,"date":"2022-04-01T14:33:34","date_gmt":"2022-04-01T12:33:34","guid":{"rendered":"http:\/\/www.invarena.cz\/?p=37439"},"modified":"2022-04-01T14:34:39","modified_gmt":"2022-04-01T12:34:39","slug":"cez-temelinske-infocentrum-bude-svitit-modre","status":"publish","type":"post","link":"https:\/\/www.invarena.cz\/?p=37439","title":{"rendered":"\u010cEZ: Temel\u00ednsk\u00e9 infocentrum bude sv\u00edtit mod\u0159e"},"content":{"rendered":"\n<p>Ob\u011b jadern\u00e9 elektr\u00e1rny Dukovany i Temel\u00edn se spole\u010dn\u011b s dal\u0161\u00edmi provozy Skupiny \u010cEZ i letos p\u0159ipoj\u00ed k celorepublikov\u00e9 kampani \u201e\u010cesko sv\u00edt\u00ed mod\u0159e\u201c s c\u00edlem v\u00edce porozum\u011bt sv\u011btu lid\u00ed s autismem. V noci na sobotu osv\u00edt\u00ed z\u00e1me\u010dek Vysok\u00fd Hr\u00e1dek, kde se nach\u00e1z\u00ed temel\u00ednsk\u00e9 infocentrum, modr\u00fdm sv\u011btlem. Energetici tak vyj\u00e1d\u0159\u00ed podporu a solidaritu osob\u00e1m s poruchou autistick\u00e9ho spektra, u nich\u017e pr\u00e1v\u011b komunikace je problematickou oblast\u00ed.<\/p>\n\n\n\n<p>Cel\u00fd \u010dl\u00e1nek naleznete v Parlamentn\u00edch Listech: <a href=\"https:\/\/www.parlamentnilisty.cz\/zpravy\/tiskovezpravy\/CEZ-Temelinske-infocentrum-bude-svitit-modre-697707\" target=\"_blank\" rel=\"noreferrer noopener\">https:\/\/www.parlamentnilisty.cz\/zpravy\/tiskovezpravy\/CEZ-Temelinske-infocentrum-bude-svitit-modre-697707<\/a><\/p>\n","protected":false},"excerpt":{"rendered":"<div class=\"mh-excerpt\"><p>Ob\u011b jadern\u00e9 elektr\u00e1rny Dukovany i Temel\u00edn se spole\u010dn\u011b s dal\u0161\u00edmi provozy Skupiny \u010cEZ i letos p\u0159ipoj\u00ed k celorepublikov\u00e9 kampani \u201e\u010cesko sv\u00edt\u00ed mod\u0159e\u201c s c\u00edlem v\u00edce <a class=\"mh-excerpt-more\" href=\"https:\/\/www.invarena.cz\/?p=37439\" title=\"\u010cEZ: Temel\u00ednsk\u00e9 infocentrum bude sv\u00edtit mod\u0159e\">[&#8230;]<\/a><\/p>\n<\/div>","protected":false},"author":1,"featured_media":27789,"comment_status":"open","ping_status":"closed","sticky":false,"template":"","format":"standard","meta":{"footnotes":""},"categories":[9],"tags":[],"class_list":["post-37439","post","type-post","status-publish","format-standard","has-post-thumbnail","hentry","category-zpravy"],"_links":{"self":[{"href":"https:\/\/www.invarena.cz\/index.php?rest_route=\/wp\/v2\/posts\/37439","targetHints":{"allow":["GET"]}}],"collection":[{"href":"https:\/\/www.invarena.cz\/index.php?rest_route=\/wp\/v2\/posts"}],"about":[{"href":"https:\/\/www.invarena.cz\/index.php?rest_route=\/wp\/v2\/types\/post"}],"author":[{"embeddable":true,"href":"https:\/\/www.invarena.cz\/index.php?rest_route=\/wp\/v2\/users\/1"}],"replies":[{"embeddable":true,"href":"https:\/\/www.invarena.cz\/index.php?rest_route=%2Fwp%2Fv2%2Fcomments&post=37439"}],"version-history":[{"count":1,"href":"https:\/\/www.invarena.cz\/index.php?rest_route=\/wp\/v2\/posts\/37439\/revisions"}],"predecessor-version":[{"id":37443,"href":"https:\/\/www.invarena.cz\/index.php?rest_route=\/wp\/v2\/posts\/37439\/revisions\/37443"}],"wp:featuredmedia":[{"embeddable":true,"href":"https:\/\/www.invarena.cz\/index.php?rest_route=\/wp\/v2\/media\/27789"}],"wp:attachment":[{"href":"https:\/\/www.invarena.cz\/index.php?rest_route=%2Fwp%2Fv2%2Fmedia&parent=37439"}],"wp:term":[{"taxonomy":"category","embeddable":true,"href":"https:\/\/www.invarena.cz\/index.php?rest_route=%2Fwp%2Fv2%2Fcategories&post=37439"},{"taxonomy":"post_tag","embeddable":true,"href":"https:\/\/www.invarena.cz\/index.php?rest_route=%2Fwp%2Fv2%2Ftags&post=37439"}],"curies":[{"name":"wp","href":"https:\/\/api.w.org\/{rel}","templated":true}]}}