{"id":3747,"date":"2013-04-13T11:17:50","date_gmt":"2013-04-13T09:17:50","guid":{"rendered":"http:\/\/www.invarena.cz\/?p=3747"},"modified":"2013-04-13T11:17:50","modified_gmt":"2013-04-13T09:17:50","slug":"hanko-vrat-se","status":"publish","type":"post","link":"https:\/\/www.invarena.cz\/?p=3747","title":{"rendered":"Hanko, vra\u0165 se&#8230;"},"content":{"rendered":"<p><strong> &#8222;N\u011bjak\u00e9 nov\u00e9 zpr\u00e1vy?&#8220; ptaj\u00ed se denn\u011b lid\u00e9 na facebooku po osudu unesen\u00fdch \u010ce\u0161ek v P\u00e1kist\u00e1nu.\u00a0 Jejich dotazy z\u016fst\u00e1vaj\u00ed bez odpov\u011bdi. Ofici\u00e1ln\u00ed m\u00edsta ml\u010d\u00ed.<!--more--> <\/strong><\/p>\n<p>Od \u00fanosu obou \u010ce\u0161ek v P\u00e1kist\u00e1nu u\u017e uplynul m\u011bs\u00edc.<\/p>\n<p>&#8222;N\u011bjak\u00e9 nov\u00e9 zpr\u00e1vy?&#8220; ptaj\u00ed se denn\u011b lid\u00e9 na webov\u00fdch a facebookov\u00fdch str\u00e1nk\u00e1ch v\u011bnovan\u00fdch Han\u011b Hump\u00e1lov\u00e9 a Antonii Chr\u00e1steck\u00e9.\u00a0 Ofici\u00e1ln\u00ed zdroje v\u0161ak ml\u010d\u00ed.<\/p>\n<p>Denn\u011b mysl\u00ed na kamar\u00e1dku Hanku t\u0159iadvacetilet\u00e1 Tereza Pykov\u00e1. &#8222;Ka\u017ed\u00fd den \u010dek\u00e1m na zpr\u00e1vu. Kdy\u017e jsme se s Hankou naposledy vid\u011bly v kav\u00e1rn\u011b Vesm\u00edrna, tak jsme se objaly. K\u00e9\u017e bych mohla ud\u011blat brzy to sam\u00e9,&#8220; \u0159\u00edk\u00e1 Tereza.<\/p>\n<p>Ob\u011b mlad\u00e9 \u017eeny se setkaly v pra\u017esk\u00e9 kav\u00e1rn\u011b Vesm\u00edrna, kde je Hana zam\u011bstnan\u00e1 jako asistentka pracovn\u011b tr\u00e9ninkov\u00e9ho programu pro lidi s ment\u00e1ln\u00edm posti\u017een\u00edm.<\/p>\n<p>&#8222;Hanka byla moj\u00ed tren\u00e9rkou, u\u010dila m\u011b a starala se o m\u011b t\u00e9m\u011b\u0159 rok a p\u016fl. Kdy\u017e jsme m\u011bly \u010das, st\u00fdkaly jsme se spolu i mimo,&#8220; podot\u00fdk\u00e1 d\u00edvka.<\/p>\n<p>N\u00e1vrat kamar\u00e1dky si p\u0159eje z cel\u00e9ho srdce. &#8222;Jsem moc smutn\u00e1 a hrozn\u011b se o ni boj\u00edm. Nech\u00e1pu, pro\u010d se dobr\u00fdm lidem d\u011bj\u00ed tak zl\u00e9 v\u011bci. Snad se mi brzy vr\u00e1t\u00ed,&#8220; p\u0159eje si Tereza.<\/p>\n<p>Bez informac\u00ed o tom, jak se p\u0159\u00edpad unesen\u00fdch \u010ce\u0161ek vyv\u00edj\u00ed a jestli jsou \u010desk\u00e9 a p\u00e1kist\u00e1nsk\u00e9 \u00fa\u0159ady bl\u00ed\u017ee jejich nalezen\u00ed, z\u016fst\u00e1vaj\u00ed v\u0161ichni.<\/p>\n<p>Podle mluv\u010d\u00edho ministerstva zahrani\u010dn\u00ed to p\u0159i p\u00e1tr\u00e1n\u00ed pom\u00e1h\u00e1. &#8222;Sd\u011blov\u00e1n\u00ed jak\u00fdchkoliv informac\u00ed o postupu ministerstva by na\u0161\u00ed snaze dostat ob\u011b \u017eeny zp\u00e1tky do \u010cech pouze u\u0161kodilo,&#8220; zd\u016fraznil mluv\u010d\u00ed Karel \u0160rol.<\/p>\n<p>\u010cty\u0159iadvacetilet\u00e9 \u010ce\u0161ky Hanu Hump\u00e1lovou a Antonii Chr\u00e1steckou unesli nezn\u00e1m\u00ed ozbrojenci 13. b\u0159ezna v jihoz\u00e1padn\u00edm P\u00e1kist\u00e1nu.<\/p>\n<p>Obdobn\u011b unesen\u00fd \u0161v\u00fdcarsk\u00fd p\u00e1r se v roce 2011 dostal na svobodu &#8222;\u00fat\u011bkem&#8220; po osmi m\u011bs\u00edc\u00edch. Neofici\u00e1ln\u011b se \u0161ept\u00e1, \u017ee \u0161lo o fingovan\u00fd \u00fat\u011bk, kdy se na p\u0159ed\u00e1n\u00ed obou \u0161v\u00fdcarsk\u00fdch ob\u010dan\u016f dohodla \u0161v\u00fdcarsk\u00e1 vl\u00e1da s \u00fanosci za tu\u010dn\u00e9 v\u00fdkupn\u00e9. Proto\u017ee v\u0161ak ofici\u00e1ln\u00ed doktr\u00edna zn\u00ed: &#8222;S teroristy se nejedn\u00e1&#8220;, byla vyd\u00e1na tiskov\u00e1 zpr\u00e1va o tom, \u017ee \u0161v\u00fdcarsk\u00e9mu p\u00e1ru se poda\u0159ilo ozbrojen\u00fdm islamist\u016fm v nezn\u00e1m\u00e9 zemi uprchnout.<\/p>\n<p>invArena<\/p>\n","protected":false},"excerpt":{"rendered":"<div class=\"mh-excerpt\"><p>&#8222;N\u011bjak\u00e9 nov\u00e9 zpr\u00e1vy?&#8220; ptaj\u00ed se denn\u011b lid\u00e9 na facebooku po osudu unesen\u00fdch \u010ce\u0161ek v P\u00e1kist\u00e1nu.\u00a0 Jejich dotazy z\u016fst\u00e1vaj\u00ed bez odpov\u011bdi. Ofici\u00e1ln\u00ed m\u00edsta ml\u010d\u00ed.<\/p>\n<\/div>","protected":false},"author":1,"featured_media":2610,"comment_status":"open","ping_status":"open","sticky":false,"template":"","format":"standard","meta":{"footnotes":""},"categories":[7],"tags":[],"class_list":["post-3747","post","type-post","status-publish","format-standard","has-post-thumbnail","hentry","category-spolecnost"],"_links":{"self":[{"href":"https:\/\/www.invarena.cz\/index.php?rest_route=\/wp\/v2\/posts\/3747","targetHints":{"allow":["GET"]}}],"collection":[{"href":"https:\/\/www.invarena.cz\/index.php?rest_route=\/wp\/v2\/posts"}],"about":[{"href":"https:\/\/www.invarena.cz\/index.php?rest_route=\/wp\/v2\/types\/post"}],"author":[{"embeddable":true,"href":"https:\/\/www.invarena.cz\/index.php?rest_route=\/wp\/v2\/users\/1"}],"replies":[{"embeddable":true,"href":"https:\/\/www.invarena.cz\/index.php?rest_route=%2Fwp%2Fv2%2Fcomments&post=3747"}],"version-history":[{"count":0,"href":"https:\/\/www.invarena.cz\/index.php?rest_route=\/wp\/v2\/posts\/3747\/revisions"}],"wp:featuredmedia":[{"embeddable":true,"href":"https:\/\/www.invarena.cz\/index.php?rest_route=\/wp\/v2\/media\/2610"}],"wp:attachment":[{"href":"https:\/\/www.invarena.cz\/index.php?rest_route=%2Fwp%2Fv2%2Fmedia&parent=3747"}],"wp:term":[{"taxonomy":"category","embeddable":true,"href":"https:\/\/www.invarena.cz\/index.php?rest_route=%2Fwp%2Fv2%2Fcategories&post=3747"},{"taxonomy":"post_tag","embeddable":true,"href":"https:\/\/www.invarena.cz\/index.php?rest_route=%2Fwp%2Fv2%2Ftags&post=3747"}],"curies":[{"name":"wp","href":"https:\/\/api.w.org\/{rel}","templated":true}]}}