{"id":37470,"date":"2022-04-04T16:44:27","date_gmt":"2022-04-04T14:44:27","guid":{"rendered":"http:\/\/www.invarena.cz\/?p=37470"},"modified":"2022-04-04T16:44:27","modified_gmt":"2022-04-04T14:44:27","slug":"duchodci-letos-nejspis-dostanou-jeste-jednou-mimoradne-pridano","status":"publish","type":"post","link":"https:\/\/www.invarena.cz\/?p=37470","title":{"rendered":"D\u016fchodci letos nejsp\u00ed\u0161 dostanou je\u0161t\u011b jednou mimo\u0159\u00e1dn\u011b p\u0159id\u00e1no"},"content":{"rendered":"\n<p>Kv\u016fli rostouc\u00edm cen\u00e1m se letos d\u016fchodci do\u010dkaj\u00ed dal\u0161\u00edho zv\u00fd\u0161en\u00ed penz\u00ed. \u201eS vysokou pravd\u011bpodobnost\u00ed za resort ministerstva pr\u00e1ce a soci\u00e1ln\u00edch v\u011bc\u00ed dojde je\u0161t\u011b v leto\u0161n\u00edm roce k dal\u0161\u00ed mimo\u0159\u00e1dn\u00e9 valorizaci,\u201c potvrdil ministr pr\u00e1ce a soci\u00e1ln\u00edch v\u011bc\u00ed Marian Jure\u010dka.<\/p>\n\n\n\n<p>Cel\u00fd \u010dl\u00e1nek naleznete na idnes.cz: <a href=\"https:\/\/www.idnes.cz\/ekonomika\/domaci\/penze-duchody-valorizace-jurecka-inflace-cnb.A220401_164939_ekonomika_ven\" target=\"_blank\" rel=\"noreferrer noopener\">https:\/\/www.idnes.cz\/ekonomika\/domaci\/penze-duchody-valorizace-jurecka-inflace-cnb.A220401_164939_ekonomika_ven<\/a><\/p>\n","protected":false},"excerpt":{"rendered":"<div class=\"mh-excerpt\"><p>Kv\u016fli rostouc\u00edm cen\u00e1m se letos d\u016fchodci do\u010dkaj\u00ed dal\u0161\u00edho zv\u00fd\u0161en\u00ed penz\u00ed. \u201eS vysokou pravd\u011bpodobnost\u00ed za resort ministerstva pr\u00e1ce a soci\u00e1ln\u00edch v\u011bc\u00ed dojde je\u0161t\u011b v leto\u0161n\u00edm roce <a class=\"mh-excerpt-more\" href=\"https:\/\/www.invarena.cz\/?p=37470\" title=\"D\u016fchodci letos nejsp\u00ed\u0161 dostanou je\u0161t\u011b jednou mimo\u0159\u00e1dn\u011b p\u0159id\u00e1no\">[&#8230;]<\/a><\/p>\n<\/div>","protected":false},"author":1,"featured_media":19121,"comment_status":"open","ping_status":"closed","sticky":false,"template":"","format":"standard","meta":{"footnotes":""},"categories":[9],"tags":[],"class_list":["post-37470","post","type-post","status-publish","format-standard","has-post-thumbnail","hentry","category-zpravy"],"_links":{"self":[{"href":"https:\/\/www.invarena.cz\/index.php?rest_route=\/wp\/v2\/posts\/37470","targetHints":{"allow":["GET"]}}],"collection":[{"href":"https:\/\/www.invarena.cz\/index.php?rest_route=\/wp\/v2\/posts"}],"about":[{"href":"https:\/\/www.invarena.cz\/index.php?rest_route=\/wp\/v2\/types\/post"}],"author":[{"embeddable":true,"href":"https:\/\/www.invarena.cz\/index.php?rest_route=\/wp\/v2\/users\/1"}],"replies":[{"embeddable":true,"href":"https:\/\/www.invarena.cz\/index.php?rest_route=%2Fwp%2Fv2%2Fcomments&post=37470"}],"version-history":[{"count":0,"href":"https:\/\/www.invarena.cz\/index.php?rest_route=\/wp\/v2\/posts\/37470\/revisions"}],"wp:featuredmedia":[{"embeddable":true,"href":"https:\/\/www.invarena.cz\/index.php?rest_route=\/wp\/v2\/media\/19121"}],"wp:attachment":[{"href":"https:\/\/www.invarena.cz\/index.php?rest_route=%2Fwp%2Fv2%2Fmedia&parent=37470"}],"wp:term":[{"taxonomy":"category","embeddable":true,"href":"https:\/\/www.invarena.cz\/index.php?rest_route=%2Fwp%2Fv2%2Fcategories&post=37470"},{"taxonomy":"post_tag","embeddable":true,"href":"https:\/\/www.invarena.cz\/index.php?rest_route=%2Fwp%2Fv2%2Ftags&post=37470"}],"curies":[{"name":"wp","href":"https:\/\/api.w.org\/{rel}","templated":true}]}}