{"id":37473,"date":"2022-04-04T16:50:32","date_gmt":"2022-04-04T14:50:32","guid":{"rendered":"http:\/\/www.invarena.cz\/?p=37473"},"modified":"2022-04-04T16:50:33","modified_gmt":"2022-04-04T14:50:33","slug":"svetovy-den-zvyseni-povedomi-o-autismu-energetici-opet-podporili-modrymi-svetly","status":"publish","type":"post","link":"https:\/\/www.invarena.cz\/?p=37473","title":{"rendered":"Sv\u011btov\u00fd den zv\u00fd\u0161en\u00ed pov\u011bdom\u00ed o autismu energetici op\u011bt podpo\u0159ili modr\u00fdmi sv\u011btly"},"content":{"rendered":"\n<p>Ji\u017e dev\u011btkr\u00e1t \u201e\u010cesko sv\u00edtilo mod\u0159e\u201c, p\u0159i\u010dem\u017e Skupina \u010cEZ se p\u0159ipojila k celorepublikov\u00e9 kampani, jej\u00edm\u017e c\u00edlem je porozum\u011bt sv\u011btu lid\u00ed s autismem, poosm\u00e9 v \u0159ad\u011b. V noci z 2. na 3. dubna se tak nap\u0159\u00ed\u010d celou republikou rozz\u00e1\u0159ily vybran\u00e9 industri\u00e1ln\u00ed, administrativn\u00ed a dal\u0161\u00ed objekty modrou elektr\u00e1rny Tu\u0161imice a Ledvice a d\u011b\u010d\u00ednsk\u00e9 s\u00eddlo \u010cEZ Distribuce. Skupina \u010cEZ se t\u00edm rovn\u011b\u017e hl\u00e1s\u00ed k C\u00edl\u016fm udr\u017eiteln\u00e9ho rozvoje OSN (SDGs). V tomto p\u0159\u00edpad\u011b k c\u00edli 10 = M\u00e9n\u011b nerovnosti.<\/p>\n\n\n\n<p>Nadace \u010cEZ v r\u00e1mci celosv\u011btov\u00e9ho \u201emodr\u00e9ho dne a noci\u201c podpo\u0159ila \u010d\u00e1stkou 119 900 K\u010d Nada\u010dn\u00ed fond ATYP, jeho\u017e c\u00edlem je \u0161\u00ed\u0159en\u00ed osv\u011bty o lidech s autismem, ADHD, \u010di o lidech s du\u0161evn\u00edmi nemocemi. Rovn\u011b\u017e poskytuje podporu lidem, kte\u0159\u00ed pe\u010duj\u00ed o d\u011bti s poruchami autistick\u00e9ho spektra a d\u011bti s jin\u00fdmi specifick\u00fdmi vzd\u011bl\u00e1vac\u00edmi pot\u0159ebami. Aktu\u00e1ln\u011b pak nadace spustila v mobiln\u00ed aplikaci EPP \u2013 Pom\u00e1hej pohybem hned dva projekty organizac\u00ed, kter\u00e9 se zab\u00fdvaj\u00ed pomoc\u00ed v\u0161em lidem s autismem. Plze\u0148sk\u00e9 Ob\u010dansk\u00e9 sdru\u017een\u00ed ProCit, z. s., pot\u0159ebuje na sv\u00e9 aktivity 97 020 Sv\u011btlo autismu, z. \u00fa., z Ostravy 50 000 korun.<\/p>\n\n\n\n<p>Na severu \u010cech Skupina \u010cEZ ji\u017e n\u011bkolikr\u00e1t pomohla \u00fasteck\u00e9 pobo\u010dce Spole\u010dnosti pro podporu lid\u00ed s ment\u00e1ln\u00edm posti\u017een\u00edm v \u010cR, jej\u00edm\u017e c\u00edlem je napom\u00e1hat klient\u016fm s ment\u00e1ln\u00edm defektem v zapojen\u00ed do spole\u010dnosti a vzd\u011bl\u00e1vac\u00edho procesu. Finan\u010dn\u00ed prost\u0159edky prost\u0159ednictv\u00edm Nadace \u010cEZ nap\u0159\u00edklad m\u00ed\u0159ily i do St\u0159ediska ran\u00e9 p\u00e9\u010de SPRP Liberec, kter\u00e9 krom\u011b jin\u00e9ho poskytuje p\u00e9\u010di a poradenstv\u00ed rodin\u00e1m s autisty. Dal\u0161\u00ed pravideln\u011b podporovanou organizac\u00ed je V\u00fdtvarn\u00e9 centrum \u2013 Unik\u00e1tn\u00ed projekty Sn\u011b\u017eenka ve Smr\u017eovce a jeho rekondi\u010dn\u00ed v\u00fdtvarn\u00e9 pobyty hendikepovan\u00fdch d\u011bt\u00ed, tedy i t\u011bch s autismem. Libereck\u00e9 Sdru\u017een\u00ed Tulipan je pro zm\u011bnu pravideln\u00fdm \u00fa\u010dastn\u00edkem v\u00e1no\u010dn\u00edch a velikono\u010dn\u00edch trh\u016f chr\u00e1n\u011bn\u00fdch d\u00edlen v d\u011b\u010d\u00ednsk\u00e9m s\u00eddle \u010cEZ Distribuce, kter\u00e1 je rovn\u011b\u017e dlouholet\u00fdm partnerem Jedli\u010dkova \u00fastavu v Liberci.<\/p>\n\n\n\n<p>Leto\u0161n\u00ed IX. ro\u010dn\u00edk \u010cesko sv\u00edt\u00ed mod\u0159e je zam\u011b\u0159en\u00fd na osv\u011btu pracovn\u00edk\u016f krajsk\u00fdch, m\u011bstsk\u00fdch a obecn\u00edch \u00fa\u0159ad\u016f, pracovn\u00edk\u016f v soci\u00e1ln\u00edch slu\u017eb\u00e1ch, soci\u00e1ln\u00edch pracovn\u00edk\u016f a dal\u0161\u00edch osob, s nimi\u017e lid\u00e9 s autismem \u0159e\u0161\u00ed nejr\u016fzn\u011bj\u0161\u00ed \u017eivotn\u00ed situace. Pro tyto pracovn\u00edky vznikl informa\u010dn\u00ed bal\u00ed\u010dek obsahuj\u00edc\u00ed mimo jin\u00e9 i p\u0159\u00edru\u010dku, jak efektivn\u011b komunikovat s lidmi s poruchou autistick\u00e9ho spektra (PAS), kte\u0159\u00ed tvo\u0159\u00ed a\u017e 2,7 % sv\u011btov\u00e9 populace.<\/p>\n\n\n\n<p>Krom\u011b severo\u010desk\u00fdch lokalit byly v r\u00e1mci Skupiny \u010cEZ d\u00e1le nasv\u00edceny Z\u00e1kaznick\u00e9 centrum v Plzni, Mal\u00e1 vodn\u00ed elektr\u00e1rna Hu\u010d\u00e1k v Hradci Kr\u00e1lov\u00e9, hlavn\u00ed vr\u00e1tnice s n\u00e1pisem Jadern\u00e1 elektr\u00e1rna Dukovany, Infocentrum JE Temel\u00edn, z\u00e1me\u010dek Vysok\u00fd Hr\u00e1dek a D\u016fm energetiky v Ostrav\u011b.<\/p>\n\n\n\n<p>Ota Schnepp &#8211; mluv\u010d\u00ed Skupiny \u010cEZ pro severoz\u00e1padn\u00ed a st\u0159edn\u00ed \u010cechy<\/p>\n\n\n\n<p>Chomutovsk\u00fd den\u00edk<\/p>\n\n\n\n<p><a href=\"https:\/\/chomutovsky.denik.cz\/\" target=\"_blank\" rel=\"noreferrer noopener\">https:\/\/chomutovsky.denik.cz\/<\/a><\/p>\n","protected":false},"excerpt":{"rendered":"<div class=\"mh-excerpt\"><p>Ji\u017e dev\u011btkr\u00e1t \u201e\u010cesko sv\u00edtilo mod\u0159e\u201c, p\u0159i\u010dem\u017e Skupina \u010cEZ se p\u0159ipojila k celorepublikov\u00e9 kampani, jej\u00edm\u017e c\u00edlem je porozum\u011bt sv\u011btu lid\u00ed s autismem, poosm\u00e9 v \u0159ad\u011b. V <a class=\"mh-excerpt-more\" href=\"https:\/\/www.invarena.cz\/?p=37473\" title=\"Sv\u011btov\u00fd den zv\u00fd\u0161en\u00ed pov\u011bdom\u00ed o autismu energetici op\u011bt podpo\u0159ili modr\u00fdmi sv\u011btly\">[&#8230;]<\/a><\/p>\n<\/div>","protected":false},"author":1,"featured_media":27789,"comment_status":"open","ping_status":"closed","sticky":false,"template":"","format":"standard","meta":{"footnotes":""},"categories":[9],"tags":[],"class_list":["post-37473","post","type-post","status-publish","format-standard","has-post-thumbnail","hentry","category-zpravy"],"_links":{"self":[{"href":"https:\/\/www.invarena.cz\/index.php?rest_route=\/wp\/v2\/posts\/37473","targetHints":{"allow":["GET"]}}],"collection":[{"href":"https:\/\/www.invarena.cz\/index.php?rest_route=\/wp\/v2\/posts"}],"about":[{"href":"https:\/\/www.invarena.cz\/index.php?rest_route=\/wp\/v2\/types\/post"}],"author":[{"embeddable":true,"href":"https:\/\/www.invarena.cz\/index.php?rest_route=\/wp\/v2\/users\/1"}],"replies":[{"embeddable":true,"href":"https:\/\/www.invarena.cz\/index.php?rest_route=%2Fwp%2Fv2%2Fcomments&post=37473"}],"version-history":[{"count":0,"href":"https:\/\/www.invarena.cz\/index.php?rest_route=\/wp\/v2\/posts\/37473\/revisions"}],"wp:featuredmedia":[{"embeddable":true,"href":"https:\/\/www.invarena.cz\/index.php?rest_route=\/wp\/v2\/media\/27789"}],"wp:attachment":[{"href":"https:\/\/www.invarena.cz\/index.php?rest_route=%2Fwp%2Fv2%2Fmedia&parent=37473"}],"wp:term":[{"taxonomy":"category","embeddable":true,"href":"https:\/\/www.invarena.cz\/index.php?rest_route=%2Fwp%2Fv2%2Fcategories&post=37473"},{"taxonomy":"post_tag","embeddable":true,"href":"https:\/\/www.invarena.cz\/index.php?rest_route=%2Fwp%2Fv2%2Ftags&post=37473"}],"curies":[{"name":"wp","href":"https:\/\/api.w.org\/{rel}","templated":true}]}}