{"id":37552,"date":"2022-04-27T21:00:32","date_gmt":"2022-04-27T19:00:32","guid":{"rendered":"http:\/\/www.invarena.cz\/?p=37552"},"modified":"2022-04-27T21:00:33","modified_gmt":"2022-04-27T19:00:33","slug":"ticha-linka-usnadnuje-neslysicim-komunikaci-s-uradem-i-strazniky","status":"publish","type":"post","link":"https:\/\/www.invarena.cz\/?p=37552","title":{"rendered":"Tich\u00e1 linka usnad\u0148uje nesly\u0161\u00edc\u00edm komunikaci s \u00fa\u0159adem i str\u00e1\u017en\u00edky"},"content":{"rendered":"\n<p>Sluchov\u011b hendikepovan\u00ed u\u017e se nemus\u00ed ob\u00e1vat ne\u00fasp\u011bchu p\u0159i jedn\u00e1n\u00edch s \u00fa\u0159edn\u00edky. Usnadn\u011bn\u00ed jejich komunikace s bene\u0161ovskou radnic\u00ed p\u0159in\u00e1\u0161\u00ed takzvan\u00e1 Tich\u00e1 linka. Na jej\u00ed str\u00e1nky odkazoval web bene\u0161ovsk\u00e9ho \u00fa\u0159adu u\u017e p\u0159ed n\u011bkolika lety, a\u017e nyn\u00ed ji ale d\u00edky registraci vyu\u017e\u00edv\u00e1.<\/p>\n\n\n\n<p>Linka p\u0159isp\u00edv\u00e1 k odstra\u0148ov\u00e1n\u00ed komunika\u010dn\u00edch bari\u00e9r. \u201ePokud nesly\u0161\u00edc\u00ed komunikuje pouze ve znakov\u00e9m jazyce, m\u016f\u017ee se pomoc\u00ed po\u010d\u00edta\u010de proklikat na tlumo\u010dn\u00edka a svou z\u00e1le\u017eitost vy\u0159e\u0161it prost\u0159ednictv\u00edm videohovoru,\u201c vysv\u011btlila Veronika Kondr\u00e1tov\u00e1, vedouc\u00ed odboru soci\u00e1ln\u00edch v\u011bc\u00ed a zdravotnictv\u00ed. Lze rovn\u011b\u017e vyu\u017e\u00edt on-line p\u0159epis, kter\u00fd poskytuje textov\u00e9 okno prost\u0159ednictv\u00edm p\u0159episovatele.<\/p>\n\n\n\n<p>Aplikace mysl\u00ed tak\u00e9 na dal\u0161\u00ed z\u00e1le\u017eitosti. V p\u0159\u00edpad\u011b, \u017ee by klient Tich\u00e9 linky pot\u0159eboval ozn\u00e1mit protipr\u00e1vn\u00ed jedn\u00e1n\u00ed, akutn\u011b vyhledat l\u00e9ka\u0159skou pomoc nebo ozn\u00e1mit po\u017e\u00e1r, m\u016f\u017ee se obr\u00e1tit na slu\u017eebnu M\u011bstsk\u00e9 policie Bene\u0161ov.<\/p>\n\n\n\n<p>\u201eTich\u00e1 linka je prim\u00e1rn\u011b situovan\u00e1 pr\u00e1v\u011b na m\u011bstskou policii, ale tak\u00e9 na podatelnu m\u011bstsk\u00e9ho \u00fa\u0159adu a jeho odbor soci\u00e1ln\u00edch v\u011bc\u00ed. V sou\u010dasn\u00e9 dob\u011b jsme ve f\u00e1zi ov\u011b\u0159ov\u00e1n\u00ed jej\u00ed funk\u010dnosti,\u201c uvedla Kondr\u00e1tov\u00e1.<\/p>\n\n\n\n<p>Pomoc\u00ed Tich\u00e9 linky si klienti mohou sjedn\u00e1vat sch\u016fzky s \u00fa\u0159edn\u00edky, p\u0159i nich\u017e se komunikace odehr\u00e1v\u00e1 prost\u0159ednictv\u00edm tablet\u016f jako videohovor nebo p\u0159episem.<\/p>\n\n\n\n<p>Provozovatelem linky je obecn\u011b prosp\u011b\u0161n\u00e1 spole\u010dnost Tich\u00fd sv\u011bt, kter\u00e1 u\u017e \u0161estn\u00e1ct let propojuje sv\u011bt sly\u0161\u00edc\u00edch a nesly\u0161\u00edc\u00edch. Bene\u0161ov nen\u00ed prvn\u00edm \u00fa\u0159adem, kter\u00fd Tichou linku vyu\u017e\u00edv\u00e1. P\u0159esto\u017ee v cel\u00e9m \u010cesku linka z\u00edsk\u00e1v\u00e1 na oblib\u011b a zaregistrovaly si ji u\u017e stovky \u00fa\u0159ad\u016f a instituc\u00ed, Bene\u0161ov z\u016fst\u00e1v\u00e1 v okrese zat\u00edm jedin\u00fdm \u00fa\u0159adem.<\/p>\n\n\n\n<p>\u201eSlu\u017eeb Tich\u00e9 linky lze vyu\u017e\u00edt v \u00fa\u0159edn\u00edch hodin\u00e1ch, obecn\u011b je ale k dispozici nonstop,\u201c p\u0159ipomn\u011bla Olga Blahovcov\u00e1, vedouc\u00ed oblasti soci\u00e1ln\u00edch slu\u017eeb obecn\u011b prosp\u011b\u0161n\u00e9 spole\u010dnosti Tich\u00fd sv\u011bt s t\u00edm, \u017ee od 7 do 22 hodin funguje v b\u011b\u017en\u00e9m pracovn\u00edm m\u00f3du a po zbytek dne jako linka t\u00eds\u0148ov\u00e9ho vol\u00e1n\u00ed. \u201ePokud by se klient ocitl v ohro\u017een\u00ed \u017eivota, m\u016f\u017ee kliknout p\u0159\u00edmo na \u010derven\u00e9 SOS tla\u010d\u00edtko a p\u0159ivolat si pomoc jeho prost\u0159ednictv\u00edm,\u201c dodala.<\/p>\n\n\n\n<p>V \u010cesk\u00e9 republice \u017eije zhruba p\u016fl milionu sluchov\u011b posti\u017een\u00fdch lid\u00ed. \u010c\u00edm je jejich posti\u017een\u00ed v\u00e1\u017en\u011bj\u0161\u00ed, t\u00edm komplikovan\u011bj\u0161\u00ed je pro n\u011b komunikace s okoln\u00edm sv\u011btem. Osoby, kter\u00e9 nesly\u0161\u00ed u\u017e od narozen\u00ed, maj\u00ed nav\u00edc odli\u0161n\u00fd zp\u016fsob vn\u00edm\u00e1n\u00ed \u010desk\u00e9ho jazyka, a to jak v mluven\u00e9 podob\u011b u obsahu a v\u00fdznamu slov, tak i v podob\u011b psan\u00e9. Jejich mate\u0159sk\u00fdm jazykem je tak vlastn\u011b znakov\u00fd jazyk.<\/p>\n\n\n\n<p>\u201eSlu\u017eby jako Tich\u00e1 linka jsou pro takto posti\u017een\u00e9 ob\u010dany nesm\u00edrn\u011b d\u016fle\u017eit\u00e9 zejm\u00e9na t\u00edm, \u017ee odstra\u0148uj\u00ed bari\u00e9ry mezi nimi a ostatn\u00ed spole\u010dnost\u00ed. Proto ji ka\u017edodenn\u011b vyhledaj\u00ed des\u00edtky klient\u016f. A my jsme r\u00e1di, \u017ee ji budou moci vyu\u017e\u00edvat tak\u00e9 klienti M\u011bstsk\u00e9ho \u00fa\u0159adu Bene\u0161ov,\u201c doplnila Eva Stul\u00edkov\u00e1 z odboru soci\u00e1ln\u00edch v\u011bc\u00ed a zdravotnictv\u00ed.<\/p>\n\n\n\n<p>Zden\u011bk Kellner<\/p>\n\n\n\n<p>Bene\u0161ovsk\u00fd den\u00edk<\/p>\n\n\n\n<p><a href=\"https:\/\/benesovsky.denik.cz\/\" target=\"_blank\" rel=\"noreferrer noopener\">https:\/\/benesovsky.denik.cz\/<\/a><\/p>\n","protected":false},"excerpt":{"rendered":"<div class=\"mh-excerpt\"><p>Sluchov\u011b hendikepovan\u00ed u\u017e se nemus\u00ed ob\u00e1vat ne\u00fasp\u011bchu p\u0159i jedn\u00e1n\u00edch s \u00fa\u0159edn\u00edky. Usnadn\u011bn\u00ed jejich komunikace s bene\u0161ovskou radnic\u00ed p\u0159in\u00e1\u0161\u00ed takzvan\u00e1 Tich\u00e1 linka. Na jej\u00ed str\u00e1nky odkazoval <a class=\"mh-excerpt-more\" href=\"https:\/\/www.invarena.cz\/?p=37552\" title=\"Tich\u00e1 linka usnad\u0148uje nesly\u0161\u00edc\u00edm komunikaci s \u00fa\u0159adem i str\u00e1\u017en\u00edky\">[&#8230;]<\/a><\/p>\n<\/div>","protected":false},"author":1,"featured_media":6438,"comment_status":"open","ping_status":"closed","sticky":false,"template":"","format":"standard","meta":{"footnotes":""},"categories":[9],"tags":[],"class_list":["post-37552","post","type-post","status-publish","format-standard","has-post-thumbnail","hentry","category-zpravy"],"_links":{"self":[{"href":"https:\/\/www.invarena.cz\/index.php?rest_route=\/wp\/v2\/posts\/37552","targetHints":{"allow":["GET"]}}],"collection":[{"href":"https:\/\/www.invarena.cz\/index.php?rest_route=\/wp\/v2\/posts"}],"about":[{"href":"https:\/\/www.invarena.cz\/index.php?rest_route=\/wp\/v2\/types\/post"}],"author":[{"embeddable":true,"href":"https:\/\/www.invarena.cz\/index.php?rest_route=\/wp\/v2\/users\/1"}],"replies":[{"embeddable":true,"href":"https:\/\/www.invarena.cz\/index.php?rest_route=%2Fwp%2Fv2%2Fcomments&post=37552"}],"version-history":[{"count":0,"href":"https:\/\/www.invarena.cz\/index.php?rest_route=\/wp\/v2\/posts\/37552\/revisions"}],"wp:featuredmedia":[{"embeddable":true,"href":"https:\/\/www.invarena.cz\/index.php?rest_route=\/wp\/v2\/media\/6438"}],"wp:attachment":[{"href":"https:\/\/www.invarena.cz\/index.php?rest_route=%2Fwp%2Fv2%2Fmedia&parent=37552"}],"wp:term":[{"taxonomy":"category","embeddable":true,"href":"https:\/\/www.invarena.cz\/index.php?rest_route=%2Fwp%2Fv2%2Fcategories&post=37552"},{"taxonomy":"post_tag","embeddable":true,"href":"https:\/\/www.invarena.cz\/index.php?rest_route=%2Fwp%2Fv2%2Ftags&post=37552"}],"curies":[{"name":"wp","href":"https:\/\/api.w.org\/{rel}","templated":true}]}}