{"id":37669,"date":"2022-05-24T14:51:40","date_gmt":"2022-05-24T12:51:40","guid":{"rendered":"http:\/\/www.invarena.cz\/?p=37669"},"modified":"2022-05-24T14:51:41","modified_gmt":"2022-05-24T12:51:41","slug":"hledaji-s-nevidomymi-cestu-ve-tme-v-soutezi-vodicich-psu-rozhodovala-sehranost","status":"publish","type":"post","link":"https:\/\/www.invarena.cz\/?p=37669","title":{"rendered":"Hledaj\u00ed s nevidom\u00fdmi cestu ve tm\u011b. V sout\u011b\u017ei vodic\u00edch ps\u016f rozhodovala sehranost"},"content":{"rendered":"\n<p>Je p\u00e1tek t\u0159in\u00e1ct\u00e9ho a v Blansku se schyluje k sout\u011b\u017ei. Pov\u011bstn\u00fd smoln\u00fd den v\u0161ak nikoho ned\u011bs\u00ed, tato sout\u011b\u017e toti\u017e nen\u00ed o \u0161t\u011bst\u00ed, ale o dovednostech. Osmn\u00e1ct\u00fd ro\u010dn\u00edk sout\u011b\u017ee vodic\u00edch ps\u016f Cesta ve tm\u011b ovl\u00e1dl ulice Blanska. D\u011bkujeme panu Milanu Dvo\u0159\u00e1kovi za text a pan\u00ed Renat\u011b Hasilov\u00e9 za fotografie.<\/p>\n\n\n\n<p>\u0160kola pro v\u00fdcvik vodic\u00edch ps\u016f v Brn\u011b spole\u010dn\u011b se spolkem VODIC\u00cd PES a oblastn\u00ed odbo\u010dkou SONS Blansko uspo\u0159\u00e1dali ji\u017e osmn\u00e1ct\u00fd ro\u010dn\u00edk sout\u011b\u017ee vodic\u00edch ps\u016f. Akce odstartovala o p\u016fl des\u00e1t\u00e9 r\u00e1no na n\u00e1m\u011bst\u00ed Svobody v prostor\u00e1ch parku p\u0159ed M\u011bstsk\u00fdm \u00fa\u0159adem.<\/p>\n\n\n\n<p>Sout\u011b\u017e\u00edc\u00edmi byli t\u011b\u017ece zrakov\u011b posti\u017een\u00ed lid\u00e9 a jejich \u010dty\u0159noz\u00ed vodic\u00ed spole\u010dn\u00edci. Kl\u00e1n\u00ed bylo rozd\u011blen\u00e9 na dv\u011b \u010d\u00e1sti, a sice na takzvanou frekvenci, kter\u00e1 spo\u010d\u00edv\u00e1 v absolvov\u00e1n\u00ed p\u0159edem stanoven\u00e9 trasy a cviky poslu\u0161nosti.<\/p>\n\n\n\n<p>P\u0159i frekvenci jde dvojice (nevidom\u00fd a vodic\u00ed pes) po u\u010den\u00e9 trase, rozhod\u010d\u00ed, kte\u0159\u00ed je n\u00e1sleduj\u00ed hodnot\u00ed souhru dvojice a p\u0159esnost spole\u010dn\u00e9 pr\u00e1ce. Rozhod\u010d\u00ed pak pr\u00e1ci dvojice boduj\u00ed. Kdo dostal nejv\u00edce bod\u016f z frekvence i cvik\u016f poslu\u0161nosti, vyhr\u00e1l.<\/p>\n\n\n\n<p>Trasa vedla p\u0159es n\u00e1m\u011bst\u00ed Republiky a\u017e k hotelu Dukla a pak nazp\u00e1tek na n\u00e1m\u011bst\u00ed. Dal\u0161\u00ed trasa vedla od n\u00e1m\u011bst\u00ed Republiky na ulici Dvorskou a zp\u00e1tky p\u0159es ulici \u017dalkovsk\u00e9ho.<\/p>\n\n\n\n<p>Po t\u0159et\u00ed hodin\u011b se sout\u011b\u017e\u00edc\u00ed do\u010dkali vyhodnocen\u00ed sout\u011b\u017ee. Prvn\u00ed m\u00edsto z\u00edskala Helenka Hadlerov\u00e1 s fenkou \u0160arlotkou, druh\u00fd m\u00edsto pat\u0159ilo Milanu Melicharovi a jeho psovi Wittovi a t\u0159et\u00ed byla Petra \u0160ulcov\u00e1 se psem Natanem.<\/p>\n\n\n\n<p>Prvn\u00ed t\u0159i m\u00edsta vyhr\u00e1ly poh\u00e1r, ale zkr\u00e1tka nep\u0159i\u0161el nikdo. Pro \u010dty\u0159noh\u00e9 v\u00edt\u011bze i dal\u0161\u00ed sout\u011b\u017e\u00edc\u00ed m\u011bli po\u0159adatel\u00e9 spoustu pamlsk\u016f a drobnosti, kter\u00e9 ocenili i p\u00e1n\u00ed\u010dci.<\/p>\n\n\n\n<p>Mezi sout\u011b\u017e\u00edc\u00edmi vodic\u00edmi psy byli labrador\u0161t\u00ed retrieve\u0159i, zlat\u00ed retrieve\u0159i, flat coated retrieve\u0159i, n\u011bme\u010dt\u00ed ov\u010d\u00e1ci, doldendoodles a kr\u00e1lov\u0161t\u00ed pudlov\u00e9.<\/p>\n\n\n\n<p>Milan Dvo\u0159\u00e1k<\/p>\n\n\n\n<p>\u0160kola pro v\u00fdcvik vodic\u00edch ps\u016f<\/p>\n\n\n\n<p>Blanensk\u00fd den\u00edk<\/p>\n\n\n\n<p><a href=\"https:\/\/blanensky.denik.cz\/\" target=\"_blank\" rel=\"noreferrer noopener\">https:\/\/blanensky.denik.cz\/<\/a><\/p>\n","protected":false},"excerpt":{"rendered":"<div class=\"mh-excerpt\"><p>Je p\u00e1tek t\u0159in\u00e1ct\u00e9ho a v Blansku se schyluje k sout\u011b\u017ei. Pov\u011bstn\u00fd smoln\u00fd den v\u0161ak nikoho ned\u011bs\u00ed, tato sout\u011b\u017e toti\u017e nen\u00ed o \u0161t\u011bst\u00ed, ale o dovednostech. <a class=\"mh-excerpt-more\" href=\"https:\/\/www.invarena.cz\/?p=37669\" title=\"Hledaj\u00ed s nevidom\u00fdmi cestu ve tm\u011b. V sout\u011b\u017ei vodic\u00edch ps\u016f rozhodovala sehranost\">[&#8230;]<\/a><\/p>\n<\/div>","protected":false},"author":1,"featured_media":21014,"comment_status":"open","ping_status":"closed","sticky":false,"template":"","format":"standard","meta":{"footnotes":""},"categories":[9],"tags":[],"class_list":["post-37669","post","type-post","status-publish","format-standard","has-post-thumbnail","hentry","category-zpravy"],"_links":{"self":[{"href":"https:\/\/www.invarena.cz\/index.php?rest_route=\/wp\/v2\/posts\/37669","targetHints":{"allow":["GET"]}}],"collection":[{"href":"https:\/\/www.invarena.cz\/index.php?rest_route=\/wp\/v2\/posts"}],"about":[{"href":"https:\/\/www.invarena.cz\/index.php?rest_route=\/wp\/v2\/types\/post"}],"author":[{"embeddable":true,"href":"https:\/\/www.invarena.cz\/index.php?rest_route=\/wp\/v2\/users\/1"}],"replies":[{"embeddable":true,"href":"https:\/\/www.invarena.cz\/index.php?rest_route=%2Fwp%2Fv2%2Fcomments&post=37669"}],"version-history":[{"count":0,"href":"https:\/\/www.invarena.cz\/index.php?rest_route=\/wp\/v2\/posts\/37669\/revisions"}],"wp:featuredmedia":[{"embeddable":true,"href":"https:\/\/www.invarena.cz\/index.php?rest_route=\/wp\/v2\/media\/21014"}],"wp:attachment":[{"href":"https:\/\/www.invarena.cz\/index.php?rest_route=%2Fwp%2Fv2%2Fmedia&parent=37669"}],"wp:term":[{"taxonomy":"category","embeddable":true,"href":"https:\/\/www.invarena.cz\/index.php?rest_route=%2Fwp%2Fv2%2Fcategories&post=37669"},{"taxonomy":"post_tag","embeddable":true,"href":"https:\/\/www.invarena.cz\/index.php?rest_route=%2Fwp%2Fv2%2Ftags&post=37669"}],"curies":[{"name":"wp","href":"https:\/\/api.w.org\/{rel}","templated":true}]}}