{"id":37684,"date":"2022-05-25T19:00:10","date_gmt":"2022-05-25T17:00:10","guid":{"rendered":"http:\/\/www.invarena.cz\/?p=37684"},"modified":"2022-05-25T19:00:11","modified_gmt":"2022-05-25T17:00:11","slug":"vysoke-myto-senior-doprava-ma-novy-automobil","status":"publish","type":"post","link":"https:\/\/www.invarena.cz\/?p=37684","title":{"rendered":"Vysok\u00e9 M\u00fdto: Senior doprava m\u00e1 nov\u00fd automobil"},"content":{"rendered":"\n<p>Tak\u0159ka na den po deseti letech od zah\u00e1jen\u00ed senior dopravy ve Vysok\u00e9m M\u00fdt\u011b, provozovan\u00e9 Oblastn\u00edm spolkem \u010cesk\u00e9ho \u010derven\u00e9ho k\u0159\u00ed\u017ee \u00dast\u00ed nad Orlic\u00ed, se uskute\u010dnilo na n\u00e1m\u011bst\u00ed P\u0159emysla Otakara II. slavnostn\u00ed p\u0159edstaven\u00ed nov\u00e9ho automobilu Toyota PROACE CITY Verso.<\/p>\n\n\n\n<p>Cel\u00fd \u010dl\u00e1nek naleznete v Parlamentn\u00edch Listech: <a href=\"https:\/\/www.parlamentnilisty.cz\/politika\/obce-volicum\/Vysoke-Myto-Senior-doprava-ma-novy-automobil-703289\" data-type=\"URL\" data-id=\"https:\/\/www.parlamentnilisty.cz\/politika\/obce-volicum\/Vysoke-Myto-Senior-doprava-ma-novy-automobil-703289\" target=\"_blank\" rel=\"noreferrer noopener\">https:\/\/www.parlamentnilisty.cz\/politika\/obce-volicum\/Vysoke-Myto-Senior-doprava-ma-novy-automobil-703289<\/a><\/p>\n","protected":false},"excerpt":{"rendered":"<div class=\"mh-excerpt\"><p>Tak\u0159ka na den po deseti letech od zah\u00e1jen\u00ed senior dopravy ve Vysok\u00e9m M\u00fdt\u011b, provozovan\u00e9 Oblastn\u00edm spolkem \u010cesk\u00e9ho \u010derven\u00e9ho k\u0159\u00ed\u017ee \u00dast\u00ed nad Orlic\u00ed, se uskute\u010dnilo na <a class=\"mh-excerpt-more\" href=\"https:\/\/www.invarena.cz\/?p=37684\" title=\"Vysok\u00e9 M\u00fdto: Senior doprava m\u00e1 nov\u00fd automobil\">[&#8230;]<\/a><\/p>\n<\/div>","protected":false},"author":1,"featured_media":5054,"comment_status":"open","ping_status":"closed","sticky":false,"template":"","format":"standard","meta":{"footnotes":""},"categories":[9],"tags":[],"class_list":["post-37684","post","type-post","status-publish","format-standard","has-post-thumbnail","hentry","category-zpravy"],"_links":{"self":[{"href":"https:\/\/www.invarena.cz\/index.php?rest_route=\/wp\/v2\/posts\/37684","targetHints":{"allow":["GET"]}}],"collection":[{"href":"https:\/\/www.invarena.cz\/index.php?rest_route=\/wp\/v2\/posts"}],"about":[{"href":"https:\/\/www.invarena.cz\/index.php?rest_route=\/wp\/v2\/types\/post"}],"author":[{"embeddable":true,"href":"https:\/\/www.invarena.cz\/index.php?rest_route=\/wp\/v2\/users\/1"}],"replies":[{"embeddable":true,"href":"https:\/\/www.invarena.cz\/index.php?rest_route=%2Fwp%2Fv2%2Fcomments&post=37684"}],"version-history":[{"count":0,"href":"https:\/\/www.invarena.cz\/index.php?rest_route=\/wp\/v2\/posts\/37684\/revisions"}],"wp:featuredmedia":[{"embeddable":true,"href":"https:\/\/www.invarena.cz\/index.php?rest_route=\/wp\/v2\/media\/5054"}],"wp:attachment":[{"href":"https:\/\/www.invarena.cz\/index.php?rest_route=%2Fwp%2Fv2%2Fmedia&parent=37684"}],"wp:term":[{"taxonomy":"category","embeddable":true,"href":"https:\/\/www.invarena.cz\/index.php?rest_route=%2Fwp%2Fv2%2Fcategories&post=37684"},{"taxonomy":"post_tag","embeddable":true,"href":"https:\/\/www.invarena.cz\/index.php?rest_route=%2Fwp%2Fv2%2Ftags&post=37684"}],"curies":[{"name":"wp","href":"https:\/\/api.w.org\/{rel}","templated":true}]}}