{"id":37690,"date":"2022-05-25T19:09:38","date_gmt":"2022-05-25T17:09:38","guid":{"rendered":"http:\/\/www.invarena.cz\/?p=37690"},"modified":"2022-05-25T19:09:39","modified_gmt":"2022-05-25T17:09:39","slug":"nevidomy-petr-pres-obavy-zvladl-42-kilometru-dlouhou-trasu-z-tynce-do-prcice","status":"publish","type":"post","link":"https:\/\/www.invarena.cz\/?p=37690","title":{"rendered":"Nevidom\u00fd Petr p\u0159es obavy zvl\u00e1dl 42 kilometr\u016f dlouhou trasu z T\u00fdnce do Pr\u010dice"},"content":{"rendered":"\n<p><em>ilustra\u010dn\u00ed foto<\/em><\/p>\n\n\n\n<p>Trochu obavu m\u011bl na startu dvaa\u010dty\u0159icet kilometr\u016f dlouh\u00e9 trasy z T\u00fdnce nad S\u00e1zavou do Pr\u010dice nevidom\u00fd chodec Petr Nov\u00e1k. Ten s doprovodem p\u0159ijel vlakem z Prahy Bran\u00edka. Pr\u00e1v\u011b tam se skamar\u00e1dil s dal\u0161\u00edm turistou Filipem, kter\u00e1 ho pak doprovodil na start do t\u00fdneck\u00e9ho kulturn\u00edho domu. Pr\u00e1v\u011b tam se Petr sv\u011b\u0159il, \u017ee nen\u00ed je\u0161t\u011b tolik rozchozen\u00fd a \u017ee se ob\u00e1v\u00e1, aby do c\u00edle v\u016fbec do\u0161el.<\/p>\n\n\n\n<p>\u201eMus\u00edm pod\u011bkovat, \u017ee jsem do\u0161el a\u017e do c\u00edle. B\u00e1l jsem se toho, \u017ee n\u011bkdo z m\u00e9ho okol\u00ed si report\u00e1\u017e v Bene\u0161ovsk\u00e9m den\u00edku p\u0159e\u010dte a j\u00e1 bych potom musel p\u0159\u00e1tel\u016fm vysv\u011btlovat, \u017ee jsem to prost\u011b z lenosti vzdal,\u201c vysv\u011btlil Petr s t\u00edm, \u017ee Pochod Praha \u2013 Pr\u010dice je i pro n\u011bj moc p\u0159\u00edjemn\u00e1 z\u00e1le\u017eitost.<\/p>\n\n\n\n<p>A jako d\u016fkaz, \u017ee skute\u010dn\u011b do\u0161el a\u017e do c\u00edle, poslal fotografii s p\u0159\u00e1teli na V\u00edtkov\u011b n\u00e1m\u011bst\u00ed v Pr\u010dici.<\/p>\n\n\n\n<p>Zden\u011bk Kellner<\/p>\n\n\n\n<p>Bene\u0161ovsk\u00fd den\u00edk<\/p>\n\n\n\n<p><a href=\"https:\/\/benesovsky.denik.cz\/\" target=\"_blank\" rel=\"noreferrer noopener\">https:\/\/benesovsky.denik.cz\/<\/a><\/p>\n","protected":false},"excerpt":{"rendered":"<div class=\"mh-excerpt\"><p>ilustra\u010dn\u00ed foto Trochu obavu m\u011bl na startu dvaa\u010dty\u0159icet kilometr\u016f dlouh\u00e9 trasy z T\u00fdnce nad S\u00e1zavou do Pr\u010dice nevidom\u00fd chodec Petr Nov\u00e1k. Ten s doprovodem p\u0159ijel <a class=\"mh-excerpt-more\" href=\"https:\/\/www.invarena.cz\/?p=37690\" title=\"Nevidom\u00fd Petr p\u0159es obavy zvl\u00e1dl 42 kilometr\u016f dlouhou trasu z T\u00fdnce do Pr\u010dice\">[&#8230;]<\/a><\/p>\n<\/div>","protected":false},"author":1,"featured_media":30343,"comment_status":"open","ping_status":"closed","sticky":false,"template":"","format":"standard","meta":{"footnotes":""},"categories":[9],"tags":[],"class_list":["post-37690","post","type-post","status-publish","format-standard","has-post-thumbnail","hentry","category-zpravy"],"_links":{"self":[{"href":"https:\/\/www.invarena.cz\/index.php?rest_route=\/wp\/v2\/posts\/37690","targetHints":{"allow":["GET"]}}],"collection":[{"href":"https:\/\/www.invarena.cz\/index.php?rest_route=\/wp\/v2\/posts"}],"about":[{"href":"https:\/\/www.invarena.cz\/index.php?rest_route=\/wp\/v2\/types\/post"}],"author":[{"embeddable":true,"href":"https:\/\/www.invarena.cz\/index.php?rest_route=\/wp\/v2\/users\/1"}],"replies":[{"embeddable":true,"href":"https:\/\/www.invarena.cz\/index.php?rest_route=%2Fwp%2Fv2%2Fcomments&post=37690"}],"version-history":[{"count":0,"href":"https:\/\/www.invarena.cz\/index.php?rest_route=\/wp\/v2\/posts\/37690\/revisions"}],"wp:featuredmedia":[{"embeddable":true,"href":"https:\/\/www.invarena.cz\/index.php?rest_route=\/wp\/v2\/media\/30343"}],"wp:attachment":[{"href":"https:\/\/www.invarena.cz\/index.php?rest_route=%2Fwp%2Fv2%2Fmedia&parent=37690"}],"wp:term":[{"taxonomy":"category","embeddable":true,"href":"https:\/\/www.invarena.cz\/index.php?rest_route=%2Fwp%2Fv2%2Fcategories&post=37690"},{"taxonomy":"post_tag","embeddable":true,"href":"https:\/\/www.invarena.cz\/index.php?rest_route=%2Fwp%2Fv2%2Ftags&post=37690"}],"curies":[{"name":"wp","href":"https:\/\/api.w.org\/{rel}","templated":true}]}}