{"id":37735,"date":"2022-06-06T16:39:59","date_gmt":"2022-06-06T14:39:59","guid":{"rendered":"http:\/\/www.invarena.cz\/?p=37735"},"modified":"2022-06-06T16:40:00","modified_gmt":"2022-06-06T14:40:00","slug":"poslusnost-ci-trasa-s-prekazkami-v-liberci-predvedli-vodici-psi-sve-dovednosti","status":"publish","type":"post","link":"https:\/\/www.invarena.cz\/?p=37735","title":{"rendered":"Poslu\u0161nost \u010di trasa s p\u0159ek\u00e1\u017ekami. V Liberci p\u0159edvedli vodic\u00ed psi sv\u00e9 dovednosti"},"content":{"rendered":"\n<p>D\u011bkujeme, \u017ee jdete s n\u00e1mi. Ofici\u00e1ln\u00ed mistrovstv\u00ed \u010cR vodic\u00edch ps\u016f uspo\u0159\u00e1dal v ned\u011bli 5. \u010dervna v Liberci spolek \u017divot jde d\u00e1l.<\/p>\n\n\n\n<p>T\u0159ia\u0161edes\u00e1tilet\u00e1 Alice \u010cervinkov\u00e1 z Mostu do t\u0159\u00ed let nevid\u011bla. Pak j\u00ed n\u011bkolik operac\u00ed pomohlo, ale stejn\u011b se jej\u00ed zrak postupn\u011b zhor\u0161oval, a\u017e o n\u011bj znovu p\u0159i\u0161la. Pomocn\u00edka, bez kter\u00e9ho si u\u017e nedok\u00e1\u017ee \u017eivot p\u0159edstavit, na\u0161la v \u0161estilet\u00e9m vodic\u00edm psu se jm\u00e9nem Dante. Do m\u011bsta pod Je\u0161t\u011bdem dorazila kv\u016fli \u00fa\u010dasti na mistrovstv\u00ed \u010cR vodic\u00edch ps\u016f.<\/p>\n\n\n\n<p>\u201eP\u0159ihl\u00e1sila jsem se hlavn\u011b kv\u016fli psovi, aby se zdokonalil v poslu\u0161nosti, nezapom\u00ednal povely a nenechal se rozpt\u00fdlit okoln\u00edmi podn\u011bty,\u201c \u0159ekla Den\u00edku \u00fa\u010dastnice mistrovstv\u00ed. Dante je jej\u00ed druh\u00fd \u010dty\u0159noh\u00fd par\u0165\u00e1k a mezi nej\u010dast\u011bj\u0161\u00ed ru\u0161iv\u00e9 elementy pat\u0159\u00ed ostatn\u00ed psi a lidi, kte\u0159\u00ed chlup\u00e1\u010de hlad\u00ed. \u201eBez pejska bych u\u017e nevy\u0161la v\u016fbec ven,\u201c sv\u011b\u0159ila se z\u00e1vodnice.<\/p>\n\n\n\n<p>Z\u00e1vody vodic\u00edch ps\u016f upo\u0159\u00e1dal spolek \u017divot jde d\u00e1l u\u017e po\u0161est\u00e9, loni prob\u011bhlo neofici\u00e1ln\u00ed mistrovstv\u00ed vodic\u00edch ps\u016f a letos to bylo poprv\u00e9, kdy se jednalo o ofici\u00e1ln\u00ed Mistrovstv\u00ed \u010cR vodic\u00edch ps\u016f \u2013 Memori\u00e1l Simony Karlovcov\u00e9. Uskute\u010dnilo se v ned\u011bli 5. \u010dervna v libereck\u00fdch ulic\u00edch a na n\u00e1m\u011bst\u00ed p\u0159ed radnic\u00ed. V pohodov\u00e9 atmosf\u00e9\u0159e z\u00e1vodu, ve kter\u00e9m sp\u00ed\u0161e ne\u017e o rychlost \u0161lo o u\u017eit\u00ed si vz\u00e1jemn\u00e9 spole\u010dnosti a hezk\u00e9ho dne, zm\u011b\u0159ilo sv\u00e9 s\u00edly dvan\u00e1ct dvojic. Dva z\u00e1vodn\u00edci se museli omluvit ze zdravotn\u00edch d\u016fvod\u016f.<\/p>\n\n\n\n<p>Samotn\u00e1 sout\u011b\u017e se skl\u00e1dala ze dvou \u010d\u00e1st\u00ed. B\u011bhem takzvan\u00e9 frekvence na sout\u011b\u017e\u00edc\u00ed \u010dekala \u201ep\u0159ek\u00e1\u017ekov\u00e1\u201c dr\u00e1ha, ze kter\u00e9 musel vodic\u00ed pes bezpe\u010dn\u011b vyv\u00e9st sv\u00e9ho p\u00e1na. Jednalo se o trasu, p\u0159i kter\u00e9 \u010dty\u0159noh\u00fd par\u0165\u00e1k musel nap\u0159\u00edklad ozna\u010dit chodn\u00edk, vyhledat dve\u0159e, schody \u010di p\u0159echod nebo bezpe\u010dn\u011b obej\u00edt p\u0159ek\u00e1\u017eku.<\/p>\n\n\n\n<p>\u201eNejt\u011b\u017e\u0161\u00ed discipl\u00ednou je poslu\u0161nost p\u0159i takzvan\u00e9m odlo\u017een\u00ed. To znamen\u00e1, kdy\u017e p\u00e1n odlo\u017e\u00ed sv\u00e9ho vodic\u00edho psa, odejde od n\u011bj a vodic\u00ed pes mus\u00ed z\u016fstat na sv\u00e9m m\u00edst\u011b a nepohnout se z m\u00edsta, dokud si ho jeho p\u00e1n nep\u0159ivol\u00e1,\u201c popsal \u00fakoly zakladatel spolku Roman Van\u011bk s t\u00edm, \u017ee pro pejsky p\u0159ipravili spoustu r\u016fzn\u00fdch dobrot, pamlsk\u016f, vitamin\u016f a hra\u010dek.<\/p>\n\n\n\n<p>Sou\u010d\u00e1st\u00ed mistrovstv\u00ed byl i doprovodn\u00fd program, kter\u00fd umo\u017enil n\u00e1v\u0161t\u011bvn\u00edk\u016fm nahl\u00e9dnout do \u017eivota nevidom\u00fdch. Mohli se sezn\u00e1mit s r\u016fzn\u00fdmi kompenza\u010dn\u00edmi pom\u016fckami \u010di zhl\u00e9dnout uk\u00e1zku fyzioterapie pro psy, vyu\u017eit\u00ed b\u00edl\u00e9 hole a simula\u010dn\u00edch br\u00fdl\u00ed. Nechyb\u011bl ani labyrint, kter\u00fd si mohli lid\u00e9 proj\u00edt s klapkami na o\u010d\u00edch. O hudebn\u00ed vystoupen\u00ed se postarali nejen nevidom\u00ed um\u011blci Rachot band.<\/p>\n\n\n\n<p>Spolek \u017divot jde d\u00e1l vznikl s c\u00edlem sdru\u017eovat nevidom\u00e9 i jinak handicapovan\u00e9 lidi. \u201eChceme umo\u017enit p\u0159ed\u00e1v\u00e1n\u00ed zku\u0161enost\u00ed a kontakt\u016f a celkov\u011b za\u010dle\u0148ovat lidi s podobn\u00fdm handicapem do b\u011b\u017en\u00e9ho \u017eivota. Nab\u00edz\u00edme volno\u010dasov\u00e9 aktivity, kter\u00e9 pom\u00e1haj\u00ed celkov\u00e9mu rozvoji handicapovan\u00e9ho,\u201c sd\u011blil Van\u011bk, kter\u00fd poch\u00e1z\u00ed z Varnsdorfu a \u017eije tam. Zrak se mu za\u010dal zhor\u0161ovat ve t\u0159iceti letech kv\u016fli t\u011b\u017ek\u00e9mu onemocn\u011bn\u00ed diabetem. P\u0159esto\u017ee podstoupil n\u011bkolik operac\u00ed, od roku 2012 rozpozn\u00e1 pouze sv\u011btlo a tmu. \u201eV\u0161e se obr\u00e1tilo k lep\u0161\u00edmu, kdy\u017e jsem z\u00edskal vodic\u00edho labradorsk\u00e9ho retr\u00edvra Nabuchodonozora. Absolvoval jsem kurz psan\u00ed v\u0161emi deseti a proto\u017ee jsem r\u00e1d vypr\u00e1v\u011bl poh\u00e1dky synovi, za\u010dal jsem jim d\u00e1vat p\u00edsemnou podobu,\u201c podotkl.<\/p>\n\n\n\n<p>Vlastn\u00edm n\u00e1kladem vydal Poh\u00e1dky pro sv\u011btlo a za pomoci M\u011bstsk\u00e9 knihovny Varnsdorf vydal druhou kn\u00ed\u017eku poh\u00e1dek Rozvern\u00e1 p\u011btka. Spolek \u017divot jde d\u00e1l zalo\u017eil p\u0159ed p\u011bti lety.<\/p>\n\n\n\n<p>Podle Romana Va\u0148ka dne\u0161n\u00ed doba umo\u017e\u0148uje zlep\u0161en\u00ed kvality \u017eivota lid\u00ed se zrakov\u00fdm posti\u017een\u00edm. Pokrok jde dop\u0159edu a technika se neust\u00e1le vyv\u00edj\u00ed. \u201eElektronika natolik pokro\u010dila, \u017ee jsme hodn\u011b sob\u011bsta\u010dn\u00ed. M\u00e1me mluvic\u00ed hodinky, mobily, po\u010d\u00edta\u010de \u010di notebooky,\u201c dodal zakladatel spolku \u017divot jde d\u00e1l.<\/p>\n\n\n\n<p>Ji\u0159\u00ed Louda<\/p>\n\n\n\n<p>Libereck\u00fd den\u00edk<\/p>\n\n\n\n<p><a href=\"https:\/\/liberecky.denik.cz\/\" target=\"_blank\" rel=\"noreferrer noopener\">https:\/\/liberecky.denik.cz\/<\/a><\/p>\n","protected":false},"excerpt":{"rendered":"<div class=\"mh-excerpt\"><p>D\u011bkujeme, \u017ee jdete s n\u00e1mi. Ofici\u00e1ln\u00ed mistrovstv\u00ed \u010cR vodic\u00edch ps\u016f uspo\u0159\u00e1dal v ned\u011bli 5. \u010dervna v Liberci spolek \u017divot jde d\u00e1l. T\u0159ia\u0161edes\u00e1tilet\u00e1 Alice \u010cervinkov\u00e1 z <a class=\"mh-excerpt-more\" href=\"https:\/\/www.invarena.cz\/?p=37735\" title=\"Poslu\u0161nost \u010di trasa s p\u0159ek\u00e1\u017ekami. V Liberci p\u0159edvedli vodic\u00ed psi sv\u00e9 dovednosti\">[&#8230;]<\/a><\/p>\n<\/div>","protected":false},"author":1,"featured_media":14242,"comment_status":"open","ping_status":"closed","sticky":false,"template":"","format":"standard","meta":{"footnotes":""},"categories":[9],"tags":[],"class_list":["post-37735","post","type-post","status-publish","format-standard","has-post-thumbnail","hentry","category-zpravy"],"_links":{"self":[{"href":"https:\/\/www.invarena.cz\/index.php?rest_route=\/wp\/v2\/posts\/37735","targetHints":{"allow":["GET"]}}],"collection":[{"href":"https:\/\/www.invarena.cz\/index.php?rest_route=\/wp\/v2\/posts"}],"about":[{"href":"https:\/\/www.invarena.cz\/index.php?rest_route=\/wp\/v2\/types\/post"}],"author":[{"embeddable":true,"href":"https:\/\/www.invarena.cz\/index.php?rest_route=\/wp\/v2\/users\/1"}],"replies":[{"embeddable":true,"href":"https:\/\/www.invarena.cz\/index.php?rest_route=%2Fwp%2Fv2%2Fcomments&post=37735"}],"version-history":[{"count":0,"href":"https:\/\/www.invarena.cz\/index.php?rest_route=\/wp\/v2\/posts\/37735\/revisions"}],"wp:featuredmedia":[{"embeddable":true,"href":"https:\/\/www.invarena.cz\/index.php?rest_route=\/wp\/v2\/media\/14242"}],"wp:attachment":[{"href":"https:\/\/www.invarena.cz\/index.php?rest_route=%2Fwp%2Fv2%2Fmedia&parent=37735"}],"wp:term":[{"taxonomy":"category","embeddable":true,"href":"https:\/\/www.invarena.cz\/index.php?rest_route=%2Fwp%2Fv2%2Fcategories&post=37735"},{"taxonomy":"post_tag","embeddable":true,"href":"https:\/\/www.invarena.cz\/index.php?rest_route=%2Fwp%2Fv2%2Ftags&post=37735"}],"curies":[{"name":"wp","href":"https:\/\/api.w.org\/{rel}","templated":true}]}}