{"id":37833,"date":"2022-06-28T15:09:57","date_gmt":"2022-06-28T13:09:57","guid":{"rendered":"http:\/\/www.invarena.cz\/?p=37833"},"modified":"2022-06-28T15:09:57","modified_gmt":"2022-06-28T13:09:57","slug":"rakovina-mocoveho-mechyre-je-mene-znama-presto-zavazna-cemu-venovat-pozornost","status":"publish","type":"post","link":"https:\/\/www.invarena.cz\/?p=37833","title":{"rendered":"Rakovina mo\u010dov\u00e9ho m\u011bch\u00fd\u0159e je m\u00e9n\u011b zn\u00e1m\u00e1, p\u0159esto z\u00e1va\u017en\u00e1. \u010cemu v\u011bnovat pozornost?"},"content":{"rendered":"\n<p>Rakovina mo\u010dov\u00e9ho m\u011bch\u00fd\u0159e je podle posledn\u00edch dat osm\u00fdm nej\u010dast\u011bji diagnostikovan\u00fdm onkologick\u00fdm onemocn\u011bn\u00edm v\u00a0\u010cesk\u00e9 republice. Nej\u010dast\u011bji se objevuje u\u00a0mu\u017e\u016f nad \u0161edes\u00e1t let. L\u00e9\u010dba a\u00a0\u0161ance na vyl\u00e9\u010den\u00ed jsou vysok\u00e9, pokud se v\u010das zachyt\u00ed. Ranou f\u00e1zi ale \u010dasto neprov\u00e1z\u00ed \u017e\u00e1dn\u00e9 obt\u00ed\u017ee. Jak\u00e9 jsou prvotn\u00ed p\u0159\u00edznaky, rizikov\u00e9 faktory a\u00a0prevence, jak se rakovina diagnostikuje a\u00a0jak\u00e9 jsou mo\u017enosti l\u00e9\u010dby a\u00a0statistiky \u0161ance na vyl\u00e9\u010den\u00ed?<\/p>\n\n\n\n<p>Cel\u00fd \u010dl\u00e1nek naleznete na novinky.cz: <a href=\"https:\/\/www.novinky.cz\/zena\/zdravi\/clanek\/rakovina-mocoveho-mechyre-je-mene-znama-presto-zavazna-cemu-venovat-pozornost-40396549\" target=\"_blank\" rel=\"noreferrer noopener\">https:\/\/www.novinky.cz\/zena\/zdravi\/clanek\/rakovina-mocoveho-mechyre-je-mene-znama-presto-zavazna-cemu-venovat-pozornost-40396549<\/a><\/p>\n","protected":false},"excerpt":{"rendered":"<div class=\"mh-excerpt\"><p>Rakovina mo\u010dov\u00e9ho m\u011bch\u00fd\u0159e je podle posledn\u00edch dat osm\u00fdm nej\u010dast\u011bji diagnostikovan\u00fdm onkologick\u00fdm onemocn\u011bn\u00edm v\u00a0\u010cesk\u00e9 republice. Nej\u010dast\u011bji se objevuje u\u00a0mu\u017e\u016f nad \u0161edes\u00e1t let. L\u00e9\u010dba a\u00a0\u0161ance na vyl\u00e9\u010den\u00ed <a class=\"mh-excerpt-more\" href=\"https:\/\/www.invarena.cz\/?p=37833\" title=\"Rakovina mo\u010dov\u00e9ho m\u011bch\u00fd\u0159e je m\u00e9n\u011b zn\u00e1m\u00e1, p\u0159esto z\u00e1va\u017en\u00e1. \u010cemu v\u011bnovat pozornost?\">[&#8230;]<\/a><\/p>\n<\/div>","protected":false},"author":1,"featured_media":14888,"comment_status":"open","ping_status":"closed","sticky":false,"template":"","format":"standard","meta":{"footnotes":""},"categories":[9],"tags":[],"class_list":["post-37833","post","type-post","status-publish","format-standard","has-post-thumbnail","hentry","category-zpravy"],"_links":{"self":[{"href":"https:\/\/www.invarena.cz\/index.php?rest_route=\/wp\/v2\/posts\/37833","targetHints":{"allow":["GET"]}}],"collection":[{"href":"https:\/\/www.invarena.cz\/index.php?rest_route=\/wp\/v2\/posts"}],"about":[{"href":"https:\/\/www.invarena.cz\/index.php?rest_route=\/wp\/v2\/types\/post"}],"author":[{"embeddable":true,"href":"https:\/\/www.invarena.cz\/index.php?rest_route=\/wp\/v2\/users\/1"}],"replies":[{"embeddable":true,"href":"https:\/\/www.invarena.cz\/index.php?rest_route=%2Fwp%2Fv2%2Fcomments&post=37833"}],"version-history":[{"count":0,"href":"https:\/\/www.invarena.cz\/index.php?rest_route=\/wp\/v2\/posts\/37833\/revisions"}],"wp:featuredmedia":[{"embeddable":true,"href":"https:\/\/www.invarena.cz\/index.php?rest_route=\/wp\/v2\/media\/14888"}],"wp:attachment":[{"href":"https:\/\/www.invarena.cz\/index.php?rest_route=%2Fwp%2Fv2%2Fmedia&parent=37833"}],"wp:term":[{"taxonomy":"category","embeddable":true,"href":"https:\/\/www.invarena.cz\/index.php?rest_route=%2Fwp%2Fv2%2Fcategories&post=37833"},{"taxonomy":"post_tag","embeddable":true,"href":"https:\/\/www.invarena.cz\/index.php?rest_route=%2Fwp%2Fv2%2Ftags&post=37833"}],"curies":[{"name":"wp","href":"https:\/\/api.w.org\/{rel}","templated":true}]}}