{"id":37885,"date":"2022-07-28T01:28:01","date_gmt":"2022-07-27T23:28:01","guid":{"rendered":"http:\/\/www.invarena.cz\/?p=37885"},"modified":"2022-07-28T01:28:02","modified_gmt":"2022-07-27T23:28:02","slug":"prispevek-na-mobilitu-ve-ii-stupni","status":"publish","type":"post","link":"https:\/\/www.invarena.cz\/?p=37885","title":{"rendered":"P\u0159\u00edsp\u011bvek na mobilitu ve II. stupni"},"content":{"rendered":"\n<p>Dotaz:<\/p>\n\n\n\n<p>Pob\u00edr\u00e1m invalidn\u00ed d\u016fchod II. stupn\u011b. M\u00e1m n\u00e1rok na p\u0159\u00edsp\u011bvek na mobilitu?<\/p>\n\n\n\n<p>Odpov\u011b\u010f:<\/p>\n\n\n\n<p>N\u00e1rok na p\u0159\u00edsp\u011bvek na mobilitu maj\u00ed dr\u017eitel\u00e9 pr\u016fkazu ZTP nebo ZTP\/P.<br>P\u0159izn\u00e1n\u00ed pr\u016fkazu ZTP \u010di ZTP\/P z\u00e1vis\u00ed na tom, zda \u017eadatel o jeden z<br>t\u011bchto pr\u016fkaz\u016f m\u00e1 obt\u00ed\u017ee v oblasti mobility \u010di orientace nebo zda<br>\u017eadatel trp\u00ed poruchou autistick\u00e9ho spektra. Skute\u010dnost, \u017ee pob\u00edr\u00e1te ID<br>II. stupn\u011b, nen\u00ed pro p\u0159izn\u00e1n\u00ed p\u0159\u00edsp\u011bvku na mobilitu rozhoduj\u00edc\u00ed. Pokud<br>m\u00e1te p\u0159iznan\u00fd pr\u016fkaz ZTP \u010di ZTP\/P, po\u017e\u00e1dejte na \u00daP v m\u00edst\u011b Va\u0161eho<br>bydli\u0161t\u011b o p\u0159izn\u00e1n\u00ed p\u0159\u00edsp\u011bvku na mobilitu. Nejste-li dr\u017eitelem jednoho z<br>t\u011bchto pr\u016fkaz\u016f, pokuste se na \u00daP v m\u00edst\u011b Va\u0161eho bydli\u0161t\u011b po\u017e\u00e1dat o jeho<br>p\u0159izn\u00e1n\u00ed.<br>admin<\/p>\n","protected":false},"excerpt":{"rendered":"<div class=\"mh-excerpt\"><p>Dotaz: Pob\u00edr\u00e1m invalidn\u00ed d\u016fchod II. stupn\u011b. M\u00e1m n\u00e1rok na p\u0159\u00edsp\u011bvek na mobilitu? Odpov\u011b\u010f: N\u00e1rok na p\u0159\u00edsp\u011bvek na mobilitu maj\u00ed dr\u017eitel\u00e9 pr\u016fkazu ZTP nebo ZTP\/P.P\u0159izn\u00e1n\u00ed pr\u016fkazu <a class=\"mh-excerpt-more\" href=\"https:\/\/www.invarena.cz\/?p=37885\" title=\"P\u0159\u00edsp\u011bvek na mobilitu ve II. stupni\">[&#8230;]<\/a><\/p>\n<\/div>","protected":false},"author":1,"featured_media":33466,"comment_status":"open","ping_status":"closed","sticky":false,"template":"","format":"standard","meta":{"footnotes":""},"categories":[18],"tags":[],"class_list":["post-37885","post","type-post","status-publish","format-standard","has-post-thumbnail","hentry","category-poradna"],"_links":{"self":[{"href":"https:\/\/www.invarena.cz\/index.php?rest_route=\/wp\/v2\/posts\/37885","targetHints":{"allow":["GET"]}}],"collection":[{"href":"https:\/\/www.invarena.cz\/index.php?rest_route=\/wp\/v2\/posts"}],"about":[{"href":"https:\/\/www.invarena.cz\/index.php?rest_route=\/wp\/v2\/types\/post"}],"author":[{"embeddable":true,"href":"https:\/\/www.invarena.cz\/index.php?rest_route=\/wp\/v2\/users\/1"}],"replies":[{"embeddable":true,"href":"https:\/\/www.invarena.cz\/index.php?rest_route=%2Fwp%2Fv2%2Fcomments&post=37885"}],"version-history":[{"count":0,"href":"https:\/\/www.invarena.cz\/index.php?rest_route=\/wp\/v2\/posts\/37885\/revisions"}],"wp:featuredmedia":[{"embeddable":true,"href":"https:\/\/www.invarena.cz\/index.php?rest_route=\/wp\/v2\/media\/33466"}],"wp:attachment":[{"href":"https:\/\/www.invarena.cz\/index.php?rest_route=%2Fwp%2Fv2%2Fmedia&parent=37885"}],"wp:term":[{"taxonomy":"category","embeddable":true,"href":"https:\/\/www.invarena.cz\/index.php?rest_route=%2Fwp%2Fv2%2Fcategories&post=37885"},{"taxonomy":"post_tag","embeddable":true,"href":"https:\/\/www.invarena.cz\/index.php?rest_route=%2Fwp%2Fv2%2Ftags&post=37885"}],"curies":[{"name":"wp","href":"https:\/\/api.w.org\/{rel}","templated":true}]}}