{"id":3791,"date":"2013-04-15T09:52:45","date_gmt":"2013-04-15T07:52:45","guid":{"rendered":"http:\/\/www.invarena.cz\/?p=3791"},"modified":"2013-04-16T14:13:48","modified_gmt":"2013-04-16T12:13:48","slug":"byznys-nebo-strach-z-trestu-politici-dumaji-proc-topka-tak-brani-sockarty","status":"publish","type":"post","link":"https:\/\/www.invarena.cz\/?p=3791","title":{"rendered":"Byznys nebo strach z trestu? Politici dumaj\u00ed, pro\u010d topka tak br\u00e1n\u00ed sockarty"},"content":{"rendered":"<p><strong>Pro\u010d se TOP 09 tak dr\u017e\u00ed projektu sKaret? Premi\u00e9r Petr Ne\u010das v rozhovoru pro HN nazna\u010dil, \u017ee za t\u00edm mohou b\u00fdt i skryt\u00e9 z\u00e1jmy \u2013 n\u011bkdo m\u00e1 na projektu vyd\u011blat. Z\u00e1stupci \u010cSSD p\u0159ipou\u0161t\u00ed, \u017ee i to m\u016f\u017ee b\u00fdt jedna z variant.<\/strong><br \/>\n<!--more--><br \/>\n&#8222;Na cel\u00e9m projektu pana Dr\u00e1bka a pana \u0160i\u0161ky z\u0159ejm\u011b n\u011bkdo st\u00e1le vyd\u011bl\u00e1v\u00e1\u2026 Proto m\u00e1 pan\u00ed ministryn\u011b \u00fakol tento podnik za ka\u017edou cenu udr\u017eet,&#8220; sd\u011blil Parlamentn\u00edmList\u016fm.cz sv\u016fj n\u00e1zor m\u00edstop\u0159edseda \u010cSSD Lubom\u00edr Zaor\u00e1lek. A\u010dkoliv toti\u017e premi\u00e9r Petr Ne\u010das navrhl, aby byly sKarty zru\u0161eny, ministryn\u011b pr\u00e1ce a soci\u00e1ln\u00edch v\u011bc\u00ed Ludmila M\u00fcllerov\u00e1 zru\u0161en\u00ed odm\u00edt\u00e1.<\/p>\n<p>Jak ale s\u00e1m Zaor\u00e1lek poznamen\u00e1v\u00e1, za v\u0161\u00edm m\u016f\u017ee b\u00fdt tak\u00e9 jen strach z p\u0159\u00edpadn\u00fdch d\u016fsledk\u016f. &#8222;Druh\u00e1 v\u011bc je, kdo by v p\u0159\u00edpad\u011b odstoupen\u00ed od smlouvy m\u011bl zaplatit on\u011bch 300 milion\u016f, kter\u00e9 \u010cesk\u00e1 spo\u0159itelna prod\u011bl\u00e1. Mus\u00edme mluvit tak\u00e9 o odpov\u011bdnosti trestn\u00ed. Ministerstvo v t\u00e9hle smlouv\u011b poru\u0161ilo z\u00e1kon,&#8220; m\u00edn\u00ed poslanec.<\/p>\n<p>S\u00e1m Ne\u010das v rozhovoru vypo\u010d\u00edtal t\u0159i mo\u017en\u00e9 sc\u00e9n\u00e1\u0159e, pro\u010d TOP 09 odm\u00edt\u00e1 sKarty &#8222;pustit&#8220;. Jedn\u00edm byla je\u0161itnost TOP 09 a odm\u00edt\u00e1n\u00ed rozlou\u010dit se se svou vlajkovou lod\u00ed. &#8222;Za druh\u00e9 jsou to n\u011bjak\u00e9 skryt\u00e9 z\u00e1jmy &#8211; mo\u017en\u00e1 na tom projektu mohl nebo m\u011bl n\u011bkdo vyd\u011blat,&#8220; pokra\u010doval premi\u00e9r. Jako t\u0159et\u00ed uvedl i ten, o kter\u00e9m spekuluje Zaor\u00e1lek.<\/p>\n<p><strong>V\u016fbec ne\u0161lo o u\u017eitek ob\u010dan\u016f nebo st\u00e1tu<\/strong><\/p>\n<p>I st\u00ednov\u00fd ministr vnitra za \u010cSSD Jeron\u00fdm Tejc m\u00e1 jasno &#8211; zak\u00e1zka sKaret je opravdu podez\u0159el\u00e1. &#8222;Projekt sKaret je od za\u010d\u00e1tku prov\u00e1zen nestandardn\u00edmi kroky. Neprob\u011bhlo z\u00e1konn\u00e9 v\u00fdb\u011brov\u00e9 \u0159\u00edzen\u00ed na dodavatele, smlouvu nepodepsal ministr, ale pouze n\u00e1m\u011bstek, z\u00e1kony upravuj\u00edc\u00ed u\u017e\u00edv\u00e1n\u00ed sKarty byly p\u0159ij\u00edm\u00e1ny a\u017e v pr\u016fb\u011bhu projektu, atd. Na m\u011b to p\u016fsob\u00ed tak, \u017ee v\u016fbec ne\u0161lo o u\u017eitek ob\u010dan\u016f \u010di st\u00e1tu z projektu, ale o projekt jako takov\u00fd,&#8220; nazna\u010duje Tejc, \u017ee za sKartami skute\u010dn\u011b m\u016f\u017ee b\u00fdt &#8222;n\u011bco v\u011bt\u0161\u00edho&#8220;, jak \u0159ekl s\u00e1m premi\u00e9r Ne\u010das.<\/p>\n<p>Jak ale poznamen\u00e1v\u00e1 poslankyn\u011b LIDEM Dagmar Navr\u00e1tilov\u00e1, p\u016fvodn\u011b premi\u00e9r nebyl a\u017e tak kritick\u00fd &#8211; prosazoval nap\u0159\u00edklad dobrovolnost soci\u00e1ln\u00edch karet. &#8222;V\u00fdplata soci\u00e1ln\u00edch d\u00e1vek prost\u0159ednictv\u00edm sKaret p\u0159edstavuje pro klienty roz\u0161\u00ed\u0159en\u00ed zp\u016fsobu \u010derp\u00e1n\u00ed d\u00e1vek. J\u00e1 s\u00e1m jsem p\u0159\u00edznivcem modern\u00edch technologi\u00ed, ale z\u00e1rove\u0148 jsem d\u016fsledn\u011b pro jejich dobrovoln\u00e9 u\u017e\u00edv\u00e1n\u00ed a pro postupn\u00fd evolu\u010dn\u00ed v\u00fdvoj, kter\u00fd bude roz\u0161i\u0159ovat pou\u017e\u00edv\u00e1n\u00ed t\u011bchto modern\u00edch princip\u016f,&#8220; uvedl na konci lo\u0148sk\u00e9ho roku na tiskov\u00e9 konferenci.<\/p>\n<p><strong>Najednou premi\u00e9r oto\u010dil. Pro\u010d?<\/strong><\/p>\n<p>&#8222;Pan premi\u00e9r projekt podporoval, osobn\u011b se \u00fa\u010dastnil prosincov\u00e9 dohody se spo\u0159itelnou. Jeho sou\u010dasn\u00e1 vyj\u00e1d\u0159en\u00ed, kter\u00e1 sKartu zcela neguj\u00ed, mne proto pon\u011bkud p\u0159ekvapuj\u00ed. Pokud m\u00e1 premi\u00e9r informace, kter\u00e9 nem\u00e1 Sn\u011bmovna a ve\u0159ejnost, m\u011bl by n\u00e1s neprodlen\u011b informovat,&#8220; \u0159\u00edk\u00e1 k jeho nyn\u011bj\u0161\u00edm prohl\u00e1\u0161en\u00edm Navr\u00e1tilov\u00e1.<\/p>\n<p>Jak uvedla Parlamentn\u00edmList\u016fm.cz, jej\u00ed strana nyn\u00ed po\u017eaduje urychlen\u00e9 p\u0159edlo\u017een\u00ed n\u00e1klad\u016f a sankc\u00ed. A\u017e pot\u00e9 se definitivn\u011b rozhodne, jak\u00e9 dal\u0161\u00ed kroky LIDEM podnikne.<\/p>\n<p>Nejen Ne\u010das, ale i dal\u0161\u00ed \u010dlenov\u00e9 ODS upozor\u0148uj\u00ed na nestandardnost sKarty. Premi\u00e9r hovo\u0159il o p\u0159ehnan\u00e9 cen\u011b karet, poslanec Boris \u0160\u0165astn\u00fd zmi\u0148uje klientelismus. &#8222;SKarta nebo \u201anov\u00e1\u2018 Opencard, to oboj\u00ed jsou p\u0159eci fale\u0161n\u00e9 karty TOP 09, se kter\u00fdmi obehr\u00e1vaj\u00ed na\u0161e ob\u010dany. Netransparentnost, klientelismus, propojen\u00ed zak\u00e1zek se stranick\u00fdmi p\u0159edstaviteli, st\u0159et z\u00e1jm\u016f, nestandardn\u00ed v\u00fdb\u011brov\u00e1 \u0159\u00edzen\u00ed a p\u0159edra\u017eenost, to jsou hlavn\u00ed esa v ruk\u00e1vu fale\u0161n\u00fdch karetn\u00edch hr\u00e1\u010d\u016f z TOP 09,&#8220; \u0159ekl Parlamentn\u00edmList\u016fm.cz.<\/p>\n<p>Podobn\u00fdch v\u011bc\u00ed si m\u011bl premi\u00e9r ale v\u0161imnout d\u0159\u00edve, podle b\u00fdval\u00e9ho poslance ODS, nyn\u00ed neza\u0159azen\u00e9ho, Michala Doktora hovo\u0159\u00ed Ne\u010das trochu opo\u017ed\u011bn\u011b. &#8222;Ka\u017ed\u00fd neseme odpov\u011bdnost za sv\u00e1 slova i \u010diny. Toto mi p\u0159ipad\u00e1 stejn\u011b pozdn\u00ed procitnut\u00ed jako probuzen\u00ed leto\u0161n\u00edho jara,&#8220; p\u0159irovn\u00e1v\u00e1 poslanec.<\/p>\n<p>&#8222;Pan premi\u00e9r se m\u011bl radit p\u0159ed podpisem smlouvy se spo\u0159itelnou, tady nejde jen o sKarty, ale i o bezpe\u010d\u00ed milionu dat d\u016fchodov\u00e9ho syst\u00e9mu,&#8220; varuje tak\u00e9 Doktor.<\/p>\n<p>Parlamentnilisty.cz<\/p>\n","protected":false},"excerpt":{"rendered":"<div class=\"mh-excerpt\"><p>Pro\u010d se TOP 09 tak dr\u017e\u00ed projektu sKaret? Premi\u00e9r Petr Ne\u010das v rozhovoru pro HN nazna\u010dil, \u017ee za t\u00edm mohou b\u00fdt i skryt\u00e9 z\u00e1jmy \u2013 <a class=\"mh-excerpt-more\" href=\"https:\/\/www.invarena.cz\/?p=3791\" title=\"Byznys nebo strach z trestu? Politici dumaj\u00ed, pro\u010d topka tak br\u00e1n\u00ed sockarty\">[&#8230;]<\/a><\/p>\n<\/div>","protected":false},"author":1,"featured_media":0,"comment_status":"open","ping_status":"open","sticky":false,"template":"","format":"standard","meta":{"footnotes":""},"categories":[6],"tags":[],"class_list":["post-3791","post","type-post","status-publish","format-standard","hentry","category-politika"],"_links":{"self":[{"href":"https:\/\/www.invarena.cz\/index.php?rest_route=\/wp\/v2\/posts\/3791","targetHints":{"allow":["GET"]}}],"collection":[{"href":"https:\/\/www.invarena.cz\/index.php?rest_route=\/wp\/v2\/posts"}],"about":[{"href":"https:\/\/www.invarena.cz\/index.php?rest_route=\/wp\/v2\/types\/post"}],"author":[{"embeddable":true,"href":"https:\/\/www.invarena.cz\/index.php?rest_route=\/wp\/v2\/users\/1"}],"replies":[{"embeddable":true,"href":"https:\/\/www.invarena.cz\/index.php?rest_route=%2Fwp%2Fv2%2Fcomments&post=3791"}],"version-history":[{"count":0,"href":"https:\/\/www.invarena.cz\/index.php?rest_route=\/wp\/v2\/posts\/3791\/revisions"}],"wp:attachment":[{"href":"https:\/\/www.invarena.cz\/index.php?rest_route=%2Fwp%2Fv2%2Fmedia&parent=3791"}],"wp:term":[{"taxonomy":"category","embeddable":true,"href":"https:\/\/www.invarena.cz\/index.php?rest_route=%2Fwp%2Fv2%2Fcategories&post=3791"},{"taxonomy":"post_tag","embeddable":true,"href":"https:\/\/www.invarena.cz\/index.php?rest_route=%2Fwp%2Fv2%2Ftags&post=3791"}],"curies":[{"name":"wp","href":"https:\/\/api.w.org\/{rel}","templated":true}]}}