{"id":37970,"date":"2022-08-18T15:35:46","date_gmt":"2022-08-18T13:35:46","guid":{"rendered":"http:\/\/www.invarena.cz\/?p=37970"},"modified":"2022-08-18T15:35:48","modified_gmt":"2022-08-18T13:35:48","slug":"zivot-detem-cysticka-fibroza-je-stale-lepe-lecitelna-pacienti-vyhlizeji-ucinnejsi-lecby","status":"publish","type":"post","link":"https:\/\/www.invarena.cz\/?p=37970","title":{"rendered":"\u017divot d\u011btem: Cystick\u00e1 fibr\u00f3za je st\u00e1le l\u00e9pe l\u00e9\u010diteln\u00e1. Pacienti vyhl\u00ed\u017eej\u00ed \u00fa\u010dinn\u011bj\u0161\u00ed l\u00e9\u010dby"},"content":{"rendered":"\n<p>Ro\u010dn\u011b je v \u010cesk\u00e9 republice zhruba pades\u00e1ti d\u011btem diagnostikov\u00e1no genetick\u00e9 onemocn\u011bn\u00ed Cystick\u00e1 fibr\u00f3za. Chorobou postihuj\u00edc\u00ed p\u0159edev\u0161\u00edm d\u00fdchac\u00ed cesty st\u00e1le pat\u0159\u00ed mezi vz\u00e1cn\u00e1 a bohu\u017eel st\u00e1le nevyl\u00e9\u010diteln\u00e9 onemocn\u011bn\u00ed. Modern\u00ed medic\u00edna v\u0161ak postupuje rychle. Nad\u011bj\u00ed pro posti\u017een\u00e9 je, \u017ee nemoc je v sou\u010dasnosti snadn\u011bji l\u00e9\u010diteln\u00e1. Pacient\u016fm trp\u00edc\u00edm cystickou fibr\u00f3zou se tak zna\u010dn\u011b prodlu\u017euje, ale p\u0159edev\u0161\u00edm zkvalit\u0148uje \u017eivot.<\/p>\n\n\n\n<p>Cel\u00fd \u010dl\u00e1nek naleznete v Parlamentn\u00edch Listech: <a href=\"https:\/\/www.parlamentnilisty.cz\/zpravy\/tiskovezpravy\/Zivot-detem-Cysticka-fibroza-je-stale-lepe-lecitelna-Pacienti-vyhlizeji-ucinnejsi-lecby-711577\" target=\"_blank\" rel=\"noreferrer noopener\">https:\/\/www.parlamentnilisty.cz\/zpravy\/tiskovezpravy\/Zivot-detem-Cysticka-fibroza-je-stale-lepe-lecitelna-Pacienti-vyhlizeji-ucinnejsi-lecby-711577<\/a><\/p>\n","protected":false},"excerpt":{"rendered":"<div class=\"mh-excerpt\"><p>Ro\u010dn\u011b je v \u010cesk\u00e9 republice zhruba pades\u00e1ti d\u011btem diagnostikov\u00e1no genetick\u00e9 onemocn\u011bn\u00ed Cystick\u00e1 fibr\u00f3za. Chorobou postihuj\u00edc\u00ed p\u0159edev\u0161\u00edm d\u00fdchac\u00ed cesty st\u00e1le pat\u0159\u00ed mezi vz\u00e1cn\u00e1 a bohu\u017eel st\u00e1le <a class=\"mh-excerpt-more\" href=\"https:\/\/www.invarena.cz\/?p=37970\" title=\"\u017divot d\u011btem: Cystick\u00e1 fibr\u00f3za je st\u00e1le l\u00e9pe l\u00e9\u010diteln\u00e1. Pacienti vyhl\u00ed\u017eej\u00ed \u00fa\u010dinn\u011bj\u0161\u00ed l\u00e9\u010dby\">[&#8230;]<\/a><\/p>\n<\/div>","protected":false},"author":1,"featured_media":15785,"comment_status":"open","ping_status":"closed","sticky":false,"template":"","format":"standard","meta":{"footnotes":""},"categories":[9],"tags":[],"class_list":["post-37970","post","type-post","status-publish","format-standard","has-post-thumbnail","hentry","category-zpravy"],"_links":{"self":[{"href":"https:\/\/www.invarena.cz\/index.php?rest_route=\/wp\/v2\/posts\/37970","targetHints":{"allow":["GET"]}}],"collection":[{"href":"https:\/\/www.invarena.cz\/index.php?rest_route=\/wp\/v2\/posts"}],"about":[{"href":"https:\/\/www.invarena.cz\/index.php?rest_route=\/wp\/v2\/types\/post"}],"author":[{"embeddable":true,"href":"https:\/\/www.invarena.cz\/index.php?rest_route=\/wp\/v2\/users\/1"}],"replies":[{"embeddable":true,"href":"https:\/\/www.invarena.cz\/index.php?rest_route=%2Fwp%2Fv2%2Fcomments&post=37970"}],"version-history":[{"count":0,"href":"https:\/\/www.invarena.cz\/index.php?rest_route=\/wp\/v2\/posts\/37970\/revisions"}],"wp:featuredmedia":[{"embeddable":true,"href":"https:\/\/www.invarena.cz\/index.php?rest_route=\/wp\/v2\/media\/15785"}],"wp:attachment":[{"href":"https:\/\/www.invarena.cz\/index.php?rest_route=%2Fwp%2Fv2%2Fmedia&parent=37970"}],"wp:term":[{"taxonomy":"category","embeddable":true,"href":"https:\/\/www.invarena.cz\/index.php?rest_route=%2Fwp%2Fv2%2Fcategories&post=37970"},{"taxonomy":"post_tag","embeddable":true,"href":"https:\/\/www.invarena.cz\/index.php?rest_route=%2Fwp%2Fv2%2Ftags&post=37970"}],"curies":[{"name":"wp","href":"https:\/\/api.w.org\/{rel}","templated":true}]}}