{"id":38025,"date":"2022-08-29T14:50:27","date_gmt":"2022-08-29T12:50:27","guid":{"rendered":"http:\/\/www.invarena.cz\/?p=38025"},"modified":"2022-08-29T14:50:28","modified_gmt":"2022-08-29T12:50:28","slug":"po-mrtvici-dal-pracuje-a-nosi-letaky-na-slevy-se-dnes-lide-tesi-rika-zena","status":"publish","type":"post","link":"https:\/\/www.invarena.cz\/?p=38025","title":{"rendered":"Po mrtvici d\u00e1l pracuje a nos\u00ed let\u00e1ky. Na slevy se dnes lid\u00e9 t\u011b\u0161\u00ed, \u0159\u00edk\u00e1 \u017eena"},"content":{"rendered":"\n<p>Sta\u010d\u00ed okam\u017eik a \u010dlov\u011bku se \u017eivot p\u0159evr\u00e1t\u00ed vzh\u016fru nohama. Tak jako Son\u011b Pilchov\u00e9 z Ostravy. P\u0159ed deseti lety, kr\u00e1tce po narozen\u00ed prvn\u00edho d\u00edt\u011bte, dostala tehdy t\u0159icetilet\u00e1 So\u0148a mozkovou mrtvici. Jej\u00ed n\u00e1sledky si bohu\u017eel nese dodnes. M\u00e1 probl\u00e9my s koordinac\u00ed cel\u00e9 lev\u00e9 strany t\u011bla, h\u016f\u0159e a n\u011bkdy dokonce v\u016fbec neovl\u00e1d\u00e1 svaly a prsty u rukou a m\u00edv\u00e1 probl\u00e9my s pam\u011bt\u00ed. N\u011bkdej\u0161\u00ed zahradnice a aran\u017e\u00e9rka kv\u011btin sv\u00e9 p\u016fvodn\u00ed povol\u00e1n\u00ed opustila a musela po\u017e\u00e1dat o invalidn\u00ed d\u016fchod.<\/p>\n\n\n\n<p>Jen na d\u00e1vk\u00e1ch od st\u00e1tu a p\u00e9\u010di man\u017eela ale necht\u011bla z\u016fstat z\u00e1visl\u00e1. U\u017e p\u0159ed nemoc\u00ed ob\u010das pom\u00e1hala s roznosem let\u00e1k\u016f do schr\u00e1nek, a pr\u00e1v\u011b tato \u010dinnost se j\u00ed nakonec stala ob\u017eivou na st\u00e1lo. Je z n\u00ed profesion\u00e1ln\u00ed distributorka s pracovn\u00edm pom\u011brem v \u010cesk\u00e9 distribu\u010dn\u00ed, dce\u0159in\u00e9 spole\u010dnosti Vltava Labe Media.<\/p>\n\n\n\n<p>V nejv\u011bt\u0161\u00edm tuzemsk\u00e9m distributorovi let\u00e1k\u016f m\u00e1 nav\u00edc u\u017e \u010dty\u0159i roky sv\u016fj pevn\u00fd raj\u00f3n, lid\u00e9 se s n\u00ed potk\u00e1vaj\u00ed v Ostrav\u011b-V\u00fd\u0161kovic\u00edch. \u201eJe to vysn\u011bn\u00e1 lokalita, vchod vedle vchodu, celkem t\u0159iadvacet vedle sebe, tak\u017ee roznos je o dost jednodu\u0161\u0161\u00ed,\u201c popisuje So\u0148a.<\/p>\n\n\n\n<p>Distribuce let\u00e1k\u016f m\u00e1 pro lidi, jako je ona, spoustu v\u00fdhod. \u201eV\u0161e m\u016f\u017eu rozpl\u00e1novat s ohledem na sv\u016fj zdravotn\u00ed stav. M\u00e1me term\u00edny, do kter\u00fdch mus\u00ed b\u00fdt pr\u00e1ce hotov\u00e1, ale v r\u00e1mci pracovn\u00ed doby si m\u016f\u017eeme rozvrhnout pr\u00e1ci tak, jak n\u00e1m to nejl\u00e9pe vyhovuje. A pokud je mi \u0161patn\u011b a v\u00edm, \u017ee bych pr\u00e1ci nezvl\u00e1dla, v\u017edy se d\u00e1 dop\u0159edu v\u0161e domluvit a roznos nechat zajistit,\u201c popisuje So\u0148a.<\/p>\n\n\n\n<p>D\u00edky flexibiln\u00ed pracovn\u00ed dob\u011b se j\u00ed poda\u0159ilo skloubit pr\u00e1ci s rodinn\u00fdm \u017eivotem, obzvl\u00e1\u0161\u0165 v dob\u011b covidu, kdy doma musela pe\u010dovat o dv\u011b d\u011bti \u0161kolou povinn\u00e9 a man\u017eel byl v pr\u00e1ci. V posledn\u00edch m\u011bs\u00edc\u00edch j\u00ed pak d\u011bl\u00e1 radost, \u017ee se pro mnoho lid\u00ed d\u00edky roznosu slevov\u00fdch let\u00e1k\u016f st\u00e1v\u00e1 poslem dobr\u00fdch zpr\u00e1v. \u201e\u010c\u00edm d\u00e1l \u010dast\u011bji p\u0159i roznosu sly\u0161\u00edm, \u017ee se lid\u00e9 bav\u00ed o let\u00e1c\u00edch a o slev\u00e1ch a v\u00edce je zaj\u00edm\u00e1, co kupuj\u00ed a za kolik. Je to jin\u00e9 ne\u017e p\u0159ed zdra\u017eov\u00e1n\u00edm,\u201c l\u00ed\u010d\u00ed So\u0148a.<\/p>\n\n\n\n<p>Chod\u00edc\u00ed encyklopedie slev<\/p>\n\n\n\n<p>Sama je tak trochu chod\u00edc\u00ed encyklopedi\u00ed slev, proto\u017ee si p\u0159ed ka\u017ed\u00fdm roznosem ak\u010dn\u00ed ceny nastuduje a m\u00e1 docela slu\u0161n\u00fd p\u0159ehled. Obzvl\u00e1\u0161\u0165 pro star\u0161\u00ed lidi \u010di matky samo\u017eivitelky jsou to v nyn\u011bj\u0161\u00ed dob\u011b rekordn\u00ed drahoty cenn\u00e9 informace. \u201eJsou r\u00e1di, kdy\u017e m\u016f\u017eou u\u0161et\u0159it,\u201c zd\u016fraz\u0148uje distributorka.<\/p>\n\n\n\n<p>So\u0148a ka\u017edop\u00e1dn\u011b pat\u0159\u00ed mezi ty \u0161\u0165astn\u011bj\u0161\u00ed lidi, kte\u0159\u00ed u n\u00e1s mohou pracovat i s nemoc\u00ed. Ze zhruba 450 tis\u00edc handicapovan\u00fdch lid\u00ed \u017eij\u00edc\u00edch v \u010cesku toti\u017e dnes pracuje jenom necel\u00e1 polovina. Firmy by pro n\u011b pracovn\u00ed m\u00edsta m\u011bly, ale st\u00e1t v posledn\u00edch letech na r\u016fzn\u00e9 chr\u00e1n\u011bn\u00e9 d\u00edlny a pracovn\u00ed m\u00edsta zvy\u0161oval z\u00e1konn\u00fd p\u0159\u00edsp\u011bvek jen sporadicky. Kv\u016fli r\u016fstu minim\u00e1ln\u00ed mzdy naopak spole\u010dnosti musely na lidi s hendikepem sp\u00ed\u0161e dopl\u00e1cet.<\/p>\n\n\n\n<p>Pr\u00e1ce lid\u00ed s posti\u017een\u00edm m\u00e1 p\u0159itom svoje specifika, co\u017e \u010dasto za\u017e\u00edv\u00e1 i So\u0148a. Kdy\u017e j\u00ed nap\u0159\u00edklad p\u0159i pr\u00e1ci \u201evypnou\u201c prsty, mus\u00ed na chv\u00edli p\u0159estat s vkl\u00e1d\u00e1n\u00edm let\u00e1k\u016f do schr\u00e1nek a odpo\u010d\u00edv\u00e1. Proto\u017ee ale z\u00e1rove\u0148 trp\u00ed ob\u010dasn\u00fdmi v\u00fdpadky pam\u011bti, stane se, \u017ee zapomene, u kter\u00e9 schr\u00e1nky skon\u010dila.<\/p>\n\n\n\n<p>\u201eU\u017e to m\u00e1m ale taky vychytan\u00e9 a nech\u00e1v\u00e1m si \u010douhat posledn\u00ed let\u00e1k ze schr\u00e1nky a po dopln\u011bn\u00ed dal\u0161\u00edch let\u00e1k\u016f jej vhod\u00edm do schr\u00e1nky a pokra\u010duji d\u00e1le,\u201c prozrazuje sv\u016fj zlep\u0161ov\u00e1k So\u0148a. \u201eM\u011bla jsem kv\u016fli tomu i jednu p\u0159\u00edhodu. Nechala jsem si takto \u010douhat let\u00e1k a brala jsem si dal\u0161\u00ed, mezit\u00edm p\u0159i\u0161el p\u00e1n z domu a obo\u0159il se na m\u011b, pro\u010d ty let\u00e1ky nech\u00e1v\u00e1m tak vy\u010duhovat ven a nevkl\u00e1d\u00e1m je cel\u00e9. Na\u0161t\u011bst\u00ed, kdy\u017e jsem mu vysv\u011btlila, \u017ee je to m\u00e1 pom\u016fcka, proto\u017ee jsem nemocn\u00e1, tak se mi i omluvil a v\u0161e pochopil,\u201c dod\u00e1v\u00e1 s \u00fasm\u011bvem So\u0148a.<\/p>\n\n\n\n<p>Jan Kli\u010dka<\/p>\n\n\n\n<p>Den\u00edk.cz<\/p>\n\n\n\n<p><a href=\"https:\/\/www.denik.cz\/\" target=\"_blank\" rel=\"noreferrer noopener\">https:\/\/www.denik.cz\/<\/a><\/p>\n","protected":false},"excerpt":{"rendered":"<div class=\"mh-excerpt\"><p>Sta\u010d\u00ed okam\u017eik a \u010dlov\u011bku se \u017eivot p\u0159evr\u00e1t\u00ed vzh\u016fru nohama. Tak jako Son\u011b Pilchov\u00e9 z Ostravy. P\u0159ed deseti lety, kr\u00e1tce po narozen\u00ed prvn\u00edho d\u00edt\u011bte, dostala tehdy <a class=\"mh-excerpt-more\" href=\"https:\/\/www.invarena.cz\/?p=38025\" title=\"Po mrtvici d\u00e1l pracuje a nos\u00ed let\u00e1ky. Na slevy se dnes lid\u00e9 t\u011b\u0161\u00ed, \u0159\u00edk\u00e1 \u017eena\">[&#8230;]<\/a><\/p>\n<\/div>","protected":false},"author":1,"featured_media":13998,"comment_status":"open","ping_status":"closed","sticky":false,"template":"","format":"standard","meta":{"footnotes":""},"categories":[9],"tags":[],"class_list":["post-38025","post","type-post","status-publish","format-standard","has-post-thumbnail","hentry","category-zpravy"],"_links":{"self":[{"href":"https:\/\/www.invarena.cz\/index.php?rest_route=\/wp\/v2\/posts\/38025","targetHints":{"allow":["GET"]}}],"collection":[{"href":"https:\/\/www.invarena.cz\/index.php?rest_route=\/wp\/v2\/posts"}],"about":[{"href":"https:\/\/www.invarena.cz\/index.php?rest_route=\/wp\/v2\/types\/post"}],"author":[{"embeddable":true,"href":"https:\/\/www.invarena.cz\/index.php?rest_route=\/wp\/v2\/users\/1"}],"replies":[{"embeddable":true,"href":"https:\/\/www.invarena.cz\/index.php?rest_route=%2Fwp%2Fv2%2Fcomments&post=38025"}],"version-history":[{"count":0,"href":"https:\/\/www.invarena.cz\/index.php?rest_route=\/wp\/v2\/posts\/38025\/revisions"}],"wp:featuredmedia":[{"embeddable":true,"href":"https:\/\/www.invarena.cz\/index.php?rest_route=\/wp\/v2\/media\/13998"}],"wp:attachment":[{"href":"https:\/\/www.invarena.cz\/index.php?rest_route=%2Fwp%2Fv2%2Fmedia&parent=38025"}],"wp:term":[{"taxonomy":"category","embeddable":true,"href":"https:\/\/www.invarena.cz\/index.php?rest_route=%2Fwp%2Fv2%2Fcategories&post=38025"},{"taxonomy":"post_tag","embeddable":true,"href":"https:\/\/www.invarena.cz\/index.php?rest_route=%2Fwp%2Fv2%2Ftags&post=38025"}],"curies":[{"name":"wp","href":"https:\/\/api.w.org\/{rel}","templated":true}]}}