{"id":38056,"date":"2022-09-08T13:21:50","date_gmt":"2022-09-08T11:21:50","guid":{"rendered":"http:\/\/www.invarena.cz\/?p=38056"},"modified":"2022-09-08T13:21:51","modified_gmt":"2022-09-08T11:21:51","slug":"prechod-z-invalidniho-do-starobniho-duchodu-a-navyseni-duchodu-podle-poctu-vychovanych-deti","status":"publish","type":"post","link":"https:\/\/www.invarena.cz\/?p=38056","title":{"rendered":"P\u0159echod z invalidn\u00edho do starobn\u00edho d\u016fchodu. A nav\u00fd\u0161en\u00ed d\u016fchodu podle po\u010dtu vychovan\u00fdch d\u011bt\u00ed"},"content":{"rendered":"\n<p>Dotaz:<\/p>\n\n\n\n<p>Pob\u00edr\u00e1m starobn\u00ed d\u016fchod, vychovala jsem 3 d\u011bti. P\u0159ed n\u00e1stupem do<br>starobn\u00edho d\u016fchodu jsem pob\u00edrala invalidn\u00ed d\u016fchod pro invaliditu III.<br>stupn\u011b. Budu m\u00edt n\u00e1rok na nav\u00fd\u0161en\u00ed d\u016fchodu za vychovan\u00e9 d\u011bti?<\/p>\n\n\n\n<p>Odpov\u011b\u010f:<\/p>\n\n\n\n<p>Na nav\u00fd\u0161en\u00ed d\u016fchodu za vychovan\u00e9 d\u011bti budete m\u00edt n\u00e1rok, pokud jste<br>z\u00edskala pot\u0159ebnou dobu soci\u00e1ln\u00edho poji\u0161t\u011bn\u00ed. Do doby soci\u00e1ln\u00edho<br>poji\u0161t\u011bn\u00ed se mimo jin\u00e9 zapo\u010d\u00edt\u00e1v\u00e1 v\u00fdkon zam\u011bstn\u00e1n\u00ed, doba pob\u00edr\u00e1n\u00ed<br>invalidn\u00edho d\u016fchodu pro invaliditu III. stupn\u011b (d\u0159\u00edve pln\u00e9ho d\u016fchodu),<br>p\u00e9\u010de o d\u011bti do 4 let v\u011bku a p\u00e9\u010de o osobu z\u00e1vislou na pomoci jin\u00e9 fyzick\u00e9<br>osoby dle z\u00e1kona o soci\u00e1ln\u00edch slu\u017eb\u00e1ch a pod.<\/p>\n\n\n\n<p>Pokud budete m\u00edt z\u00edsk\u00e1nu pot\u0159ebnou dobu soci\u00e1ln\u00edho poji\u0161t\u011bn\u00ed, budete m\u00edt<br>na nav\u00fd\u0161en\u00ed d\u016fchodu za vychovan\u00e9 d\u011bti n\u00e1rok. Vychovala jste-li t\u0159i d\u011bti,<br>budete m\u00edt n\u00e1rok na nav\u00fd\u0161en\u00ed d\u016fchodu o 1500 K\u010d m\u011bs\u00ed\u010dn\u011b. Nav\u00fd\u0161en\u00e9 d\u016fchody<br>budou vypl\u00e1ceny od ledna 2023. Doporu\u010duji V\u00e1m, obr\u00e1tit se na OSSZ v<br>m\u00edst\u011b Va\u0161eho bydli\u0161t\u011b s dotazem, zda je ve Va\u0161em p\u0159\u00edpad\u011b nutn\u00e9 o<br>nav\u00fd\u0161en\u00ed d\u016fchodu za vychovan\u00e9 d\u011bti po\u017e\u00e1dat, nebo zda V\u00e1m bude d\u016fchod<br>nav\u00fd\u0161en automaticky. Z\u00e1le\u017eet bude toti\u017e na tom, zda v dob\u011b rozhodov\u00e1n\u00ed o<br>d\u016fchodu V\u00e1m byl stanoven d\u016fchodov\u00fd v\u011bk s ohledem na po\u010det vychovan\u00fdch<br>d\u011bt\u00ed \u010di nikoli.<\/p>\n\n\n\n<p>admin<\/p>\n","protected":false},"excerpt":{"rendered":"<div class=\"mh-excerpt\"><p>Dotaz: Pob\u00edr\u00e1m starobn\u00ed d\u016fchod, vychovala jsem 3 d\u011bti. P\u0159ed n\u00e1stupem dostarobn\u00edho d\u016fchodu jsem pob\u00edrala invalidn\u00ed d\u016fchod pro invaliditu III.stupn\u011b. Budu m\u00edt n\u00e1rok na nav\u00fd\u0161en\u00ed d\u016fchodu <a class=\"mh-excerpt-more\" href=\"https:\/\/www.invarena.cz\/?p=38056\" title=\"P\u0159echod z invalidn\u00edho do starobn\u00edho d\u016fchodu. A nav\u00fd\u0161en\u00ed d\u016fchodu podle po\u010dtu vychovan\u00fdch d\u011bt\u00ed\">[&#8230;]<\/a><\/p>\n<\/div>","protected":false},"author":1,"featured_media":24717,"comment_status":"open","ping_status":"closed","sticky":false,"template":"","format":"standard","meta":{"footnotes":""},"categories":[18],"tags":[],"class_list":["post-38056","post","type-post","status-publish","format-standard","has-post-thumbnail","hentry","category-poradna"],"_links":{"self":[{"href":"https:\/\/www.invarena.cz\/index.php?rest_route=\/wp\/v2\/posts\/38056","targetHints":{"allow":["GET"]}}],"collection":[{"href":"https:\/\/www.invarena.cz\/index.php?rest_route=\/wp\/v2\/posts"}],"about":[{"href":"https:\/\/www.invarena.cz\/index.php?rest_route=\/wp\/v2\/types\/post"}],"author":[{"embeddable":true,"href":"https:\/\/www.invarena.cz\/index.php?rest_route=\/wp\/v2\/users\/1"}],"replies":[{"embeddable":true,"href":"https:\/\/www.invarena.cz\/index.php?rest_route=%2Fwp%2Fv2%2Fcomments&post=38056"}],"version-history":[{"count":0,"href":"https:\/\/www.invarena.cz\/index.php?rest_route=\/wp\/v2\/posts\/38056\/revisions"}],"wp:featuredmedia":[{"embeddable":true,"href":"https:\/\/www.invarena.cz\/index.php?rest_route=\/wp\/v2\/media\/24717"}],"wp:attachment":[{"href":"https:\/\/www.invarena.cz\/index.php?rest_route=%2Fwp%2Fv2%2Fmedia&parent=38056"}],"wp:term":[{"taxonomy":"category","embeddable":true,"href":"https:\/\/www.invarena.cz\/index.php?rest_route=%2Fwp%2Fv2%2Fcategories&post=38056"},{"taxonomy":"post_tag","embeddable":true,"href":"https:\/\/www.invarena.cz\/index.php?rest_route=%2Fwp%2Fv2%2Ftags&post=38056"}],"curies":[{"name":"wp","href":"https:\/\/api.w.org\/{rel}","templated":true}]}}