{"id":38060,"date":"2022-09-08T19:10:04","date_gmt":"2022-09-08T17:10:04","guid":{"rendered":"http:\/\/www.invarena.cz\/?p=38060"},"modified":"2022-09-08T19:10:05","modified_gmt":"2022-09-08T17:10:05","slug":"tematem-letosnich-tricatych-tydnu-dusevniho-zdravi-je-sport","status":"publish","type":"post","link":"https:\/\/www.invarena.cz\/?p=38060","title":{"rendered":"T\u00e9matem leto\u0161n\u00edch t\u0159ic\u00e1t\u00fdch T\u00fddn\u016f du\u0161evn\u00edho zdrav\u00ed je sport"},"content":{"rendered":"\n<p>T\u00fddny du\u0161evn\u00edho zdrav\u00ed se bl\u00ed\u017e\u00ed. A FOKUS Vyso\u010dina se i letos z\u00fa\u010dastn\u00ed t\u00e9to osv\u011btov\u00e9 multi\u017e\u00e1nrov\u00e9 kampan\u011b o du\u0161evn\u00edm zdrav\u00ed a o lidech se zku\u0161enost\u00ed s du\u0161evn\u00edm onemocn\u011bn\u00edm. A to u\u017e po t\u0159ic\u00e1t\u00e9! Toto kulat\u00e9 v\u00fdro\u010d\u00ed oslav\u00edme rozmanit\u00fdm programem v Havl\u00ed\u010dkov\u011b Brod\u011b, Hlinsku i Chot\u011bbo\u0159i. V leto\u0161n\u00edm roce se t\u00e9matem akce stal sport, ale tak\u00e9 obecn\u011b pohyb, kter\u00fd podporuje psychick\u00e9 zdrav\u00ed. Motto pro leto\u0161n\u00ed rok proto zn\u00ed: \u201eOne game, one soul.\u201c<\/p>\n\n\n\n<p>Chot\u011bbo\u0159, 13. z\u00e1\u0159\u00ed, od 11.00 do 15.00 hodin<\/p>\n\n\n\n<p>Na chot\u011bbo\u0159sk\u00e9m n\u00e1m\u011bst\u00ed si budeme pov\u00eddat s n\u011bkolika zaj\u00edmav\u00fdmi sportovn\u00edmi hosty. Kdo n\u00e1s nav\u0161t\u00edv\u00ed? Nevidom\u00fd triatlonista Ond\u0159ej Zme\u0161kal, paradrezurn\u00ed jezdec Vladim\u00edr Vot\u0159el a paralympionik ve sportovn\u00ed st\u0159elb\u011b Tom\u00e1\u0161 Pe\u0161ek. Nachyst\u00e1no bude hned n\u011bkolik workshop\u016f a to nejen sportovn\u00edch \u2013 Tah na branku, Trefa do \u010dern\u00e9ho, Psychomat na budku, Arte d\u00edlna, Moje pozitivn\u00ed placka a dal\u0161\u00ed. P\u0159ipravili jsme si i spole\u010dn\u00fd workshop Cvi\u010den\u00ed pro du\u0161i, co\u017e bude j\u00f3ga. &#8222;Kdo bude cht\u00edt, tak m\u016f\u017ee p\u0159ij\u00edt ve sportovn\u00edm a s podlo\u017ekou a zacvi\u010dit si s n\u00e1mi,&#8220; \u0159ekla vedouc\u00ed st\u0159ediska Jitka Klepetkov\u00e1. K poslechu pak zahraje skupina High Five. Dal\u0161\u00ed vystoupen\u00ed bude m\u00edt na programu tak\u00e9 sportovn\u00ed a fitness aerobik t\u00fdm LA Team Chot\u011bbo\u0159.<\/p>\n\n\n\n<p>Havl\u00ed\u010dk\u016fv Brod, 15. z\u00e1\u0159\u00ed, od 10.00 do 18.00 hodin<\/p>\n\n\n\n<p>V Havl\u00ed\u010dkov\u011b Brod\u011b se sejdeme v Parku Budoucnost, kam zav\u00edt\u00e1 zn\u00e1m\u00fd parkourista VOVA. Pozv\u00e1n\u00ed p\u0159ijali i host\u00e9 Lucie \u0160aclov\u00e1 Mar\u0161\u00e1nov\u00e1, reprezentantka v b\u011bhu do vrchu a b\u00fdval\u00fd kapit\u00e1n sledgehokejov\u00e9 reprezentace, Zden\u011bk \u0160afr\u00e1nek. Sv\u00e9 um\u011bn\u00ed p\u0159edvede FIT Studio 21 a Wu-shu Pelh\u0159imov. K poslechu i k tanci zahraje Martin Bernard. Nesm\u00edme zapomenout na losov\u00e1n\u00ed o osm voucher\u016f na let letadlem nad Havl\u00ed\u010dkov\u00fdm Brodem. B\u011bhem cel\u00e9ho dne si budou moci n\u00e1v\u0161t\u011bvn\u00edci vyzkou\u0161et i spoustu workshop\u016f.<\/p>\n\n\n\n<p>Hlinsko, 16. z\u00e1\u0159\u00ed, od 9.00 do 14.00 hodin<\/p>\n\n\n\n<p>St\u0159edisko v Hlinsku pojalo T\u00fddny du\u0161evn\u00edho zdrav\u00ed jako fotbalov\u00fd turnaj, ve kter\u00e9m se utkaj\u00ed lid\u00e9 se zku\u0161enost\u00ed s du\u0161evn\u00edm onemocn\u011bn\u00edm a studenti a \u017e\u00e1ci m\u00edstn\u00edch \u0161kol. Chyb\u011bt nebudou ani workshopy na t\u00e9ma \u201eSport versus du\u0161e\u201c, Psychomat na budku, Retrohr\u00e1tky a Bubnov\u00e1n\u00ed. Hudebn\u00ed vystoupen\u00ed zajist\u00ed Michael Holas.<\/p>\n\n\n\n<p>Edita Veselka Palkovi\u010dov\u00e1<\/p>\n\n\n\n<p>FOKUS Vyso\u010dina<\/p>\n\n\n\n<p>Havl\u00ed\u010dkobrodsk\u00fd den\u00edk<\/p>\n\n\n\n<p><a href=\"https:\/\/havlickobrodsky.denik.cz\/\" target=\"_blank\" rel=\"noreferrer noopener\">https:\/\/havlickobrodsky.denik.cz\/<\/a><\/p>\n","protected":false},"excerpt":{"rendered":"<div class=\"mh-excerpt\"><p>T\u00fddny du\u0161evn\u00edho zdrav\u00ed se bl\u00ed\u017e\u00ed. A FOKUS Vyso\u010dina se i letos z\u00fa\u010dastn\u00ed t\u00e9to osv\u011btov\u00e9 multi\u017e\u00e1nrov\u00e9 kampan\u011b o du\u0161evn\u00edm zdrav\u00ed a o lidech se zku\u0161enost\u00ed s <a class=\"mh-excerpt-more\" href=\"https:\/\/www.invarena.cz\/?p=38060\" title=\"T\u00e9matem leto\u0161n\u00edch t\u0159ic\u00e1t\u00fdch T\u00fddn\u016f du\u0161evn\u00edho zdrav\u00ed je sport\">[&#8230;]<\/a><\/p>\n<\/div>","protected":false},"author":1,"featured_media":35308,"comment_status":"open","ping_status":"closed","sticky":false,"template":"","format":"standard","meta":{"footnotes":""},"categories":[9],"tags":[],"class_list":["post-38060","post","type-post","status-publish","format-standard","has-post-thumbnail","hentry","category-zpravy"],"_links":{"self":[{"href":"https:\/\/www.invarena.cz\/index.php?rest_route=\/wp\/v2\/posts\/38060","targetHints":{"allow":["GET"]}}],"collection":[{"href":"https:\/\/www.invarena.cz\/index.php?rest_route=\/wp\/v2\/posts"}],"about":[{"href":"https:\/\/www.invarena.cz\/index.php?rest_route=\/wp\/v2\/types\/post"}],"author":[{"embeddable":true,"href":"https:\/\/www.invarena.cz\/index.php?rest_route=\/wp\/v2\/users\/1"}],"replies":[{"embeddable":true,"href":"https:\/\/www.invarena.cz\/index.php?rest_route=%2Fwp%2Fv2%2Fcomments&post=38060"}],"version-history":[{"count":0,"href":"https:\/\/www.invarena.cz\/index.php?rest_route=\/wp\/v2\/posts\/38060\/revisions"}],"wp:featuredmedia":[{"embeddable":true,"href":"https:\/\/www.invarena.cz\/index.php?rest_route=\/wp\/v2\/media\/35308"}],"wp:attachment":[{"href":"https:\/\/www.invarena.cz\/index.php?rest_route=%2Fwp%2Fv2%2Fmedia&parent=38060"}],"wp:term":[{"taxonomy":"category","embeddable":true,"href":"https:\/\/www.invarena.cz\/index.php?rest_route=%2Fwp%2Fv2%2Fcategories&post=38060"},{"taxonomy":"post_tag","embeddable":true,"href":"https:\/\/www.invarena.cz\/index.php?rest_route=%2Fwp%2Fv2%2Ftags&post=38060"}],"curies":[{"name":"wp","href":"https:\/\/api.w.org\/{rel}","templated":true}]}}