{"id":3808,"date":"2013-04-15T10:17:53","date_gmt":"2013-04-15T08:17:53","guid":{"rendered":"http:\/\/www.invarena.cz\/?p=3808"},"modified":"2014-10-20T20:13:50","modified_gmt":"2014-10-20T18:13:50","slug":"jen-abych-neztratil-nohu-modlil-se-sportovec","status":"publish","type":"post","link":"https:\/\/www.invarena.cz\/?p=3808","title":{"rendered":"Jen abych neztratil nohu, modlil se sportovec"},"content":{"rendered":"<p><strong>Nejv\u011bt\u0161\u00ed starost\u00ed cyklisty Davida Zapletala p\u0159i cest\u011b na otev\u00edr\u00e1n\u00ed vod\u00e1ck\u00e9 sez\u00f3ny v Lokti bylo, aby neztratil pravou nohu. Cestou si toti\u017e po\u0161kodil kryt chr\u00e1n\u00edc\u00ed prot\u00e9zu nohy a ta se mu za\u010dala uvol\u0148ovat. Jak to dopadlo, popisuje v den\u00edku MfD.<\/strong><\/p>\n<p><!--more--><\/p>\n<p>&#8222;Na cyklostezce jsem si toti\u017e natrhnul o v\u011btev silikonov\u00fd n\u00e1vlek za deset tis\u00edc korun, kter\u00fd mn\u011b spojuje koleno a prot\u00e9zu pod kolenem. Spojovac\u00ed silikonov\u00fd d\u00edl u\u017e nen\u00ed vzduchot\u011bsn\u00fd, tak\u017ee prot\u00e9zu ztr\u00e1c\u00edm,&#8220; sv\u011b\u0159il se cyklista, kter\u00e9mu p\u0159ed lety l\u00e9ka\u0159i amputovali kv\u016fli posti\u017een\u00ed m\u00ed\u0161n\u00edch provazc\u016f pravou nohu pod kolenem. Na t\u00e9 lev\u00e9 m\u00e1 u\u0159\u00edznut\u00e9 chodidlo.<\/p>\n<p>Do amfite\u00e1tru pod loketsk\u00fdm hradem p\u0159ijel David Zapletal na pozv\u00e1n\u00ed sv\u00e9ho kamar\u00e1da Ale\u0161e Dole\u010dka, kter\u00fd pracuje v sokolovsk\u00e9 p\u016fj\u010dovn\u011b lod\u00ed Dronte. Jak \u0159\u00edk\u00e1, bez nohou toho sice moc neuplave, a na lodi\u010dce by se ur\u010dit\u011b utopil. Vodu ale jako ryb\u00e1\u0159 miluje, tak\u017ee se na vod\u00e1ky r\u00e1d p\u0159ijel pod\u00edvat.<\/p>\n<p>&#8222;Moc p\u011bkn\u00e9 otev\u00edr\u00e1n\u00ed vod\u00e1ck\u00e9 sezony ud\u011blali. Jsem vd\u011b\u010dn\u00fd, \u017ee jsem se mohl projet kole a m\u011bl n\u011bjak\u00fd c\u00edl. V\u016fbec jsem netu\u0161il, \u017ee vod\u00e1ci takov\u00e9 akce d\u011blaj\u00ed. Te\u010f maj\u00ed dal\u0161\u00edho p\u0159\u00edznivce, i kdy\u017e na n\u011b jako ryb\u00e1\u0159 ob\u010das nad\u00e1v\u00e1m, proto\u017ee mn\u011b opil\u00ed lid\u00e9 na lodi\u010dk\u00e1ch p\u0159ej\u00ed\u017ed\u011bj\u00ed vlasce. Dal\u0161\u00ed odhazuj\u00ed PET l\u00e1hve, a to nen\u00ed hezk\u00e9. Takov\u00ed jedinci ale nejsou skute\u010dn\u00ed vod\u00e1ci,&#8220; popisuje zku\u0161enosti, kter\u00e9 z\u00edskal u \u0159eky Oh\u0159e jako ryb\u00e1\u0159.<\/p>\n<p>P\u0159ed zp\u00e1te\u010dn\u00ed cestou z Lokte dom\u016f si David Zapletal zkontroloval upevn\u011bn\u00ed prot\u00e9zy, nasednul na kolo, kter\u00e9 mu na sezonu zap\u016fj\u010dili v Cyklocentru Vondr\u00e1\u010dek, a za doprovodu sv\u00e9 kamar\u00e1dky vyrazil po cyklostezce z Lokte p\u0159es Svato\u0161sk\u00e9 sk\u00e1ly na dvacet kilometr\u016f dlouhou trasu. Je\u0161t\u011b poznamenal, \u017ee si ze sv\u00e9ho posti\u017een\u00ed po \u010dase za\u010dal d\u011blat legraci. &#8222;\u0158\u00edk\u00e1m si, \u017ee si alespo\u0148 m\u016f\u017eu trhnout prot\u00e9zou, anebo \u017ee v zim\u011b mi na nohy nen\u00ed zima.&#8220;<\/p>\n<p>Mlad\u00e1 fronta DNES<\/p>\n","protected":false},"excerpt":{"rendered":"<div class=\"mh-excerpt\"><p>Nejv\u011bt\u0161\u00ed starost\u00ed cyklisty Davida Zapletala p\u0159i cest\u011b na otev\u00edr\u00e1n\u00ed vod\u00e1ck\u00e9 sez\u00f3ny v Lokti bylo, aby neztratil pravou nohu. Cestou si toti\u017e po\u0161kodil kryt chr\u00e1n\u00edc\u00ed prot\u00e9zu <a class=\"mh-excerpt-more\" href=\"https:\/\/www.invarena.cz\/?p=3808\" title=\"Jen abych neztratil nohu, modlil se sportovec\">[&#8230;]<\/a><\/p>\n<\/div>","protected":false},"author":1,"featured_media":2987,"comment_status":"open","ping_status":"open","sticky":false,"template":"","format":"standard","meta":{"footnotes":""},"categories":[9],"tags":[],"class_list":["post-3808","post","type-post","status-publish","format-standard","has-post-thumbnail","hentry","category-zpravy"],"_links":{"self":[{"href":"https:\/\/www.invarena.cz\/index.php?rest_route=\/wp\/v2\/posts\/3808","targetHints":{"allow":["GET"]}}],"collection":[{"href":"https:\/\/www.invarena.cz\/index.php?rest_route=\/wp\/v2\/posts"}],"about":[{"href":"https:\/\/www.invarena.cz\/index.php?rest_route=\/wp\/v2\/types\/post"}],"author":[{"embeddable":true,"href":"https:\/\/www.invarena.cz\/index.php?rest_route=\/wp\/v2\/users\/1"}],"replies":[{"embeddable":true,"href":"https:\/\/www.invarena.cz\/index.php?rest_route=%2Fwp%2Fv2%2Fcomments&post=3808"}],"version-history":[{"count":0,"href":"https:\/\/www.invarena.cz\/index.php?rest_route=\/wp\/v2\/posts\/3808\/revisions"}],"wp:featuredmedia":[{"embeddable":true,"href":"https:\/\/www.invarena.cz\/index.php?rest_route=\/wp\/v2\/media\/2987"}],"wp:attachment":[{"href":"https:\/\/www.invarena.cz\/index.php?rest_route=%2Fwp%2Fv2%2Fmedia&parent=3808"}],"wp:term":[{"taxonomy":"category","embeddable":true,"href":"https:\/\/www.invarena.cz\/index.php?rest_route=%2Fwp%2Fv2%2Fcategories&post=3808"},{"taxonomy":"post_tag","embeddable":true,"href":"https:\/\/www.invarena.cz\/index.php?rest_route=%2Fwp%2Fv2%2Ftags&post=3808"}],"curies":[{"name":"wp","href":"https:\/\/api.w.org\/{rel}","templated":true}]}}