{"id":38117,"date":"2022-09-21T11:38:08","date_gmt":"2022-09-21T09:38:08","guid":{"rendered":"http:\/\/www.invarena.cz\/?p=38117"},"modified":"2022-09-21T11:38:08","modified_gmt":"2022-09-21T09:38:08","slug":"dalsi-dil-projektu-pres-bariery-s-policii-vybiralo-se-na-vazne-zranenou-terezku","status":"publish","type":"post","link":"https:\/\/www.invarena.cz\/?p=38117","title":{"rendered":"Dal\u0161\u00ed d\u00edl projektu P\u0159es bari\u00e9ry s polici\u00ed: vyb\u00edralo se na v\u00e1\u017en\u011b zran\u011bnou Terezku"},"content":{"rendered":"\n<p>V t\u011blocvi\u010dn\u011b p\u0159\u00edbramsk\u00fdch sokol\u016f se uskute\u010dnila dal\u0161\u00ed \u010d\u00e1st podzimn\u00edho pokra\u010dov\u00e1n\u00ed \u00fasp\u011b\u0161n\u00e9ho projektu P\u0159es bari\u00e9ry s polici\u00ed. Jeho hlavn\u00edm c\u00edlem je podpora handicapovan\u00fdch \u010di jinak pohybov\u011b posti\u017een\u00fdch lid\u00ed. Tentokr\u00e1t se pom\u00e1h\u00e1 \u010dtrn\u00e1ctilet\u00e9 Terezce, kter\u00e1 \u010del\u00ed n\u00e1sledk\u016fm t\u011b\u017ek\u00e9 dopravn\u00ed nehody.<\/p>\n\n\n\n<p>Hlavn\u00ed my\u0161lenkou projektu je motivovat studenty st\u0159edn\u00edch \u0161kol ve St\u0159edo\u010desk\u00e9m kraji ke sportovn\u00edm aktivit\u00e1m a v\u00fdkon\u016fm a z\u00e1rove\u0148 pomoci handicapovan\u00fdm lidem. Pomoc spo\u010d\u00edv\u00e1 v dobrovoln\u00e9 \u00fa\u010dasti na fyzick\u00fdch testech nezbytn\u00fdch ke spln\u011bn\u00ed p\u0159ij\u00edmac\u00edho \u0159\u00edzen\u00ed k Policii \u010cesk\u00e9 republiky.<\/p>\n\n\n\n<p>Test\u016f se v p\u0159\u00edbramsk\u00e9 sokolovn\u011b v pond\u011bl\u00ed 19. z\u00e1\u0159\u00ed z\u00fa\u010dastnili studenti St\u0159edn\u00ed zdravotnick\u00e9 \u0161koly P\u0159\u00edbram. Policejn\u00ed instrukto\u0159i \u017e\u00e1k\u016fm vysv\u011btlili pr\u016fb\u011bh. Fyzick\u00e9 zkou\u0161ky jsou slo\u017eeny ze \u010dty\u0159 \u010d\u00e1st\u00ed, a sice ze \u010dlunkov\u00e9ho b\u011bhu, vzporu le\u017emo \u2013 kliku, celomotorick\u00e9ho testu a b\u011bhu na jeden kilometr. Studenti se sna\u017eili z\u00edskat v jednotliv\u00fdch discipl\u00edn\u00e1ch alespo\u0148 \u010dty\u0159i body a celkov\u011b minim\u00e1ln\u011b 36. A kdy\u017e se jim to povedlo, z\u00edskali certifik\u00e1t o absolovov\u00e1n\u00ed fyzick\u00fdch test\u016f s ro\u010dn\u00ed platnost\u00ed, kter\u00fd dokl\u00e1d\u00e1 spln\u011bn\u00ed t\u00e9to \u010d\u00e1sti p\u0159ij\u00edmac\u00edho \u0159\u00edzen\u00ed.<\/p>\n\n\n\n<p>\u201eP\u016fvodn\u011b se pond\u011bln\u00ed akce m\u011blo \u00fa\u010dastnit p\u0159ibli\u017en\u011b 90 student\u016f, nakonec jich ale cvi\u010dilo 47 s t\u00edm, \u017ee testy splnilo \u0161est z nich,\u201c sd\u011blila policejn\u00ed komisa\u0159ka Monika Schindlov\u00e1.<\/p>\n\n\n\n<p>Jedn\u00edm z hlavn\u00edch partner\u016f akce je Zdravotn\u00ed poji\u0161\u0165ovna ministerstva vnitra, kter\u00e1 v\u00fdkony \u00fasp\u011b\u0161n\u00fdch student\u016f posl\u00e9ze prom\u011bn\u00ed v pen\u00edze na podporu hendikepovan\u00e9 Terezky.<\/p>\n\n\n\n<p>Pen\u00edze tentokr\u00e1t poputuj\u00ed \u010dtrn\u00e1ctilet\u00e9 Tereze, kterou p\u0159i n\u00e1vratu ze \u0161koln\u00ed akce ve vysok\u00e9 rychlosti srazilo auto. D\u00edvka pot\u00e9 s t\u011b\u017ek\u00fdm poran\u011bn\u00edm mozku a mnoho\u010detn\u00fdmi zlomeninami bojovala v nemocnici o \u017eivot. Jen se \u0161t\u011bst\u00edm a d\u00edky l\u00e9ka\u0159\u016fm p\u0159e\u017eila a nyn\u00ed se postupn\u011b vrac\u00ed do \u017eivota. K tomu na cestu do \u0161koly pot\u0159ebuje hlavn\u011b skladn\u00fd zdravotn\u00ed voz\u00edk, jeho\u017e po\u0159izovac\u00ed cena je zhruba 100 tis\u00edc korun.<\/p>\n\n\n\n<p>Vyhodnocen\u00ed v\u00fdsledku prob\u011bhne po ukon\u010den\u00ed pololet\u00ed a pot\u00e9 bude p\u0159ed\u00e1n \u0161ek Terezce. Za p\u011bt let, co projekt b\u011b\u017e\u00ed, se celkovou \u010d\u00e1stkou t\u00e9m\u011b\u0159 1,4 milion\u016f korun povedlo podpo\u0159it \u0161estn\u00e1ct hendikepovan\u00fdch osob. Na projektu se spole\u010dn\u011b pod\u00edlej\u00ed St\u0159edo\u010desk\u00fd kraj, Konto Bari\u00e9ry, Krajsk\u00e9 \u0159editelstv\u00ed policie St\u0159edo\u010desk\u00e9ho kraje a Zdravotn\u00ed poji\u0161\u0165ovna ministerstva vnitra.<\/p>\n\n\n\n<p>Radek R. Ka\u0161a<\/p>\n\n\n\n<p>P\u0159\u00edbramsk\u00fd den\u00edk<\/p>\n\n\n\n<p><a href=\"https:\/\/pribramsky.denik.cz\/\" target=\"_blank\" rel=\"noreferrer noopener\">https:\/\/pribramsky.denik.cz\/<\/a><\/p>\n","protected":false},"excerpt":{"rendered":"<div class=\"mh-excerpt\"><p>V t\u011blocvi\u010dn\u011b p\u0159\u00edbramsk\u00fdch sokol\u016f se uskute\u010dnila dal\u0161\u00ed \u010d\u00e1st podzimn\u00edho pokra\u010dov\u00e1n\u00ed \u00fasp\u011b\u0161n\u00e9ho projektu P\u0159es bari\u00e9ry s polici\u00ed. Jeho hlavn\u00edm c\u00edlem je podpora handicapovan\u00fdch \u010di jinak pohybov\u011b <a class=\"mh-excerpt-more\" href=\"https:\/\/www.invarena.cz\/?p=38117\" title=\"Dal\u0161\u00ed d\u00edl projektu P\u0159es bari\u00e9ry s polici\u00ed: vyb\u00edralo se na v\u00e1\u017en\u011b zran\u011bnou Terezku\">[&#8230;]<\/a><\/p>\n<\/div>","protected":false},"author":1,"featured_media":1346,"comment_status":"open","ping_status":"closed","sticky":false,"template":"","format":"standard","meta":{"footnotes":""},"categories":[9],"tags":[],"class_list":["post-38117","post","type-post","status-publish","format-standard","has-post-thumbnail","hentry","category-zpravy"],"_links":{"self":[{"href":"https:\/\/www.invarena.cz\/index.php?rest_route=\/wp\/v2\/posts\/38117","targetHints":{"allow":["GET"]}}],"collection":[{"href":"https:\/\/www.invarena.cz\/index.php?rest_route=\/wp\/v2\/posts"}],"about":[{"href":"https:\/\/www.invarena.cz\/index.php?rest_route=\/wp\/v2\/types\/post"}],"author":[{"embeddable":true,"href":"https:\/\/www.invarena.cz\/index.php?rest_route=\/wp\/v2\/users\/1"}],"replies":[{"embeddable":true,"href":"https:\/\/www.invarena.cz\/index.php?rest_route=%2Fwp%2Fv2%2Fcomments&post=38117"}],"version-history":[{"count":0,"href":"https:\/\/www.invarena.cz\/index.php?rest_route=\/wp\/v2\/posts\/38117\/revisions"}],"wp:featuredmedia":[{"embeddable":true,"href":"https:\/\/www.invarena.cz\/index.php?rest_route=\/wp\/v2\/media\/1346"}],"wp:attachment":[{"href":"https:\/\/www.invarena.cz\/index.php?rest_route=%2Fwp%2Fv2%2Fmedia&parent=38117"}],"wp:term":[{"taxonomy":"category","embeddable":true,"href":"https:\/\/www.invarena.cz\/index.php?rest_route=%2Fwp%2Fv2%2Fcategories&post=38117"},{"taxonomy":"post_tag","embeddable":true,"href":"https:\/\/www.invarena.cz\/index.php?rest_route=%2Fwp%2Fv2%2Ftags&post=38117"}],"curies":[{"name":"wp","href":"https:\/\/api.w.org\/{rel}","templated":true}]}}