{"id":38130,"date":"2022-09-25T23:23:51","date_gmt":"2022-09-25T21:23:51","guid":{"rendered":"http:\/\/www.invarena.cz\/?p=38130"},"modified":"2022-09-25T23:23:51","modified_gmt":"2022-09-25T21:23:51","slug":"nahlaseni-hospitalizace-v-nemocnici-pri-pobirani-prispevku-na-peci","status":"publish","type":"post","link":"https:\/\/www.invarena.cz\/?p=38130","title":{"rendered":"Nahl\u00e1\u0161en\u00ed hospitalizace v nemocnici p\u0159i pob\u00edr\u00e1n\u00ed p\u0159\u00edsp\u011bvku na p\u00e9\u010di"},"content":{"rendered":"\n<p>Dotaz:<\/p>\n\n\n\n<p>Pe\u010duji o svoji maminku, kter\u00e9 je 96 let. Ji\u017e 3 t\u00fddny le\u017e\u00ed v&nbsp;nemocnici. Pob\u00edr\u00e1 p\u0159\u00edsp\u011bvek na p\u00e9\u010di. Mus\u00edm \u00daP ozn\u00e1mit, \u017ee je maminka v&nbsp;nemocnici?<\/p>\n\n\n\n<p>Odpov\u011b\u010f:<\/p>\n\n\n\n<p>Nahl\u00e1sit \u00daP den zapo\u010det\u00ed a den ukon\u010den\u00ed hospitalizace je povinen p\u0159\u00edjemce p\u0159\u00edsp\u011bvku na p\u00e9\u010di nebo jeho pe\u010duj\u00edc\u00ed osoba do osmi dn\u016f, kdy takov\u00e1 skute\u010dnost nastala.<\/p>\n\n\n\n<p>Pokud bude hospitalizace trvat d\u00e9le ne\u017e 1 kalend\u00e1\u0159n\u00ed m\u011bs\u00edc, bude v\u00fdplata p\u0159\u00edsp\u011bvku na p\u00e9\u010di Va\u0161\u00ed mamince pozastavena do doby, ne\u017e se vr\u00e1t\u00ed zp\u011bt dom\u016f. Bude-li maminka hospitalizov\u00e1na nap\u0159. od 1. 3. do 31. 3, nebude v\u00fdplata p\u0159\u00edsp\u011bvku na p\u00e9\u010di Va\u0161\u00ed mamince pozastavena, nebo\u0165 hospitalizace za\u010dala a skon\u010dila v&nbsp;jednom kalend\u00e1\u0159n\u00edm m\u011bs\u00edci. Pokud by hospitalizace Va\u0161\u00ed maminky trvala od 1. 3. do 8. 4., neobdr\u017e\u00ed Va\u0161e maminka p\u0159\u00edsp\u011bvek na p\u00e9\u010di za m\u011bs\u00edc b\u0159ezen, nebo\u0165 hospitalizace trvala d\u00e9le ne\u017e jeden kalend\u00e1\u0159n\u00ed m\u011bs\u00edc.<\/p>\n\n\n\n<p>admin<\/p>\n","protected":false},"excerpt":{"rendered":"<div class=\"mh-excerpt\"><p>Dotaz: Pe\u010duji o svoji maminku, kter\u00e9 je 96 let. Ji\u017e 3 t\u00fddny le\u017e\u00ed v&nbsp;nemocnici. Pob\u00edr\u00e1 p\u0159\u00edsp\u011bvek na p\u00e9\u010di. Mus\u00edm \u00daP ozn\u00e1mit, \u017ee je maminka v&nbsp;nemocnici? <a class=\"mh-excerpt-more\" href=\"https:\/\/www.invarena.cz\/?p=38130\" title=\"Nahl\u00e1\u0161en\u00ed hospitalizace v nemocnici p\u0159i pob\u00edr\u00e1n\u00ed p\u0159\u00edsp\u011bvku na p\u00e9\u010di\">[&#8230;]<\/a><\/p>\n<\/div>","protected":false},"author":1,"featured_media":1077,"comment_status":"open","ping_status":"closed","sticky":false,"template":"","format":"standard","meta":{"footnotes":""},"categories":[18],"tags":[],"class_list":["post-38130","post","type-post","status-publish","format-standard","has-post-thumbnail","hentry","category-poradna"],"_links":{"self":[{"href":"https:\/\/www.invarena.cz\/index.php?rest_route=\/wp\/v2\/posts\/38130","targetHints":{"allow":["GET"]}}],"collection":[{"href":"https:\/\/www.invarena.cz\/index.php?rest_route=\/wp\/v2\/posts"}],"about":[{"href":"https:\/\/www.invarena.cz\/index.php?rest_route=\/wp\/v2\/types\/post"}],"author":[{"embeddable":true,"href":"https:\/\/www.invarena.cz\/index.php?rest_route=\/wp\/v2\/users\/1"}],"replies":[{"embeddable":true,"href":"https:\/\/www.invarena.cz\/index.php?rest_route=%2Fwp%2Fv2%2Fcomments&post=38130"}],"version-history":[{"count":0,"href":"https:\/\/www.invarena.cz\/index.php?rest_route=\/wp\/v2\/posts\/38130\/revisions"}],"wp:featuredmedia":[{"embeddable":true,"href":"https:\/\/www.invarena.cz\/index.php?rest_route=\/wp\/v2\/media\/1077"}],"wp:attachment":[{"href":"https:\/\/www.invarena.cz\/index.php?rest_route=%2Fwp%2Fv2%2Fmedia&parent=38130"}],"wp:term":[{"taxonomy":"category","embeddable":true,"href":"https:\/\/www.invarena.cz\/index.php?rest_route=%2Fwp%2Fv2%2Fcategories&post=38130"},{"taxonomy":"post_tag","embeddable":true,"href":"https:\/\/www.invarena.cz\/index.php?rest_route=%2Fwp%2Fv2%2Ftags&post=38130"}],"curies":[{"name":"wp","href":"https:\/\/api.w.org\/{rel}","templated":true}]}}