{"id":38243,"date":"2022-11-21T17:14:03","date_gmt":"2022-11-21T16:14:03","guid":{"rendered":"http:\/\/www.invarena.cz\/?p=38243"},"modified":"2022-11-21T17:14:04","modified_gmt":"2022-11-21T16:14:04","slug":"prispevek-na-peci-se-mozna-zvysi","status":"publish","type":"post","link":"https:\/\/www.invarena.cz\/?p=38243","title":{"rendered":"P\u0159\u00edsp\u011bvek na p\u00e9\u010di se mo\u017en\u00e1 zv\u00fd\u0161\u00ed"},"content":{"rendered":"\n<p>P\u0159\u00edsp\u011bvek na p\u00e9\u010di by se mohl zvy\u0161ovat spole\u010dn\u011b s d\u016fchody, navrhuje to ministerstvo pr\u00e1ce a soci\u00e1ln\u00edch v\u011bc\u00ed, v\u00fd\u0161e d\u00e1vky pro lidi, kte\u0159\u00ed jsou kv\u016fli zdravotn\u00edmu stavu dlouhodob\u011b odk\u00e1zan\u00ed na p\u00e9\u010di druh\u00fdch, se pohybuje od 880 do 19 200 K\u010d m\u011bs\u00ed\u010dn\u011b. Ozn\u00e1mil to Radio\u017eurn\u00e1l. <\/p>\n\n\n\n<p>Iva VOKURKOV\u00c1, redaktorka<br>Te\u010f se pro ka\u017ed\u00e9 zv\u00fd\u0161en\u00ed p\u0159\u00edsp\u011bvku mus\u00ed v\u017edy zm\u011bnit z\u00e1kon, navrhovan\u00fd valoriza\u010dn\u00ed mechanismus by zajistil povinn\u00fd r\u016fst d\u00e1vky jako u penz\u00ed, \u0159\u00edk\u00e1 vedouc\u00ed odd\u011blen\u00ed koncepce soci\u00e1ln\u00edch slu\u017eeb Jan Vrbick\u00fd.<\/p>\n\n\n\n<p>Jan Vrbick\u00fd, vedouc\u00ed koncepce soci\u00e1ln\u00edch slu\u017eeb,&nbsp;<strong>MPSV<\/strong><br>Tato varianta nejv\u00edce garantuje zachov\u00e1n\u00ed re\u00e1ln\u00e9 hodnoty p\u0159\u00edsp\u011bvku i dostupnosti p\u00e9\u010de.<\/p>\n\n\n\n<p>redaktorka<br>Stejn\u00fd mechanismus chce ministerstvo prosadit u limit\u016f na ceny soci\u00e1ln\u00edch slu\u017eeb. I ty by rostly stejn\u011b jako penze, \u0159\u00edk\u00e1 prezident Asociace poskytovatel\u016f soci\u00e1ln\u00ed p\u00e9\u010de Ji\u0159\u00ed Horeck\u00fd.<\/p>\n\n\n\n<p>Ji\u0159\u00ed HORECK\u00dd, prezident, Asociace poskytovatel\u016f soci\u00e1ln\u00edch slu\u017eeb \u010cR<br>Jednak je to predikovateln\u00e9, to znamen\u00e1, \u017ee ti poskytovatel\u00e9 v\u00ed, jak ty \u00fahrady porostou a pak to nebude p\u0159edm\u011btem politick\u00e9ho rozhodnut\u00ed, proto\u017ee to byl ten probl\u00e9m, \u017ee nikdo necht\u011bl b\u00fdt takzvan\u011b t\u00edm \u0161patn\u00fdm, kter\u00fd to nav\u00fd\u0161\u00ed.<\/p>\n\n\n\n<p>redaktorka<br>Novela z\u00e1kona o soci\u00e1ln\u00edch slu\u017eb\u00e1ch by m\u011bla za\u010d\u00edt platit od \u010dervence p\u0159\u00ed\u0161t\u00edho roku. <\/p>\n\n\n\n<p>Radio\u017eurn\u00e1l.<\/p>\n","protected":false},"excerpt":{"rendered":"<div class=\"mh-excerpt\"><p>P\u0159\u00edsp\u011bvek na p\u00e9\u010di by se mohl zvy\u0161ovat spole\u010dn\u011b s d\u016fchody, navrhuje to ministerstvo pr\u00e1ce a soci\u00e1ln\u00edch v\u011bc\u00ed, v\u00fd\u0161e d\u00e1vky pro lidi, kte\u0159\u00ed jsou kv\u016fli zdravotn\u00edmu <a class=\"mh-excerpt-more\" href=\"https:\/\/www.invarena.cz\/?p=38243\" title=\"P\u0159\u00edsp\u011bvek na p\u00e9\u010di se mo\u017en\u00e1 zv\u00fd\u0161\u00ed\">[&#8230;]<\/a><\/p>\n<\/div>","protected":false},"author":1,"featured_media":24197,"comment_status":"open","ping_status":"closed","sticky":false,"template":"","format":"standard","meta":{"footnotes":""},"categories":[1],"tags":[],"class_list":["post-38243","post","type-post","status-publish","format-standard","has-post-thumbnail","hentry","category-nezarazene"],"_links":{"self":[{"href":"https:\/\/www.invarena.cz\/index.php?rest_route=\/wp\/v2\/posts\/38243","targetHints":{"allow":["GET"]}}],"collection":[{"href":"https:\/\/www.invarena.cz\/index.php?rest_route=\/wp\/v2\/posts"}],"about":[{"href":"https:\/\/www.invarena.cz\/index.php?rest_route=\/wp\/v2\/types\/post"}],"author":[{"embeddable":true,"href":"https:\/\/www.invarena.cz\/index.php?rest_route=\/wp\/v2\/users\/1"}],"replies":[{"embeddable":true,"href":"https:\/\/www.invarena.cz\/index.php?rest_route=%2Fwp%2Fv2%2Fcomments&post=38243"}],"version-history":[{"count":0,"href":"https:\/\/www.invarena.cz\/index.php?rest_route=\/wp\/v2\/posts\/38243\/revisions"}],"wp:featuredmedia":[{"embeddable":true,"href":"https:\/\/www.invarena.cz\/index.php?rest_route=\/wp\/v2\/media\/24197"}],"wp:attachment":[{"href":"https:\/\/www.invarena.cz\/index.php?rest_route=%2Fwp%2Fv2%2Fmedia&parent=38243"}],"wp:term":[{"taxonomy":"category","embeddable":true,"href":"https:\/\/www.invarena.cz\/index.php?rest_route=%2Fwp%2Fv2%2Fcategories&post=38243"},{"taxonomy":"post_tag","embeddable":true,"href":"https:\/\/www.invarena.cz\/index.php?rest_route=%2Fwp%2Fv2%2Ftags&post=38243"}],"curies":[{"name":"wp","href":"https:\/\/api.w.org\/{rel}","templated":true}]}}