{"id":38245,"date":"2022-11-21T17:37:00","date_gmt":"2022-11-21T16:37:00","guid":{"rendered":"http:\/\/www.invarena.cz\/?p=38245"},"modified":"2022-11-21T17:37:01","modified_gmt":"2022-11-21T16:37:01","slug":"drahe-cesko-jak-na-prispevek-na-bydleni","status":"publish","type":"post","link":"https:\/\/www.invarena.cz\/?p=38245","title":{"rendered":"Drah\u00e9 \u010cesko: Jak na p\u0159\u00edsp\u011bvek na bydlen\u00ed"},"content":{"rendered":"\n<p><strong>Mnoho lid\u00ed \u0159e\u0161\u00ed p\u0159\u00edsp\u011bvek na bydlen\u00ed a mnohdy nev\u011bd\u00ed, zda na n\u011bj maj\u00ed n\u00e1rok \u010di ne a jak si o n\u011bj za\u017e\u00e1dat. Na dotazy odpov\u00eddaj\u00ed odborn\u00edci z ministerstva pr\u00e1ce a z organizace \u010clov\u011bk v t\u00edsni. Po\u0159ad \u010cesk\u00e9 televize.<\/strong> <\/p>\n\n\n\n<p>  dotaz<br>&#8222;Bydl\u00edm sama v byt\u011b, nejsem rozveden\u00e1 a man\u017eel bydl\u00ed ve sv\u00e9m dom\u011b a \u017eiju si ze sv\u00e9 penze. Chci se zeptat, jestli m\u00e1m n\u00e1rok na p\u0159\u00edsp\u011bvek na bydlen\u00ed. D\u011bkuji.&#8220;<\/p>\n\n\n\n<p>dotaz<br>&#8222;Jsem sice vdan\u00e1, ale man\u017eel \u017eije bohu\u017eel n\u011bkde jinde i p\u0159esto m\u00e1 u m\u011b trval\u00e9 bydli\u0161t\u011b. M\u00e1m n\u00e1rok na pomoc v nouzi, anebo p\u0159\u00edsp\u011bvek na bydlen\u00ed?&#8220;<\/p>\n\n\n\n<p>Iva MERHAUTOV\u00c1, n\u00e1m\u011bstkyn\u011b\u00a0<strong>ministra pr\u00e1ce<\/strong>\u00a0a soci\u00e1ln\u00edch v\u011bc\u00ed \/KDU-\u010cSL\/<br>obecn\u011b na d\u00e1vky st\u00e1tn\u00ed soci\u00e1ln\u00ed podpory maj\u00ed n\u00e1rok osoby, kter\u00e9 spolu trvale \u017eij\u00ed a spole\u010dn\u011b uhrazuj\u00ed svoje n\u00e1klady. V tomto p\u0159\u00edpad\u011b n\u00e1klady na bydlen\u00ed. Tak\u017ee pokud ty osoby spolu ne\u017eij\u00ed, \u017eij\u00ed ka\u017ed\u00e9 v jin\u00e9 dom\u00e1cnosti v jin\u00e9m byt\u011b nebo dom\u011b, tak potom by musel ka\u017ed\u00fd \u017e\u00e1dat s\u00e1m za sebe, ale samoz\u0159ejm\u011b musel by splnit ty jin\u00e9 podm\u00ednky pro vznik n\u00e1roku na p\u0159\u00edsp\u011bvek na bydlen\u00ed.<\/p>\n\n\n\n<p>moder\u00e1torka<br>Pane H\u016fle, \u0159e\u0161\u00edte \u010dasto i vy ve va\u0161ich poradn\u00e1ch podobn\u00e9 p\u0159\u00edpady, co na toto pot\u00e9 tedy odpov\u00edd\u00e1te?<\/p>\n\n\n\n<p>Daniel H\u016eLE, vedouc\u00ed programu Dluhov\u00e9 poradenstv\u00ed, \u010clov\u011bk v t\u00edsni<br>Ano, \u0159e\u0161\u00edme. Tady j\u00e1 bych jenom pan\u00ed n\u00e1m\u011bstkyni r\u00e1d doplnil, \u017ee automaticky se pohl\u00ed\u017e\u00ed na man\u017eele jako na spole\u010dn\u011b posuzovan\u00e9 osoby, je vlastn\u011b jedno, kde je trval\u00e9 bydli\u0161t\u011b, k tomu se dneska nep\u0159ihl\u00ed\u017e\u00ed. Pokud tito man\u017eel\u00e9 v\u00edce ne\u017e t\u0159i m\u011bs\u00edce \u017eij\u00ed odd\u011blen\u011b, tak mohou po\u017e\u00e1dat pr\u00e1v\u011b o to, aby byli posuzov\u00e1ni rozd\u011blen\u011b a pak na oba dva ty dotazy potom plat\u00ed vlastn\u011b odpov\u011b\u010f, \u017ee v takov\u00e9m p\u0159\u00edpad\u011b mohou jednotliv\u00ed man\u017eel\u00e9 po\u017e\u00e1dat o ten p\u0159\u00edsp\u011bvek na bydlen\u00ed sami za sebe.<\/p>\n\n\n\n<p>moder\u00e1torka<br>Jeden z velice \u010dast\u00fdch dotaz\u016f je potom je\u0161t\u011b tak\u00e9 na tuh\u00e1 paliva a p\u0159\u00edsp\u011bvek na bydlen\u00ed. Tak poj\u010fme si pustit dal\u0161\u00ed dotazy div\u00e1k\u016f.<\/p>\n\n\n\n<p>dotaz<br>&#8222;Pro\u010d se do p\u0159\u00edsp\u011bvku na bydlen\u00ed nem\u016f\u017ee zapo\u010d\u00edtat, kdy\u017e k b\u011b\u017en\u00fdm z\u00e1loh\u00e1m za plyn kv\u016fli tomu, abych u\u0161et\u0159ila, tak jsem dokoupila d\u0159evo, kter\u00e9 mi \u00fa\u0159ad, teda soci\u00e1ln\u00ed odbor \u0159\u00edkal, \u017ee mi neproplat\u00ed, \u017ee v\u016fbec to nezapo\u010d\u00edt\u00e1v\u00e1 do p\u0159\u00edsp\u011bvku na bydlen\u00ed, \u017ee mus\u00edm uv\u00e1d\u011bt pouze jedno druh topen\u00ed. To znamen\u00e1, \u017ee plyn, \u017ee d\u0159evem si nem\u016f\u017eu vypomoct.&#8220;<\/p>\n\n\n\n<p>dotaz<br>&#8222;Pro\u010d, kdy\u017e tam d\u00e1m \u00fa\u010det za 33 000 za uhl\u00ed, pro\u010d to uhl\u00ed se do toho nepo\u010d\u00edt\u00e1, pro\u010d se do toho po\u010d\u00edt\u00e1 jenom elektrika a voda do toho na bydlen\u00ed. Ty lidi, kdy\u017e maj\u00ed tuh\u00e1 paliva, tak prost\u011b mus\u00ed topit, \u017ee jo.&#8220;<\/p>\n\n\n\n<p>moder\u00e1torka<br>Pan\u00ed n\u00e1m\u011bstkyn\u011b, jak\u00e1 by byla v tuto chv\u00edli tedy va\u0161e odpov\u011b\u010f. A mo\u017en\u00e1 poj\u010fme postupn\u011b. Nejprve se tedy prvn\u00ed diva\u010dka ptala na to, pro\u010d nem\u016f\u017ee jednodu\u0161e do t\u00e9 \u017e\u00e1dosti uv\u00e9st oba dva druhy topen\u00ed. To znamen\u00e1, jak plyn, tak tuh\u00e1 paliva. A pot\u00e9 tedy, \u017ee se jednodu\u0161e nezapo\u010d\u00edt\u00e1v\u00e1 to tuh\u00e9 palivo do toho p\u0159\u00edsp\u011bvku na bydlen\u00ed?<\/p>\n\n\n\n<p>Iva MERHAUTOV\u00c1, n\u00e1m\u011bstkyn\u011b&nbsp;<strong>ministra<\/strong><strong>pr\u00e1ce<\/strong>&nbsp;a soci\u00e1ln\u00edch v\u011bc\u00ed \/KDU-\u010cSL\/<br>Tak tuh\u00e1 paliva se zapo\u010d\u00edt\u00e1vaj\u00ed, ale normativn\u00ed n\u00e1klady \u0159\u00edkaj\u00ed pouze, do jak\u00e9 v\u00fd\u0161e, aktu\u00e1ln\u011b je to t\u0159eba pro jednu osobu kolem 800 K\u010d, a pr\u00e1v\u011b ta chystan\u00e1 novela m\u00e1 sjednotit pro jednu a pro dv\u011b osoby a ta v\u00fd\u0161e by se m\u011bla potom nav\u00fd\u0161it pro dv\u011b osoby asi na 1522 K\u010d.<\/p>\n\n\n\n<p>Vendula POKORN\u00c1, moder\u00e1torka<br>Pane H\u016fle, je\u0161t\u011b tady m\u00e1me podobn\u00fd dotaz, kter\u00fd n\u00e1m p\u0159i\u0161el emailem a pt\u00e1 se pan\u00ed Marie.<\/p>\n\n\n\n<p>pan\u00ed Marie<br>&#8222;M\u011bla bych dotaz ohledn\u011b p\u0159\u00edsp\u011bvku na bydlen\u00ed. Bydl\u00edm sama v rodinn\u00e9m dom\u011b, ve kter\u00e9m m\u00e1m v\u011bcn\u00e9 b\u0159emeno, top\u00edm pevn\u00fdmi palivy a skute\u010dn\u00e9 n\u00e1klady na bydlen\u00ed vysoce p\u0159evy\u0161uj\u00ed 30 % p\u0159\u00edjm\u016f. P\u0159esto nem\u00e1m n\u00e1rok na p\u0159\u00edsp\u011bvek na bydlen\u00ed, jeliko\u017e normativn\u00ed n\u00e1klady na vyt\u00e1p\u011bn\u00ed pevn\u00fdmi palivy pro jednu osobu \u010din\u00ed pouze 800 K\u010d m\u011bs\u00ed\u010dn\u011b.&#8220;<\/p>\n\n\n\n<p>Vendula POKORN\u00c1, moder\u00e1torka<br>To u\u017e tedy zm\u00ednila tady i pan\u00ed n\u00e1m\u011bstkyn\u011b.<\/p>\n\n\n\n<p>pan\u00ed Marie<br>&#8222;P\u0159i\u010dem\u017e skute\u010dn\u00e9 n\u00e1klady n\u011bkolikan\u00e1sobn\u011b p\u0159evy\u0161uj\u00ed tuto \u010d\u00e1stku.&#8220;<\/p>\n\n\n\n<p>Vendula POKORN\u00c1, moder\u00e1torka<br>Tak co byste poradil lidem, kte\u0159\u00ed maj\u00ed podobn\u00e9 probl\u00e9my, \u017ee opravdu ty n\u00e1klady na topen\u00ed na ty tuh\u00e1 paliva jsou takto vysok\u00e9, ale ten normativ je vlastn\u011b v tomto p\u0159\u00edpad\u011b jen 800 K\u010d.<\/p>\n\n\n\n<p>Daniel H\u016eLE, vedouc\u00ed programu Dluhov\u00e9 poradenstv\u00ed, \u010clov\u011bk v t\u00edsni<br>J\u00e1 bych jenom je\u0161t\u011b se r\u00e1d vr\u00e1til, ona to pan\u00ed n\u00e1m\u011bstkyn\u011b \u0159ekla, ale aby to opravdu zazn\u011blo jasn\u011b, proto\u017ee s t\u00edm se na na\u0161\u00ed \/nesrozumiteln\u00e9\/ tak\u00e9 setk\u00e1v\u00e1me, \u017ee panuj\u00ed r\u016fzn\u00e9 f\u00e1my, \u017ee se nap\u0159\u00edklad tuh\u00e1 paliva nezapo\u010d\u00edt\u00e1vaj\u00ed. Oni si dokonce p\u0159ipo\u010d\u00edt\u00e1vaj\u00ed. \u010clov\u011bk si vybere, jestli bydl\u00ed jakoby de facto v tom t\u0159eba vlastnick\u00e9m bydlen\u00ed, to je nej\u010dast\u011bj\u0161\u00ed forma, kdy\u017e vyu\u017e\u00edv\u00e1 tuh\u00e1 paliva a je\u0161t\u011b se mu p\u0159ipo\u010dte ten p\u0159\u00edplatek za ta tuh\u00e1 paliva. Tady opravdu prost\u011b n\u00e1s dostihla krize, proto\u017ee d\u0159\u00edve ta tuh\u00e1 paliva prost\u011b nebyla tak drah\u00e1, ale r\u016fst cen energi\u00ed zvedl p\u0159irozen\u011b v\u0161echny zp\u016fsoby vyt\u00e1p\u011bn\u00ed. Ten r\u016fst je dramatick\u00fd a jak \u0159\u00edkala pan\u00ed n\u00e1m\u011bstkyn\u011b, od ledna se toto zm\u011bn\u00ed. To znamen\u00e1, \u017ee pan\u00ed vlastn\u011b v tom va\u0161em p\u0159\u00edpad\u011b narazila na parametrick\u00e9 nastaven\u00ed toho syst\u00e9mu. Na druhou stranu prost\u011b opravdu ta situace se vyv\u00edj\u00ed u n\u00e1s i ve sv\u011bt\u011b tak dramaticky rychl\u00fdm zp\u016fsobem, \u017ee upravovat tomu ten syst\u00e9m nen\u00ed \u00fapln\u011b snadn\u00e9. Tak\u017ee j\u00e1 jsem r\u00e1d, \u017ee od ledna se to zm\u011bn\u00ed, nav\u00fd\u0161\u00ed se p\u0159\u00edplatek za ta tuh\u00e1 paliva, ta situace bude trochu lep\u0161\u00ed, ale po\u0159\u00e1d vlastn\u011b jakoby lze o\u010dek\u00e1vat, \u017ee ten strop, to znamen\u00e1 ty normativn\u00ed n\u00e1klady, zdaleka nepokryj\u00ed spot\u0159ebu u n\u011bkter\u00fdch p\u0159\u00edpadech lid\u00ed, proto\u017ee tam se to hodn\u011b odv\u00edj\u00ed od toho, jak efektivn\u00ed vyt\u00e1p\u011bn\u00ed ta dom\u00e1cnost m\u00e1 a podobn\u011b. Tak\u017ee ur\u010dit\u011b nelze po\u010d\u00edtat a spol\u00e9hat se na to, \u017ee ty nov\u00e9 stropy vlastn\u011b pokryj\u00ed ve\u0161kerou spot\u0159ebu.<\/p>\n\n\n\n<p>Vendula POKORN\u00c1, moder\u00e1torka<br>Poj\u010fme tedy na dal\u0161\u00ed dotazy div\u00e1k\u016f, kter\u00e9 n\u00e1m nechali na na\u0161em z\u00e1znamn\u00edku. T\u00fdkaj\u00ed se te\u010f tedy hlavn\u011b toho, co maj\u00ed d\u011blat s vy\u00fa\u010dtov\u00e1n\u00edm energi\u00ed?<\/p>\n\n\n\n<p>dotaz<br>&#8222;M\u00e1m tady formul\u00e1\u0159e na p\u0159\u00edsp\u011bvek na bydlen\u00ed a vzhledem k tomu, \u017ee se vypln\u00ed po \u010dtvrtlet\u00ed, po m\u011bs\u00edc\u00edch, tak j\u00e1 m\u016f\u017eu zvl\u00e1dat \u010d\u00e1stku, kterou plat\u00edm, ale z\u00e1rove\u0148 bych m\u011bla vyplnit nedoplatek nebo p\u0159eplatek za ka\u017ed\u00fd dan\u00fd m\u011bs\u00edc, co\u017e samoz\u0159ejm\u011b nev\u00edm nebo vy\u00fa\u010dtov\u00e1n\u00ed b\u00fdv\u00e1 jednou za rok.&#8220;<\/p>\n\n\n\n<p>dotaz<br>&#8222;Pan\u00ed \/nesrozumiteln\u00e9\/ te\u010f \u0159\u00edkala, \u017ee jako p\u0159\u00edloha k \u017e\u00e1dosti o p\u0159\u00edsp\u011bvek na bydlen\u00ed mus\u00ed b\u00fdt vy\u00fa\u010dtov\u00e1n\u00ed elekt\u0159iny nebo plynu prost\u011b energi\u00ed a jestli je to za kvart\u00e1l, tak je to nesplniteln\u00fd, proto\u017ee \u017e\u00e1dn\u00fd poskytovatel t\u00e9 energie, \u017e\u00e1dn\u00fd dodavatel v\u00e1m neud\u011bl\u00e1 vy\u00fa\u010dtov\u00e1n\u00ed jenom za kvart\u00e1l, jak si s t\u00edm poradit. D\u011bkuji v\u00e1m.&#8220;<\/p>\n\n\n\n<p>Vendula POKORN\u00c1, moder\u00e1torka<br>Pan\u00ed n\u00e1m\u011bstkyn\u011b, jak tedy prakticky \u0159e\u0161it tento probl\u00e9m?<\/p>\n\n\n\n<p>Iva MERHAUTOV\u00c1, n\u00e1m\u011bstkyn\u011b\u00a0<strong>ministra<\/strong> <strong>pr\u00e1ce<\/strong>\u00a0a soci\u00e1ln\u00edch v\u011bc\u00ed \/KDU-\u010cSL\/<br>Tak aktu\u00e1ln\u011b skute\u010dn\u011b lid\u00e9 vypl\u0148uj\u00ed n\u00e1klady na energie, mohou to b\u00fdt i z\u00e1lohy, kter\u00e9, kter\u00e9 plat\u00ed, ale je to tedy \u010dtvrtletn\u011b zp\u011btn\u011b. Tady bych podotkla, \u017ee od nov\u00e9ho roku \u010dtvrtlet\u00ed u\u017e se nebudou zapo\u010d\u00edt\u00e1vat, ale p\u0159ech\u00e1z\u00edme na pololet\u00ed. Ale to neznamen\u00e1, \u017ee kdy\u017e lidem vzniknou b\u011bhem toho pololet\u00ed vy\u0161\u0161\u00ed n\u00e1klady, \u017ee nemohou je\u0161t\u011b dolo\u017eit v pr\u016fb\u011bhu toho pololet\u00ed dal\u0161\u00ed vy\u0161\u0161\u00ed n\u00e1klady, mohou to u\u010dinit ka\u017ed\u00fd potom m\u011bs\u00edc, p\u0159\u00edpadn\u011b do osmi dn\u016f od po\u010d\u00e1tku m\u011bs\u00edce. Ale vra\u0165me se teda k t\u00e9 ot\u00e1zce. Je to tak, \u017ee vlastn\u011b oni uvedou ty n\u00e1klady, kter\u00e9 v tom \u010dtvrtlet\u00ed minul\u00e9m vznikly. A potom samoz\u0159ejm\u011b, kdy\u017e p\u0159ijde vy\u00fa\u010dtov\u00e1n\u00ed, tak se m\u016f\u017ee st\u00e1t, \u017ee doplat\u00ed, pak se ten doplatek za\u00fa\u010dtov\u00e1v\u00e1 v tom \u010dtvrtlet\u00ed doposud tedy, ve kter\u00e9m vznikl a je-li p\u0159eplatek, tak bohu\u017eel se zase tedy ode\u010d\u00edt\u00e1 zase v tom \u010dtvrtlet\u00ed, ve kter\u00e9m vznikl, ve kter\u00e9m byl doplacen.<\/p>\n\n\n\n<p>Vendula POKORN\u00c1, moder\u00e1torka<br>Tak\u017ee je to \u0159e\u0161iteln\u00e9 jednodu\u0161e, nen\u00ed to tak, \u017ee by to ne\u0161lo dolo\u017eit?<\/p>\n\n\n\n<p>Iva MERHAUTOV\u00c1, n\u00e1m\u011bstkyn\u011b\u00a0<strong>ministra <\/strong><strong>pr\u00e1ce<\/strong>\u00a0a soci\u00e1ln\u00edch v\u011bc\u00ed \/KDU-\u010cSL\/<br>Ano, je to tak.<\/p>\n\n\n\n<p>Vendula POKORN\u00c1, moder\u00e1torka<br>Pane H\u016fle, je mo\u017en\u00e9 t\u0159eba po\u017e\u00e1dat dodavatele energi\u00ed o to, aby mi, kdy\u017e chci tedy velice jednodu\u0161e za\u017e\u00e1dat o tento p\u0159\u00edsp\u011bvek na bydlen\u00ed, aby mi t\u0159eba dodavatel energi\u00ed vy\u00fa\u010dtov\u00e1n\u00ed pos\u00edlal \u010dtvrtletn\u011b. Je to mo\u017en\u00e9, \u0159e\u0161\u00edte to?<\/p>\n\n\n\n<p>Daniel H\u016eLE, vedouc\u00ed programu Dluhov\u00e9 poradenstv\u00ed, \u010clov\u011bk v t\u00edsni<br>Ne, tak ono to nen\u00ed pot\u0159eba, jak zase \u0159\u00edkala pan\u00ed n\u00e1m\u011bstkyn\u011b, tady teda mus\u00edm \u0159\u00edct, \u017ee ten dotaz vlastn\u011b plyne z trochu nepochopen\u00ed situace a je to podle m\u011b d\u00e1no nesrozumitelnost\u00ed toho procesu a t\u011bch formul\u00e1\u0159\u016f. A proto\u017ee to opravdu plat\u00ed pro p\u0159\u00edpad, \u017ee v tom dan\u00e9m je\u0161t\u011b kvart\u00e1le \u010dlov\u011bk dostal to vy\u00fa\u010dtov\u00e1n\u00ed a tam jakoby p\u0159esn\u011b uvede tyto n\u00e1le\u017eitosti. Pokud je to kvart\u00e1l, kde vy\u00fa\u010dtov\u00e1n\u00ed nebylo nebo pololet\u00ed, tak se to tam neuv\u00e1d\u00ed. N\u011bco jin\u00e9ho je, pokud se zvednou, zvednou n\u00e1klady v d\u016fsledku zdra\u017een\u00ed a podobn\u011b, tak to je mo\u017en\u00e9 samoz\u0159ejm\u011b korigovat, ale jinak jakoby tento d\u016fkaz vych\u00e1z\u00ed z t\u011bch formul\u00e1\u0159\u016f. Standardn\u011b opravdu dodavatel\u00e9 energie nevystavuj\u00ed vy\u00fa\u010dtov\u00e1n\u00ed a spot\u0159ebu \u010dast\u011bji v n\u011bjak\u00e9m t\u0159eba \u010dtvrtletn\u00edm, \u010dtvrtletn\u00ed period\u011b. Tak\u017ee to, my se sna\u017e\u00edme sp\u00ed\u0161 \u0159e\u0161it tu komunikaci toho \u017eadatel\u00e9 s \u00fa\u0159adem pr\u00e1ce, ne\u017e abychom do toho vt\u00e1hli toho dodavatele energie. Ti jsou te\u010f v tuto chv\u00edli stejn\u011b tak p\u0159et\u00ed\u017een\u00ed, \u017ee samoz\u0159ejm\u011b jako na spoustu takov\u00fdchto agend nemaj\u00ed kapacitu.<\/p>\n\n\n\n<p>Vendula POKORN\u00c1, moder\u00e1torka<br>Emailem n\u00e1m poslal dotaz pan Cudzik,<\/p>\n\n\n\n<p>pan Cudzik<br>&#8222;Jsem vdovec, starobn\u00ed d\u016fchodce, samostatn\u00e1 dom\u00e1cnost, jedna osoba. Bydl\u00edm v dom\u011b dv\u011b bytov\u00e9 jednotky se samostatn\u00fdm vchodem. M\u00e1me jedno odb\u011brov\u00e9 m\u00edsto. N\u00e1klady se d\u011bl\u00ed 50 na 50 na bytovou jednotku. Jak se dokl\u00e1daj\u00ed n\u00e1klady pro bytovou jednotku?&#8220;<\/p>\n\n\n\n<p>Vendula POKORN\u00c1, moder\u00e1torka<br>Pan\u00ed n\u00e1m\u011bstkyn\u011b, jak jednodu\u0161e poradit?<\/p>\n\n\n\n<p>Iva MERHAUTOV\u00c1, n\u00e1m\u011bstkyn\u011b\u00a0<strong>ministra <\/strong><strong>pr\u00e1ce<\/strong>\u00a0a soci\u00e1ln\u00edch v\u011bc\u00ed \/KDU-\u010cSL\/<br>Tak pakli\u017ee jsou dv\u011b bytov\u00e9 jednotky, bylo by asi s v\u00fdhodou m\u00edt tedy ta odb\u011brn\u00e1 m\u00edsta dv\u011b, pak by to byly tedy jasn\u011b prokazateln\u00e9 n\u00e1klady. Tady v tom p\u0159\u00edpad\u011b, pokud by v obou bytov\u00fdch jednotk\u00e1ch n\u011bkdo bydlel a \u017e\u00e1dal o p\u0159\u00edsp\u011bvek na bydlen\u00ed, pak se ty n\u00e1klady samoz\u0159ejm\u011b daj\u00ed jaksi rozd\u011blit mezi ty dv\u011b bytov\u00e9 jednotky prokazateln\u011b. No, pokud by \u017e\u00e1dala jenom jedna, nev\u00edm, jak by k tomu p\u0159istoupil p\u0159\u00edmo \u00fa\u0159ad pr\u00e1ce, zda by t\u0159eba posta\u010dilo n\u011bjak\u00e9 \u010destn\u00e9 prohl\u00e1\u0161en\u00ed o odb\u011bru t\u00e9 druh\u00e9, druh\u00e9 bytov\u00e9 jednotky.<\/p>\n\n\n\n<p>Vendula POKORN\u00c1, moder\u00e1torka<br>Poj\u010fme tedy na dal\u0161\u00ed dotaz. Iveta Hol\u00e1 se pt\u00e1, <\/p>\n\n\n\n<p>Daniel H\u016eLE, vedouc\u00ed programu Dluhov\u00e9 poradenstv\u00ed, \u010clov\u011bk v t\u00edsni<br>Ano, j\u00e1 bych jenom, proto\u017ee my se s t\u00edmto setk\u00e1v\u00e1me tak\u00e9, ono to v dne\u0161n\u00ed dob\u011b je \u010dast\u00e9 a v d\u016fsledku toho, jak dneska dodavatele energi\u00ed vlastn\u011b neradi uzav\u00edraj\u00ed nov\u00e9 smlouvy, tak i vlastn\u011b z\u0159izov\u00e1n\u00ed t\u011bch v\u00edce odb\u011brn\u00fdch m\u00edst je v tuto chv\u00edli jakoby m\u00e9n\u011b snadn\u00e1 cesta, ale standardn\u011b ty \u00fa\u0159ady pr\u00e1ce akceptuj\u00ed, pokud ta dom\u00e1cnost, kter\u00e1 nen\u00ed t\u00edm odborn\u00fdm m\u00edstem, m\u00e1 pr\u00e1v\u011b n\u011bjakou dohodu o tom d\u011blen\u00ed, nap\u0159\u00edklad na to jakoby p\u016fl nap\u016fl n\u00e1klad\u016f, tak toto je vlastn\u011b mo\u017en\u00e9 dolo\u017eit jako doklad pro \u017e\u00e1dost \u00fa\u0159adu pr\u00e1ce. A zat\u00edm to vlastn\u011b ty \u00fa\u0159ady pr\u00e1ce toto, toto vlastn\u011b jim posta\u010d\u00ed.<\/p>\n\n\n\n<p> moder\u00e1torka<br>Mo\u017en\u00e1 tedy kdybych je\u0161t\u011b na v\u00e1s reagovala, jak komplikovan\u00e9 je potom v tu chv\u00edli vlastn\u011b z\u0159\u00eddit to dal\u0161\u00ed odb\u011brn\u00e9 m\u00edsto tak, aby se nemusely ty dom\u00e1cnosti vlastn\u011b d\u011blit nebo domlouvat mezi sebou?<\/p>\n\n\n\n<p>Daniel H\u016eLE, vedouc\u00ed programu Dluhov\u00e9 poradenstv\u00ed, \u010clov\u011bk v t\u00edsni<br>No tak oni, s t\u00edm se poj\u00ed samoz\u0159ejm\u011b jakoby vstupn\u00ed n\u00e1klady, pokud jde t\u0159eba o plyn, tak tam se mus\u00ed natlakovat ta soustava a podobn\u011b, to z\u0159\u00edzen\u00ed samo o sob\u011b, j\u00e1 si nechci vym\u00fd\u0161let, ale mysl\u00edm, \u017ee se pohybuje \u0159\u00e1dov\u011b kolem nad 10 000 K\u010d a potom \u010dlov\u011bk mus\u00ed uzav\u0159\u00edt novou smlouvu s t\u00edm dodavatelem energie, co\u017e zase samoz\u0159ejm\u011b v tuto chv\u00edli prost\u011b nemus\u00ed b\u00fdt \u00fapln\u011b nejv\u00fdhodn\u011bj\u0161\u00ed situace, by\u0165 dnes ta situace nebo respektive po roce 2023 se prakticky v\u0161echny smlouvy na dobu neur\u010ditou budou pohybovat, vlastn\u011b \u0159\u00eddit t\u00edm stropem, ale jenom jakoby vysv\u011btluji, \u017ee dote\u010fka, kdy ty stropy neplatily, tak uzav\u00edrat novou smlouvu by znamenalo, \u017ee by \u010dlov\u011bk dostal extr\u00e9mn\u011b vysok\u00e9 ceny oproti t\u011bm, kdy\u017e ta dom\u00e1cnost t\u0159eba to prvn\u00ed odb\u011brn\u00e9 m\u00edsto odeb\u00edr\u00e1 tu energii t\u0159eba 20 let, tak vlastn\u011b m\u011bli v\u017edycky v\u00fdhodn\u011bj\u0161\u00ed smluvn\u00ed vztah.<\/p>\n\n\n\n<p>moder\u00e1torka<br>Iveta Hol\u00e1 se pt\u00e1.<\/p>\n\n\n\n<p>Iveta Hol\u00e1<br>&#8222;Dobr\u00fd den, p\u0159\u00edsp\u011bvek na bydlen\u00ed ch\u00e1pu jako diskrimina\u010dn\u00ed v\u016f\u010di rodin\u00e1m bydl\u00edc\u00edm ve vlastn\u00edm dom\u011b. Testovala jsem p\u0159\u00edsp\u011bvek na bydlen\u00ed pro dva seniory bydl\u00edc\u00ed v rodinn\u00e9m domku top\u00edc\u00ed peletkami, topen\u00ed, kter\u00e9 vzrostlo na cen\u011b o 200 %. Re\u00e1ln\u00e9 n\u00e1klady 80 000. Do v\u00fdpo\u010dtu vstupuje 12 000. Vzhledem k tomu, \u017ee neplat\u00ed n\u00e1jem a doklad za tuh\u00e1 paliva je tam pau\u0161\u00e1ln\u011b, nedos\u00e1hnou v\u016fbec na \u017e\u00e1dnou podporu. Kdyby ale bydleli v n\u00e1jmu, tak na podporu dos\u00e1hnou.&#8220;<\/p>\n\n\n\n<p> moder\u00e1torka<br>Pan\u00ed n\u00e1m\u011bstkyn\u011b, p\u0159ijde v\u00e1m to v tomto diskrimina\u010dn\u00ed, jak \u0159\u00edk\u00e1 na\u0161e diva\u010dka?<\/p>\n\n\n\n<p>Iva MERHAUTOV\u00c1, n\u00e1m\u011bstkyn\u011b&nbsp;<strong>ministra<\/strong><strong>pr\u00e1ce<\/strong>&nbsp;a soci\u00e1ln\u00edch v\u011bc\u00ed \/KDU-\u010cSL\/<br>Tak ne zcela, proto\u017ee dru\u017estevn\u00ed vlastnictv\u00ed nebo vlastnictv\u00ed je zase v t\u011bch normativn\u00edch n\u00e1kladech zohledn\u011bno tak, \u017ee p\u0159\u00edmo jsou ur\u010den\u00e9 \u010d\u00e1stky, kter\u00e9 se zapo\u010d\u00edt\u00e1vaj\u00ed, by\u0165 tedy nevznikaj\u00ed a zase op\u011btn\u011b, abychom byli spravedliv\u011bj\u0161\u00ed v\u016f\u010di t\u011bm lidem, kte\u0159\u00ed \u017eij\u00ed samostatn\u011b, t\u0159eba senio\u0159i a podobn\u011b, tak p\u0159ech\u00e1z\u00edme nebo navrhujeme, aby od nov\u00e9ho roku od ledna 2023 se po\u010d\u00edtali tyto n\u00e1klady dv\u011bma osob\u00e1m. \u010cili ta \u010d\u00e1stka se zvy\u0161uje vlastn\u011b dvojn\u00e1sobn\u011b, 1\u00d7 na druhou osobu a podruh\u00e9 tedy v t\u00e9 absolutn\u00ed v\u00fd\u0161i.<\/p>\n\n\n\n<p>Vendula , moder\u00e1torka<br>Poj\u010fme je\u0161t\u011b na dal\u0161\u00ed dotaz, kter\u00fd n\u00e1m p\u0159i\u0161el pr\u00e1v\u011b v tuto chv\u00edli. Petra se pt\u00e1.<\/p>\n\n\n\n<p>Petra<br>&#8222;Jsem samo\u017eivitelka s dcerou na z\u00e1kladn\u00ed \u0161kole, bydl\u00edm v dru\u017estevn\u00edm byt\u011b. Pro\u010d se na takov\u00e9 bydlen\u00ed tak\u00e9 nevztahuje p\u0159\u00edsp\u011bvek na bydlen\u00ed, kdy\u017e jsem dru\u017estevn\u00edk a ne p\u0159\u00edm\u00fd vlastn\u00edk. Plat\u00edm to sam\u00e9, co vlastn\u00edk ve fondu oprav, ale j\u00e1 takzvan\u011b v n\u00e1jmu?&#8220;<\/p>\n\n\n\n<p> moder\u00e1torka<br>Pane H\u016fle, odpov\u00edte na tuto ot\u00e1zku?<\/p>\n\n\n\n<p>Daniel H\u016eLE, vedouc\u00ed programu Dluhov\u00e9 poradenstv\u00ed, \u010clov\u011bk v t\u00edsni<br>Ur\u010dit\u011b, ur\u010dit\u011b. Ono to po\u0159\u00e1d vych\u00e1z\u00ed z nepochopen\u00ed toho p\u0159\u00edsp\u011bvku na bydlen\u00ed. Ve sv\u00e9 podstat\u011b ten p\u0159\u00edsp\u011bvek na bydlen\u00ed n\u00e1m kompenzuje dv\u011b z\u00e1kladn\u00ed jakoby mno\u017einy v\u00fddaj\u016f. Jedna ta mno\u017eina v\u00fddaj\u016f je n\u00e1jem a druh\u00e1 mno\u017eina v\u00fddaj\u016f jsou n\u00e1klady spojen\u00fd s t\u00edm bydlen\u00edm. A prost\u011b lid\u00e9, kte\u0159\u00ed bydl\u00ed ve vlastn\u00edm maj\u00ed to bydlen\u00ed prost\u011b levn\u011bj\u0161\u00ed, proto\u017ee neplat\u00ed n\u011bkomu za slu\u017ebu, \u017ee mu poskytuje to bydlen\u00ed, proto p\u0159irozen\u011b ty normativy pro vlastn\u00edky a dru\u017estevn\u00edky jsou prost\u011b ni\u017e\u0161\u00ed. To si mysl\u00edm, \u017ee je spr\u00e1vn\u00e9, m\u016f\u017eeme se bavit o tom, jestli parametricky to \u00fapln\u011b ide\u00e1ln\u00ed a vhodn\u00fd a podobn\u011b. Tam je zaj\u00edmav\u00e9, \u017ee pro vlastn\u00edky a pro dru\u017estevn\u00edky vlastn\u011b se ta sazba li\u0161\u00ed jenom podle velikosti dom\u00e1cnosti a nikoliv podle velikosti obce, jako je to t\u0159eba u toho n\u00e1jemn\u00edho bydlen\u00ed. Tam zase do toho vstupuje to, \u017ee typicky distribuce energi\u00ed je vlastn\u011b po cel\u00e9m tom \u00fazem\u00ed stejn\u00e1, tam nez\u00e1le\u017e\u00ed na tom, jestli to je p\u011btitis\u00edcov\u00e1 obec nebo 50tis\u00edcov\u00e1 obec. Tak\u017ee zase n\u011bjakou logiku to podle m\u011b m\u00e1. Fakt, mysl\u00edm si, \u017ee si lid\u00e9 jenom neuv\u011bdomuj\u00ed, \u017ee prost\u011b ty vlastn\u00edci plat\u00ed za to bydlen\u00ed prost\u011b m\u00e9n\u011b. Nen\u00ed to tak, \u017ee by platili do fondu oprav. To samoz\u0159ejm\u011b plat\u00ed ty n\u00e1jemn\u00ed byty, i v tom n\u00e1jemn\u00edm byt\u011b, jenom je to t\u0159eba p\u0159i posunu k tomu n\u00e1jmu, ale prost\u011b fond oprav je ve v\u0161ech t\u011bch bytech nebo n\u011bkde v\u00edc, n\u011bkde m\u00ed\u0148, ale neli\u0161\u00ed se to podle tohoto. A nav\u00edc je tam ten p\u0159\u00edplatek za tu slu\u017ebu, \u017ee mi n\u011bkdo pronaj\u00edm\u00e1 bydlen\u00ed, tak\u017ee opravdu, mysl\u00edm si, \u017ee v tomto ten p\u0159\u00edsp\u011bvek na bydlen\u00ed nen\u00ed \u0161patn\u011b konstruovan\u00fd.<\/p>\n\n\n\n<p>moder\u00e1torka<br>Vy jste zm\u00ednil fond oprav, tak mo\u017en\u00e1 poj\u010fme tedy rovnou na dal\u0161\u00ed audio dotaz.<\/p>\n\n\n\n<p>hovo\u0159\u00edc\u00ed \u017eena<br>J\u00e1 jsem cht\u011bla po\u017e\u00e1dat o pomoc od st\u00e1tu a bylo mi \u0159e\u010deno, \u017ee fond oprav se do toho nem\u016f\u017ee po\u010d\u00edtat, to je zateplen\u00ed domu, v\u00fdm\u011bna nov\u00fdch oken, v\u00fdm\u011bny v\u00fdtahu a st\u0159echa, a to je podstatn\u00e1 \u010d\u00e1st toho platu, kter\u00fd j\u00e1 pos\u00edl\u00e1m dru\u017estvu, kter\u00fd mus\u00edm poslat za vodu, teplo, \u00faklid domu, popelnice, atd. tak\u017ee v\u016fbec nev\u00edm, jestli teda teda to m\u00e1m pod\u00e1vat nebo ne.<\/p>\n\n\n\n<p>moder\u00e1torka<br>Pan\u00ed n\u00e1m\u011bstkyn\u011b, to je tedy pravd\u011bpodobn\u011b to, o \u010dem te\u010f pr\u00e1v\u011b pan Daniel H\u016fle hovo\u0159il?<\/p>\n\n\n\n<p>Iva MERHAUTOV\u00c1, n\u00e1m\u011bstkyn\u011b&nbsp;<strong>ministra<\/strong><strong>pr\u00e1ce<\/strong>&nbsp;a soci\u00e1ln\u00edch v\u011bc\u00ed \/KDU-\u010cSL\/<br>Ano, je to skute\u010dn\u011b tak. Fond oprav se nezapo\u010d\u00edt\u00e1v\u00e1 do n\u00e1klad\u016f na bydlen\u00ed, pro p\u0159\u00edsp\u011bvek na bydlen\u00ed. Zapo\u010d\u00edt\u00e1vaj\u00ed se tam, dalo by se \u0159\u00edci, takov\u00e9 ty provozn\u00ed n\u00e1klady na spole\u010dn\u00fdch prostorech, jako je t\u0159eba \u00faklid, odvoz tedy odpadu a podobn\u011b, ale p\u0159esn\u011b to, co ta pan\u00ed popsala, to znamen\u00e1 ty investice do t\u0159eba zateplen\u00ed budovy. Tam to dru\u017estvo nebo ty vlastn\u00edci t\u011bch bytov\u00fdch jednotek mohou \u017e\u00e1dat vlastn\u011b jinde, z jin\u00fdch dota\u010dn\u00edch titul\u016f, a to je prost\u011b dotace pro v\u00edce osob. Tady je to tedy. Tato soci\u00e1ln\u00ed d\u00e1vka je, je tedy d\u00e1vkou jakoby osobn\u00ed, rodinnou.<\/p>\n\n\n\n<p>moder\u00e1torka<br>Mo\u017en\u00e1 poj\u010fme tedy je\u0161t\u011b na dal\u0161\u00ed aktu\u00e1ln\u00ed dotaz, kter\u00fd n\u00e1m p\u0159i\u0161el v tuto chv\u00edli. Vladim\u00edr se pt\u00e1, m\u00e1 matka bydl\u00ed sama v byt\u011b. Dle n\u00e1klad\u016f na bydlen\u00ed m\u00e1 n\u00e1rok na p\u0159\u00edsp\u011bvek na bydlen\u00ed, ale pracovnice \u00fa\u0159adu to odm\u00edtla z d\u016fvodu, \u017ee elektrick\u00e9 energie, elektrick\u00e1 energie je naps\u00e1na na syna z d\u016fvodu \u010dast\u00e9ho p\u0159evodu na jin\u00e9ho dodavatele. Jak v tuto chv\u00edli postupovat, pane H\u016fle?<\/p>\n\n\n\n<p>Daniel H\u016eLE, vedouc\u00ed programu Dluhov\u00e9 poradenstv\u00ed, \u010clov\u011bk v t\u00edsni<br>Tak tam je to samoz\u0159ejm\u011b jako, j\u00e1 bych pot\u0159eboval v\u00edc informac\u00ed, ot\u00e1zka je, jak koho je ten byt, je ten byt taky syna nebo ten je, ten je t\u00e9 pan\u00ed, proto\u017ee to je IRA \u010dasto k situaci, se kterou se setk\u00e1v\u00e1me, je v\u011bcn\u00e9 b\u0159emeno, nap\u0159\u00edklad rodi\u010de p\u0159evedou sv\u016fj, svoji nemovitost na d\u011bti. A potom tam jakoby maj\u00ed v\u011bcn\u00e9 b\u0159emeno, \u017ee tam mohou do\u017e\u00edt, a to je podobn\u00e9 potom s t\u011bmi energiemi. \u010clov\u011bk prost\u011b jakoby re\u00e1ln\u011b v takov\u00e9to situaci vybere a plat\u00ed vlastn\u011b podle toho modelu toho dru\u017estevn\u00edka a vlastn\u00edho bydlen\u00ed. To znamen\u00e1 ni\u017e\u0161\u00ed sazbu, p\u0159ipo\u010d\u00edt\u00e1v\u00e1 se mu tam ten n\u00e1jem, kter\u00fd tam vlastn\u011b jakoby re\u00e1ln\u011b nen\u00ed, a pak vlastn\u011b jedno, \u017ee ty energie jsou naps\u00e1ny na syna, proto\u017ee on vlastn\u011b, jakoby jsou to energie spot\u0159ebovan\u00e9 v tom dan\u00e9m byt\u011b. Pokud je to odb\u011brn\u00e9 m\u00edsto na ten byt a po tom se mi, ta energie, n\u00e1klady na tu energii p\u0159ipo\u010dtou do p\u0159\u00edsp\u011bvku na bydlen\u00ed.<\/p>\n\n\n\n<p>moder\u00e1torka<br>dal\u0161\u00ed audio dotaz. <\/p>\n\n\n\n<p>hovo\u0159\u00edc\u00ed \u017eena<br>Bydl\u00edm v byt\u011b, kter\u00fd jsme darovali kdysi vnu\u010dce. Vnu\u010dka je na mate\u0159sk\u00fd dovolen\u00fd, ale mate\u0159skou nepob\u00edr\u00e1, plat\u00edm to v\u0161echno sama v\u0161echny poplatky, cht\u011bla jsem se zeptat, jestli m\u00e1m n\u00e1rok na p\u0159\u00edsp\u011bvek na bydlen\u00ed.<\/p>\n\n\n\n<p>moder\u00e1torka<br>Pan\u00ed n\u00e1m\u011bstkyn\u011b, to asi podobn\u00e9 tomu p\u0159\u00edpadu, o kter\u00e9m te\u010f pr\u00e1v\u011b hovo\u0159il pan H\u016fle, ale mo\u017en\u00e1 si obecn\u011b poj\u010fme \u0159\u00edct, co se t\u00fdk\u00e1 lid\u00ed, kte\u0159\u00ed bydl\u00ed t\u0159eba u p\u0159\u00edbuzn\u00fdch, nemaj\u00ed tam, \u0159ekn\u011bme, \u017e\u00e1dn\u00fd n\u00e1jemn\u00ed vztah, tak jak toto dolo\u017eit, jak se s t\u00edmto pracuje.<\/p>\n\n\n\n<p>Iva MERHAUTOV\u00c1, n\u00e1m\u011bstkyn\u011b&nbsp;<strong>ministra<\/strong><strong>pr\u00e1ce<\/strong>&nbsp;a soci\u00e1ln\u00edch v\u011bc\u00ed \/KDU-\u010cSL\/<br>Tak samoz\u0159ejm\u011b, pokud maj\u00ed dal\u0161\u00ed jin\u00e9, \u0159ekn\u011bme, ty vysok\u00e9 n\u00e1klady na energie, tak \u017e\u00e1dat mohou, je ot\u00e1zka n\u00e1jemn\u00ed smlouva. N\u00e1jemn\u00ed smlouvu uzav\u0159\u00edt mezi p\u0159\u00edbuzn\u00fdmi zak\u00e1z\u00e1no nen\u00ed, nechci d\u00e1vat n\u011bjak\u00e9 p\u0159\u00edmo n\u00e1vody, ale sp\u00ed\u0161 je to o tom, jak, jak\u00fdm zp\u016fsobem potom bude, bude zapo\u010d\u00edt\u00e1no v t\u00e9 individu\u00e1ln\u00ed situaci.<\/p>\n\n\n\n<p>moder\u00e1torka<br>Te\u010f si projdeme formul\u00e1\u0159 \u017e\u00e1dosti o p\u0159\u00edsp\u011bvek. Je mo\u017en\u00e9 ho vyplnit online, osobn\u011b nebo zaslat e-mailem \u010di po\u0161tou. Na prvn\u00ed stran\u011b \u017eadatel vypln\u00ed sv\u00e9 kontaktn\u00ed \u00fadaje, tedy jm\u00e9no, adresu, rodn\u00e9 \u010d\u00edslo a dal\u0161\u00ed pot\u0159ebn\u00e9 informace. D\u00e1le je nutn\u00e9 uv\u00e9st vztah k nemovitosti, tedy zda je \u017eadatel n\u00e1jemcem, \u010dlenem dru\u017estva, podn\u00e1jemcem nebo vlastn\u00edkem. Pokud byt nap\u0159\u00edklad nevlastn\u00ed p\u0159\u00edmo \u017eadatel, ale jeho man\u017eel nebo man\u017eelka, je t\u0159eba vyplnit tak\u00e9 jejich \u00fadaje, na druh\u00e9 stran\u011b ve formul\u00e1\u0159i je t\u0159eba uv\u00e9st osobn\u00ed \u00fadaje v\u0161ech, kte\u0159\u00ed s doty\u010dn\u00fdm sd\u00edl\u00ed dom\u00e1cnost. Typicky jde o man\u017eely, partnery nebo d\u011bti. V\u0161ichni tak\u00e9 musej\u00ed formul\u00e1\u0159 podepsat. V p\u0159\u00edpad\u011b d\u011bt\u00ed jejich z\u00e1konn\u00ed z\u00e1stupci. Pozor tato \u010d\u00e1st se net\u00fdk\u00e1 pouze rodinn\u00fdch p\u0159\u00edslu\u0161n\u00edk\u016f. Sv\u00e9 \u00fadaje mus\u00ed doplnit ka\u017ed\u00fd, kdo v byt\u011b bydl\u00ed. Jak\u00fdm zp\u016fsobem cht\u011bj\u00ed \u017eadatel\u00e9 p\u0159\u00edsp\u011bvek vyplatit, vypln\u00ed na t\u0159et\u00ed stran\u011b formul\u00e1\u0159e. Mo\u017enosti jsou 2. Tedy bu\u010f na bankovn\u00ed \u00fa\u010det nebo po\u0161tovn\u00edm poukazem. V druh\u00e9 polovin\u011b tohoto listu vypln\u00ed lid\u00e9, kte\u0159\u00ed s \u017eadatelem bydl\u00ed svou trvalou adresu, to ale pouze v p\u0159\u00edpad\u011b, \u017ee jde o jin\u00e9 m\u00edsto, ne\u017e kde bydl\u00ed skute\u010dn\u011b. \u010c\u00e1st F na posledn\u00ed stran\u011b se t\u00fdk\u00e1 pouze lid\u00ed, kte\u0159\u00ed nejsou \u010de\u0161t\u00ed ob\u010dan\u00e9. N\u00e1sleduj\u00edc\u00ed \u010d\u00e1st u\u017e t\u00fdk\u00e1 v\u0161ech. \u017dadatel\u00e9 zde sv\u00fdm podpisem potvrzuj\u00ed, \u017ee pravdiv\u011b vyplnili v\u0161echny \u00fadaje a \u017ee d\u00e1vaj\u00ed souhlas k tomu, aby \u00fa\u0159ady m\u011bly p\u0159\u00edstup k pot\u0159ebn\u00fdm informac\u00edm od st\u00e1tn\u00edch org\u00e1n\u016f. Na konci formul\u00e1\u0159i je seznam v\u011bc\u00ed, kter\u00e9 nutn\u00e9 spolu s \u017e\u00e1dost\u00ed dolo\u017eit. Jde nap\u0159\u00edklad o doklady o v\u00fd\u0161i \u010dtvrtletn\u00edho p\u0159\u00edjmu, doklad o v\u00fd\u0161i n\u00e1klad\u016f na bydlen\u00ed nebo t\u0159eba potvrzen\u00ed o studiu v p\u0159\u00edpad\u011b nezletil\u00fdch d\u011bt\u00ed. \u00da\u0159ady pr\u00e1ce hl\u00e1s\u00ed, \u017ee je o p\u0159\u00edsp\u011bvek na bydlen\u00ed, ale i dal\u0161\u00ed d\u00e1vky velk\u00fd z\u00e1jem.<\/p>\n\n\n\n<p>redaktorka<br>Ne\u017e vyvol\u00e1vac\u00ed syst\u00e9m ohl\u00e1sil \u010d\u00edslo, kter\u00e9 dr\u017eela pan\u00ed Monika v ruce, trvalo dnes na Kr\u00e1lov\u00e9hradeck\u00e9m \u00fa\u0159adu pr\u00e1ce v\u00edce ne\u017e 2 hodiny.<\/p>\n\n\n\n<p>Monika , klientka \u00fa\u0159adu Pr\u00e1ce Hradec Kr\u00e1lov\u00e9<br>Techniku nest\u00edhaj\u00ed, \u010dek\u00e1 se tedy dlouho.<\/p>\n\n\n\n<p>redaktorka<br>P\u0159ibylo toti\u017e lid\u00ed, kte\u0159\u00ed si jdou pro soci\u00e1ln\u00ed d\u00e1vku poprv\u00e9. Nap\u0159\u00edklad pan Jaroslav, kter\u00fd s vy\u0159\u00edzen\u00edm p\u0159\u00edsp\u011bvku na bydlen\u00ed pom\u00e1h\u00e1 sv\u00e9 zn\u00e1m\u00e9.<\/p>\n\n\n\n<p>Jaroslav, klient \u00da\u0159adu pr\u00e1ce Hradec Kr\u00e1lov\u00e9<br>Malinko tak malej, \u017ee vlastn\u011b zaplat\u00ed tydlety, vodu a nezb\u00fdv\u00e1 j\u00ed moc pen\u011bz.<\/p>\n\n\n\n<p>redaktorka<br>\u00da\u0159ad pr\u00e1ce vypl\u00e1c\u00ed 22 druh\u016f d\u00e1vek. P\u0159ibyl nap\u0159\u00edklad mimo\u0159\u00e1dn\u00fd p\u0159\u00edsp\u011bvek na d\u00edt\u011b, a d\u00edky legislativn\u00edm zm\u011bn\u00e1m vzrostl po\u010det lid\u00ed, kte\u0159\u00ed maj\u00ed na soci\u00e1ln\u00ed d\u00e1vky nyn\u00ed n\u00e1rok.<\/p>\n\n\n\n<p>Martin HOR\u00c1K, \u0159editel pobo\u010dky \u00daP \u010cR, Kr\u00e1lov\u00e9hradeck\u00fd kraj<br>Jednozna\u010dn\u011b nejv\u011bt\u0161\u00ed n\u00e1r\u016fst je v p\u0159\u00edsp\u011bvku na bydlen\u00ed. Tam ten n\u00e1r\u016fst meziro\u010dn\u011b se pohybuje n\u011bkde kolem 70-80 procent.<\/p>\n\n\n\n<p>Eva DAVIDOV\u00c1, mluv\u010d\u00ed, Ministerstvo pr\u00e1ce a soci\u00e1ln\u00edch v\u011bc\u00ed<br>V z\u00e1\u0159\u00ed byl vyplacen p\u0159\u00edsp\u011bvek na bydlen\u00ed 188 000 \u017eadatel\u016f je to, v podstat\u011b rekordn\u00ed mno\u017estv\u00ed.<\/p>\n\n\n\n<p>redaktorka<br>A po\u010det \u017e\u00e1dost\u00ed st\u00e1le roste. Jen v Hradci Kr\u00e1lov\u00e9 jich za posledn\u00ed \u010dtvrtlet\u00ed p\u0159ibylo na 2000. Probl\u00e9my hl\u00e1s\u00ed i jinde.<\/p>\n\n\n\n<p>Petr KLIMPL, \u0159editel \u00da\u0159adu pr\u00e1ce v Pardubic\u00edch<br>Je mo\u017en\u00e9 \u017e\u00e1dat o tuto d\u00e1vku online, ale bohu\u017eel ne p\u0159\u00edli\u0161 \u017e\u00e1dost\u00ed je spr\u00e1vn\u011b vypln\u011bn\u00fdch.<\/p>\n\n\n\n<p>redaktorka<br>Naopak u n\u011bkter\u00fdch d\u00e1vek \u00da\u0159ad pr\u00e1ce vyz\u00fdv\u00e1, aby o n\u011b lid\u00e9 \u017e\u00e1dali online. Nap\u0159\u00edklad rodi\u010dovsk\u00fd p\u0159\u00edsp\u011bvek.<\/p>\n\n\n\n<p>Martin HOR\u00c1K, \u0159editel pobo\u010dky \u00daP \u010cR, Kr\u00e1lov\u00e9hradeck\u00fd kraj<br>Ta d\u00e1vka je natolik jednoduch\u00e1, \u017ee nep\u016fsob\u00ed n\u011bjak\u00e9 probl\u00e9my. Pokud po\u017e\u00e1daj\u00ed elektronicky nebo nebo po\u0161tou, vyhnou se v podstat\u011b jak\u00e9mukoliv \u010dek\u00e1n\u00ed.<\/p>\n\n\n\n<p>redaktorka<br>Zlep\u0161en\u00ed zat\u00edm \u0159editel\u00e9 jednotliv\u00fdch \u00fa\u0159ad\u016f pr\u00e1ce neo\u010dek\u00e1vaj\u00ed. V\u0161e podle n\u011bj z\u00e1le\u017e\u00ed na tom, jak se bude d\u00e1l vyv\u00edjet inflace a ceny energi\u00ed. \u0160\u00e1rka Rusn\u00e1kov\u00e1 a Kate\u0159ina Bibenov\u00e1, \u010cesk\u00e1 televize.<\/p>\n\n\n\n<p>moder\u00e1torka<br>Nejen na dotazy div\u00e1k\u016f st\u00e1le bude odpov\u00eddat Iva Merhautov\u00e1, taky Daniel H\u016fle. My jsme te\u010f sly\u0161eli, \u017ee o p\u0159\u00edsp\u011bvky na bydlen\u00ed je opravdu velk\u00fd z\u00e1jem. Tak poj\u010fme si poslechnout, co tr\u00e1p\u00ed na\u0161e div\u00e1ky d\u00e1l. Pr\u00e1v\u011b v tomto smyslu.<\/p>\n\n\n\n<p>hovo\u0159\u00edc\u00ed mu\u017e<br>Podal jsem elektronicky \u017e\u00e1dost o p\u0159\u00edsp\u011bvek na bydlen\u00ed ji\u017e p\u0159ed t\u0159emi t\u00fddny a zat\u00edm mi nep\u0159i\u0161la \u017e\u00e1dn\u00e1 odpov\u011b\u010f. Kam si m\u00e1m dovolat nebo kdo mi pom\u016f\u017ee.<\/p>\n\n\n\n<p>hovo\u0159\u00edc\u00ed mu\u017e<br>J\u00e1 jsem si za\u017e\u00e1dal o podporu na bydlen\u00ed 15. \u010dervna a dodne\u0161ka nem\u00e1m jedinou odpov\u011b\u010f. Zkou\u0161el jsem n\u011bkolikr\u00e1t to volat na \u00da\u0159ad pr\u00e1ce. Nikdo tam nezved\u00e1 telefony. Psal jsem tam e-mail, nikdo mi neodpov\u011bd\u011bl, st\u011b\u017eoval jsem si dokonce u \u0159editele \u00da\u0159adu pr\u00e1ce pro Prahu 4, nikdo na to nereaguje. J\u00e1 nev\u00edm, co m\u00e1m d\u00e1l d\u011blat.<\/p>\n\n\n\n<p>moder\u00e1torka<br>Pan\u00ed n\u00e1m\u011bstkyn\u011b, co byste tedy poradila s t\u00edmto div\u00e1k\u016fm?<\/p>\n\n\n\n<p>Iva MERHAUTOV\u00c1, n\u00e1m\u011bstkyn\u011b&nbsp;<strong>ministra<\/strong><strong>pr\u00e1ce<\/strong>&nbsp;a soci\u00e1ln\u00edch v\u011bc\u00ed \/KDU-\u010cSL\/<br>Tak \u00da\u0159ad pr\u00e1ce m\u00e1 centr\u00e1ln\u00ed linku call centrum, kter\u00e9 ur\u010dit\u011b telefony tedy zved\u00e1. Ur\u010dit\u011b odpov\u00edd\u00e1 na dotazy. Potom, pokud se jedn\u00e1, konkr\u00e9tn\u011b o Prahu, tak v\u00edm, \u017ee existuje urgentn\u00ed e-mail, na kter\u00fd se d\u00e1 napsat a m\u011bla by tedy n\u011bkdo pom\u011brn\u011b velmi rychle zareagovat, zejm\u00e9na, pokud se tedy jedn\u00e1 o dod\u00e1vku z \u010dervna, kde tedy u\u017e prakticky je po lh\u016ft\u011b a m\u011blo by tedy \u00da\u0159ad pr\u00e1ce reagovat.<\/p>\n\n\n\n<p>moder\u00e1torka<br>Tak\u017ee jednodu\u0161e zkou\u0161et d\u00e1l tedy kontaktovat pracovn\u00edky \u00da\u0159adu pr\u00e1ce.<\/p>\n\n\n\n<p>Iva MERHAUTOV\u00c1, n\u00e1m\u011bstkyn\u011b&nbsp;<strong>ministra<\/strong><strong>pr\u00e1ce<\/strong>&nbsp;a soci\u00e1ln\u00edch v\u011bc\u00ed \/KDU-\u010cSL\/<br>Anebo nebo doj\u00edt osobn\u011b ano, na Prahu 4 pokud je to tedy tento p\u0159\u00edpad.<\/p>\n\n\n\n<p>moder\u00e1torka<br>Pane H\u016fle. Co vy byste poradil, shodnete se pan\u00ed n\u00e1m\u011bstkyn\u00ed na tom, \u017ee je asi pot\u0159eba tedy st\u00e1le a st\u00e1le, pokud v\u00edm, \u017ee mi nikdo neodpov\u011bd\u011bl, sna\u017eit se tedy kontaktovat, p\u0159\u00edpadn\u011b doj\u00edt p\u0159\u00edmo fyzicky na \u00da\u0159ad pr\u00e1ce?<\/p>\n\n\n\n<p>Daniel H\u016eLE, vedouc\u00ed programu Dluhov\u00e9 poradenstv\u00ed, \u010clov\u011bk v t\u00edsni<br>Tak tady t\u011bm lidem moc nic jin\u00e9ho nezb\u00fdv\u00e1. Na\u0161e zku\u0161enost ale prav\u00ed, \u017ee opravdu kontaktovat \u00fa\u0159ady pr\u00e1ce zvl\u00e1\u0161\u0165 n\u011bkter\u00fdch o \u010d\u00e1stech roku je velmi obt\u00ed\u017en\u00e9. Ono to souvis\u00ed prost\u011b s t\u00edm, \u017ee velmi neefektivn\u011b nastaven syst\u00e9m, proto\u017ee t\u0159eba typicky u toho p\u0159\u00edsp\u011bvku na bydlen\u00ed. Vy o n\u00ed m\u016f\u017eete po\u017e\u00e1dat, ale potom v\u017edycky se mus\u00ed v dubnu a v \u0159\u00edjnu dokl\u00e1dat znovu aktu\u00e1ln\u00ed v\u00fddaje, kter\u00e9 s t\u00edm m\u00e1te. T\u00edm, \u017ee je to shluknut\u00e9, a te\u010f t\u011bch lid\u00ed p\u0159ib\u00fdv\u00e1, ale a\u017e teprve tedy za z\u00e1\u0159\u00ed a za \u0159\u00edjen. Ur\u010dit\u011b nen\u00ed pravda, \u017ee by meziro\u010dn\u011b vzrostl po\u010det odb\u011bratel\u016f, p\u0159\u00edsp\u011bvku na bydlen\u00ed o 80 %. Teprve v \u0159\u00edjnu to bylo jen o n\u011bjak\u00fdch 25 %. To znamen\u00e1 velmi m\u00e1lo, ale t\u00edm, \u017ee se takto koncentruje ta administrativa zrovna na tyto \u010d\u00e1sti roku, tak to tot\u00e1ln\u011b zahlt\u00ed ten \u00fa\u0159ad, kter\u00fd opravu nest\u00edh\u00e1 potom v\u016fbec nic, mysl\u00edm si, \u017ee bylo hrozn\u011b d\u016fle\u017eit\u00e9, aby ministerstvo norm\u00e1ln\u011b rozlo\u017eilo dokladov\u00e1n\u00ed do pr\u016fb\u011bhu roku, \u010d\u00edm\u017e rozpust\u00edte prost\u011b jakoby ten n\u00e1por, kter\u00fd tam bude a ve chv\u00edli, kdy t\u011bch dneska \u0159\u00e1dov\u011b po, v \u0159\u00edjnu bylo vyplacen\u00fdch t\u0159eba 188 000 p\u0159\u00edsp\u011bvk\u016f na bydlen\u00ed, aby to odpov\u00eddalo t\u00e9 situaci, kter\u00e1 te\u010f ve spole\u010dnosti je, tak by to m\u011blo b\u00fdt t\u0159eba 600, 700 000 p\u0159\u00edsp\u011bvk\u016f na bydlen\u00ed vyplacen\u00fdch. To znamen\u00e1, ten \u00fa\u0159ad se mus\u00ed p\u0159ipravit na to, \u017ee bude muset s zadministrovat mnohem v\u011bt\u0161\u00ed objem \u017e\u00e1dost\u00ed, mnohem v\u011bt\u0161\u00ed objem v\u00fdplat, a proto je pot\u0159eba efektivn\u011b p\u0159enastavit ten syst\u00e9m. Te\u010f a minim\u00e1ln\u011b t\u0159eba zm\u011bnit to, aby se to nedokladovalo jednou za p\u016fl roku, ale jednou za rok. Proto\u017ee ty v\u00fddaje, v tuhletu chv\u00edli stejn\u011b jenom rostou. To znamen\u00e1 ten st\u00e1t, riziko, \u017ee by p\u0159eplatil ten st\u00e1t, je minim\u00e1ln\u00ed a ubere tu agendu, proto\u017ee kdy\u017e ti lid\u00e9 budou dokladovat jednou za rok a ne jednou za p\u016fl roku, tak prost\u011b ti pracovn\u00edci \u00da\u0159adu pr\u00e1ce budou m\u00edt polovi\u010dn\u00ed pr\u00e1ci. To mysl\u00edm, \u017ee je velmi z\u00e1sadn\u00ed.<\/p>\n\n\n\n<p>moder\u00e1torka<br>Pan\u00ed n\u00e1m\u011bstkyn\u011b, co \u0159\u00edk\u00e1te na tento n\u00e1vrh. Je to ve h\u0159e, \u017ee by se t\u0159eba toto dokl\u00e1d\u00e1n\u00ed, \u0159ekn\u011bme, rozm\u011blnilo v\u00edce v \u010dase tak, aby nebyl takov\u00fd n\u00e1por na pracovn\u00edky \u00da\u0159adu pr\u00e1ce?<\/p>\n\n\n\n<p>Iva MERHAUTOV\u00c1, n\u00e1m\u011bstkyn\u011b&nbsp;<strong>ministra<\/strong><strong>pr\u00e1ce<\/strong>&nbsp;a soci\u00e1ln\u00edch v\u011bc\u00ed \/KDU-\u010cSL\/<br>Tak my aktu\u00e1ln\u011b vlastn\u011b od toho p\u0159\u00ed\u0161t\u00edho roku se bude dokl\u00e1dat 2\u00d7 do roka, m\u00edsto 4\u00d7 do roka, tak\u017ee u\u017e to \u010d\u00e1ste\u010dn\u011b rozm\u011bln\u011bn\u00ed tady je. Ale my m\u00e1me je\u0161t\u011b v pl\u00e1nu jinou v\u011bc, a to je vlastn\u011b p\u0159\u00edsp\u011bvek na bydlen\u00ed p\u0159esunout do tzv. klientsk\u00e9 z\u00f3ny, co\u017e by mohlo poda\u0159it v prvn\u00edm pololet\u00ed p\u0159\u00ed\u0161t\u00edho roku. U\u017e potom bude mo\u017en\u00e9 p\u0159es tuto klientskou z\u00f3nu i vlastn\u011b vkl\u00e1dat n\u011bkter\u00e9 doklady podobn\u011b jako to bylo u jednor\u00e1zov\u00e9ho p\u0159\u00edsp\u011bvku d\u00edt\u011bti nebo komunikovat i p\u0159\u00edmo tedy s t\u011bmi \u017eadateli jaksi obousm\u011brn\u011b. Tak\u017ee i pro ty lidi, kter\u00fd budou vl\u00e1dnout technikou, tak, jak tomu t\u0159eba byli rodi\u010de v p\u0159\u00edpad\u011b toho jednor\u00e1zov\u00e9ho p\u0159\u00edsp\u011bvku, kde se touto cestou vyplatilo a\u017e 8000 d\u00e1vek, tak by to tak\u00e9 m\u011blo odleh\u010dit.<\/p>\n\n\n\n<p>moder\u00e1torka<br>Pane Uhle, vy byste r\u00e1d reagoval?<\/p>\n\n\n\n<p>Daniel H\u016eLE, vedouc\u00ed programu Dluhov\u00e9 poradenstv\u00ed, \u010clov\u011bk v t\u00edsni<br>Ano. Toto srovn\u00e1n\u00ed s t\u00edm jednor\u00e1zov\u00fdm p\u011btitis\u00edcov\u00fdm p\u0159\u00edplatkem nen\u00ed podle m\u011b jakoby \u00fapln\u011b optim\u00e1ln\u00ed, proto\u017ee t\u00edm, \u017ee vl\u00e1da vlastn\u011b cht\u011bla podpo\u0159it sv\u00e9 voli\u010de, tak vlastn\u011b zasypala pen\u011bzmi velmi \u0161irokou skupinu obyvatel, kde ta internetov\u00e1 gramotnost je vysok\u00e1. To znamen\u00e1, \u017ee opravdu tam se poda\u0159ilo velkou \u010d\u00e1st t\u00e9to pomoci nebo podpory nebo \u00faplatku zadministrovat to, zadministrovat online. My jsme ale situaci, kdy prim\u00e1rn\u011b nejv\u00edc trp\u00ed senio\u0159i, u t\u011bch senior\u016f ten odhad re\u00e1ln\u00e9ho \u010derp\u00e1n\u00ed p\u0159\u00edsp\u011bvku na bydlen\u00ed se pohybuje kolem 10-12 % oproti t\u011bm, kte\u0159\u00ed maj\u00ed n\u00e1rok a zrovna ti senio\u0159i prost\u011b nevl\u00e1dnou t\u011bmito dovednostmi. To znamen\u00e1, \u017ee tam opravdu jakoby ta online cesta nepom\u016f\u017ee. Ten online formul\u00e1\u0159 je opravdu velk\u00e9 zlep\u0161en\u00ed a kdo to zvl\u00e1dne, tak prost\u011b m\u00e1 jednodu\u0161\u0161\u00ed cestu. Ty offline formul\u00e1\u0159e z\u016fstaly po\u0159\u00e1d velmi nep\u0159ehledn\u00e9. Ti lid\u00e9 se v tom ztr\u00e1c\u00ed, ostatn\u011b uk\u00e1zaly to i n\u011bkter\u00e9 ty va\u0161e dotazy, \u017ee ti lid\u00e9 se ptali na n\u011bco, co prost\u011b je pom\u00fdlilo v tom, ten v tom procesu ten formul\u00e1\u0159, tak\u017ee mysl\u00edm si, \u017ee je pod opravdu nezbytn\u00e9 po\u0159\u00e1d i upravovat ten offline proces, proto\u017ee zrovna u p\u0159\u00edsp\u011bvku na bydlen\u00ed po\u0159\u00e1d bude v\u00fdznamn\u00e1 \u010d\u00e1st dom\u00e1cnost\u00ed, zvl\u00e1\u0161t\u011b nejzraniteln\u011bj\u0161\u00edch. To znamen\u00e1 t\u011bch senior\u016f, kter\u00e9, kte\u0159\u00ed nebudou schopni tu online cestu zvolit.<\/p>\n\n\n\n<p>moder\u00e1torka<br>Poj\u010fme na dal\u0161\u00ed aktu\u00e1ln\u00ed dotaz, kter\u00fd n\u00e1m aktu\u00e1ln\u011b p\u0159i\u0161el. Jirka se pt\u00e1, pro\u010d nelze \u017e\u00e1dat elektronicky v p\u0159\u00edpad\u011b, \u017ee je \u017eadatel v\u011bcn\u00e9 b\u0159emeno, pan\u00ed n\u00e1m\u011bstkyn\u011b?<\/p>\n\n\n\n<p>Iva MERHAUTOV\u00c1, n\u00e1m\u011bstkyn\u011b&nbsp;<strong>ministra<\/strong><strong>pr\u00e1ce<\/strong>&nbsp;a soci\u00e1ln\u00edch v\u011bc\u00ed \/KDU-\u010cSL\/<br>Tak lze \u017e\u00e1dat, pokud je v\u011bcn\u00e9 b\u0159emeno, tak je mo\u017en\u00e9 \u017e\u00e1dat. To je te\u010f vlastn\u011b pro leto\u0161n\u00ed rok a chceme to obnovit pr\u00e1v\u011b v t\u00e9 novele z\u00e1kona i pro p\u0159\u00ed\u0161t\u00ed rok, pro\u010d nelze elektronicky. Nejsem si v\u011bdoma toho, \u017ee by u t\u011bch p\u016fvodn\u00edch formul\u00e1\u0159\u016f, kter\u00e9 sm\u00edrn\u00fd stahovali, proto\u017ee u\u017e byly 3 formy, 1 p\u00edsemn\u00e1, 1 elektronick\u00e1, 1 online, tak to jednou jsme te\u010f umo\u017enili pouze tedy vyplnit vytisknout a odeslat.<\/p>\n\n\n\n<p>moder\u00e1torka<br>Poj\u010fme je\u0161t\u011b na jeden div\u00e1ck\u00fd dotaz. Pan\u00ed Hana se pt\u00e1. M\u00e1m starobn\u00ed d\u016fchod 12 000, na p\u0159\u00edsp\u011bvek na bydlen\u00ed bych m\u011bla n\u00e1rok, ale je\u0161t\u011b jsem si brig\u00e1dn\u011b p\u0159ivyd\u011blala. 3 m\u011bs\u00edce mzda \u010dinila v\u00edce ne\u017e m\u016fj d\u016fchod. Jsem sama v rodinn\u00e9m domku. M\u00e1m n\u00e1rok na p\u0159\u00edsp\u011bvek, pane H\u016fle?<\/p>\n\n\n\n<p>Daniel H\u016eLE, vedouc\u00ed programu Dluhov\u00e9 poradenstv\u00ed, \u010clov\u011bk v t\u00edsni<br>Tak tam z\u00e1le\u017e\u00ed na tom, kolik si p\u0159ivyd\u011blala. Tam je pot\u0159eba vz\u00edt ten ty p\u0159\u00edjmy z d\u016fchodu, ty p\u0159\u00edjmy z toho p\u0159iv\u00fdd\u011blku na tu dohodu t\u0159eba o pracovn\u00ed \u010dinnosti nebo, jakou formou si p\u0159ivyd\u011blala, a vyd\u011blit to vlastn\u011b ty 3 m\u011bs\u00edce norm\u00e1ln\u011b, jako z toho ud\u011blat pr\u016fm\u011br. A pokud s t\u00edm pr\u016fm\u011brn\u00fdm p\u0159\u00edjmem za ty 3 m\u011bs\u00edce vlastn\u011b po\u0159\u00e1d vyjde, se kvalifikuje na ten p\u0159\u00edsp\u011bvek na bydlen\u00ed, tak na ni dos\u00e1hne. Tam to, \u017ee si p\u0159ivyd\u011bl\u00e1, nen\u00ed vlastn\u011b handicap. Handicap by bylo, pokud by si p\u0159ivyd\u011blala tolik, \u017ee by pr\u016fm\u011brn\u00fd m\u011bs\u00ed\u010dn\u00ed p\u0159\u00edjem z toho t\u0159\u00edm\u011bs\u00ed\u010dn\u00edho obdob\u00ed prost\u011b byl p\u0159\u00edli\u0161 vysok\u00fd, aby to bylo m\u00e9n\u011b ne\u017e 30 % v\u00fddaj\u016f za dom\u00e1cnost.<\/p>\n\n\n\n<p>moder\u00e1torka<br>Obecn\u011b se n\u00e1m tady je\u0161t\u011b mno\u017e\u00ed dotazy, co v\u0161echno lze tedy zapo\u010d\u00edtat pr\u00e1v\u011b do toho, kdy\u017e si chci za\u017e\u00e1dat o p\u0159\u00edsp\u011bvek na bydlen\u00ed. Div\u00e1ci se ptaj\u00ed na to, jestli se tam po\u010d\u00edtaj\u00ed v\u00fddaje, \u0159ekn\u011bme, t\u0159eba za telefon atd.. Pan\u00ed n\u00e1m\u011bstkyn\u011b, co v\u0161echno tedy j\u00e1 m\u016f\u017eu dolo\u017eit, abych, kdy\u017e si chci tedy po\u017e\u00e1dat o p\u0159\u00edsp\u011bvek na bydlen\u00ed, po\u010d\u00edt\u00e1 se mi tam t\u0159eba to, \u017ee plat\u00edm \u00fa\u010dty za telefon.<\/p>\n\n\n\n<p>Iva MERHAUTOV\u00c1, n\u00e1m\u011bstkyn\u011b&nbsp;<strong>ministra<\/strong><strong>pr\u00e1ce<\/strong>&nbsp;a soci\u00e1ln\u00edch v\u011bc\u00ed \/KDU-\u010cSL\/<br>Ne, ty se nezapo\u010d\u00edt\u00e1vaj\u00ed, je to. Nen\u00ed to n\u00e1klad, kter\u00fd by p\u0159\u00edmo souvisel vlastn\u011b s t\u011bmi n\u00e1klady na bydlen\u00ed, mobiln\u00ed telefony mohu pou\u017e\u00edvat i mimo, mimo to bydlen\u00ed. Ne, skute\u010dn\u011b to nen\u00ed n\u00e1klad, kter\u00fd bychom zapo\u010d\u00edt\u00e1vali.<\/p>\n\n\n\n<p>moder\u00e1torka<br>Pane H\u016fle, je\u0161t\u011b je tady 1 v\u011bc, na kterou se div\u00e1ci relativn\u011b \u010dasto ptaj\u00ed, a to je to, \u017ee maj\u00ed jednodu\u0161e starost, i kdy\u017e by m\u011bli n\u00e1rok na p\u0159\u00edsp\u011bvek na bydlen\u00ed, \u017ee maj\u00ed vysok\u00e9 \u00faspory. Jestli to spolu n\u011bjak\u00fdm zp\u016fsobem souvis\u00ed.<\/p>\n\n\n\n<p>Daniel H\u016eLE, vedouc\u00ed programu Dluhov\u00e9 poradenstv\u00ed, \u010clov\u011bk v t\u00edsni<br>Ne, tak tady, to je pr\u00e1v\u011b velk\u00e1 v\u00fdhoda toho p\u0159\u00edsp\u011bvku na bydlen\u00ed, to nen\u00ed d\u00e1vka pomoci hmotn\u00e9 nouzi, kde se testuje ten majetek, ale opravdu se proti sob\u011b d\u00e1vaj\u00ed v\u00fddaje za to bydlen\u00ed a p\u0159\u00edjmy, kter\u00e9 ta dom\u00e1cnost m\u00e1, a pokud ta dom\u00e1cnost prost\u011b za v\u00fddaje spojen\u00e9 s bydlen\u00edm p\u0159i d\u00e1 v\u00edce ne\u017e 30 %, v Praze te\u010f 35 %. Mysl\u00edm, \u017ee se to od ledna zm\u011bn\u00ed tak\u00e9 na 30 %, tak v tu chv\u00edli m\u00e1 n\u00e1rok a pak je to limitov\u00e1no vlastn\u011b t\u011bmi normativn\u00ed n\u00e1klady, kter\u00e9 to stropuj\u00ed, co\u017e je velmi d\u016fle\u017eit\u00e9. Ono v minul\u00fdch m\u011bs\u00edc\u00edch zazn\u011blo i t\u0159eba od pana premi\u00e9ra trochu myln\u00e1 matouc\u00ed informace, \u017ee tam vlastn\u011b ten strop nebude, ten tam mus\u00ed b\u00fdt, proto\u017ee si vezme situaci, \u017ee by \u010dlov\u011bk se rozhodl, \u017ee bude bylo t\u0159eba na Starom\u011bstsk\u00e9m n\u00e1m\u011bst\u00ed. Bude platit 60 000 n\u00e1jem, ty jeho v\u00fddaje a p\u0159\u00edjmy to nepokryj\u00ed a m\u011bl by dost\u00e1vat p\u0159\u00edsp\u011bvek na bydlen\u00ed. To by pak ned\u00e1valo smysl, tak\u017ee ale opravdu to, \u017ee \u010dlov\u011bk m\u00e1 auto, \u017ee m\u00e1 t\u0159eba \u00faspory, \u017ee je vlastn\u00edkem, tak\u00e9 nevad\u00ed, pro n\u011bj je to samostatn\u00e1 kategorie vlastn\u00edk, dru\u017estevn\u00edk, nebo \u017ee n\u00e1jemn\u00edk. A mysl\u00edm si, \u017ee v tomto je ten p\u0159\u00edsp\u011bvek na bydlen\u00ed velmi \u0161t\u011bdr\u00e1 pomoc st\u00e1tu, proto\u017ee pr\u016fm\u011brn\u00e1 v\u00fd\u0161e p\u0159\u00edsp\u011bvku na bydlen\u00ed, to bude pan\u00ed n\u00e1m\u011bstkyn\u011b, 4000 a je to opravdu jakoby velk\u00e1 pomoc, kterou lid\u00e9 mohou dostat.<\/p>\n\n\n\n<p>moder\u00e1torka<br>Daniel H\u016fle n\u00e1m je\u0161t\u011b chv\u00edli bude odpov\u00eddat na ot\u00e1zky, ale u\u017e se rozlou\u010d\u00edm s Ivou Merhautovou, n\u00e1m\u011bstkyn\u00ed&nbsp;<strong>ministra<\/strong><strong>pr\u00e1ce<\/strong>&nbsp;a soci\u00e1ln\u00edch v\u011bc\u00ed. Moc d\u00edky za va\u0161e odpov\u011bdi.<\/p>\n\n\n\n<p>Iva MERHAUTOV\u00c1, n\u00e1m\u011bstkyn\u011b&nbsp;<strong>ministra<\/strong><strong>pr\u00e1ce<\/strong>&nbsp;a soci\u00e1ln\u00edch v\u011bc\u00ed \/KDU-\u010cSL\/<br>D\u011bkuji hezk\u00fd ve\u010der.<\/p>\n\n\n\n<p>moder\u00e1torka<br>P\u0159ipom\u00edn\u00e1m, \u017ee dne\u0161n\u00edm t\u00e9matem speci\u00e1lu projektu Drah\u00e9 \u010cesko je bydlen\u00ed. Dote\u010f jsme \u0159e\u0161ili hlavn\u011b p\u0159\u00edsp\u011bvek na bydlen\u00ed. Na\u0161e vys\u00edl\u00e1n\u00ed ale nekon\u010d\u00ed. Pod\u00edv\u00e1me se t\u0159eba na v\u00fdvoj spot\u0159ebitelsk\u00fdch cen. A vy m\u016f\u017eete pos\u00edlat dotazy i te\u010f v pr\u016fb\u011bhu vys\u00edl\u00e1n\u00ed.<\/p>\n\n\n\n<p>moder\u00e1torka<br>Tempo inflace v \u0159\u00edjnu zpomalilo. Zat\u00edmco v z\u00e1\u0159\u00ed byly spot\u0159ebitelsk\u00e9 ceny vy\u0161\u0161\u00ed meziro\u010dn\u011b o 18 %, v \u0159\u00edjnu to bylo 15,1 %. Do \u00farovn\u011b inflace promlouvaj\u00ed z velk\u00e9 \u010d\u00e1sti pr\u00e1v\u011b ceny bydlen\u00ed a zejm\u00e9na pak energi\u00ed. Je\u0161t\u011b v z\u00e1\u0159\u00ed byl v t\u00e9to oblasti meziro\u010dn\u00ed n\u00e1r\u016fst asi \u010dtvrtinov\u00fd, v \u0159\u00edjnu u\u017e to bylo zhruba 11 %. Stoj\u00ed za t\u00edm zejm\u00e9na \u00fasporn\u00fd tarif a odpu\u0161t\u011bn\u00ed poplatku za obnoviteln\u00e9 zdroje. Tato opat\u0159en\u00ed m\u011bla vliv p\u0159edev\u0161\u00edm na ceny elekt\u0159iny, kter\u00e1 meziro\u010dn\u011b zlevnila o necel\u00fdch 40 %. Naopak t\u0159eba cena plynu vzrostla o 85 %. U tuh\u00fdch paliv to bylo procent 67.<\/p>\n\n\n\n<p>redaktorka<br>A\u017e p\u011btin\u00e1sobn\u011b vy\u0161\u0161\u00ed ceny za teplo plat\u00ed od \u0159\u00edjna obyvatel\u00e9 B\u0159eclavi. Barbora Mikuli\u010dov\u00e1 bydl\u00ed v byt\u011b na s\u00eddli\u0161ti. Z\u00e1lohu j\u00ed z p\u011bti a p\u016fl tis\u00edce korun vzrostly na skoro 13.<\/p>\n\n\n\n<p>Barbora MIKULI\u010cOV\u00c1, obyvatelka B\u0159eclavi<br>Nem\u00e1m na to. Nezaplat\u00edm to. Prost\u011b nem\u00e1m na to. J\u00e1 m\u00e1m 3 pr\u00e1ce, kdy\u017e jsem to v\u010dera spo\u010d\u00edtala, kolik mi zbude, tak mn\u011b zbude 20 K\u010d na den.<\/p>\n\n\n\n<p>redaktorka<br>S vysokou \u010d\u00e1stkou nesouhlasila. P\u0159edseda bytov\u00e9ho dru\u017estva j\u00ed vyjedn\u00e1 sn\u00ed\u017een\u00ed z\u00e1loh na 10 000. I to je ale dvojn\u00e1sobek toho, co platila d\u0159\u00edv.<\/p>\n\n\n\n<p>Bo\u017eena PROKE\u0160OV\u00c1, seniorka<br>Topen\u00ed je studen\u00e9.<\/p>\n\n\n\n<p>redaktorka<br>D\u016fchodkyn\u011b Bo\u017eena Proke\u0161ov\u00e1 \u017eije s man\u017eelem v \u010dty\u0159pokojov\u00e9m byt\u011b. I j\u00ed se z\u00e1lohy zvedly na skoro trojn\u00e1sobek.<\/p>\n\n\n\n<p>Bo\u017eena PROKE\u0160OV\u00c1, seniorka<br>Dote\u010f vlastn\u011b topen\u00ed skoro v\u016fbec nezap\u00edr\u00e1m a sna\u017e\u00edme se zhas\u00ednat.<\/p>\n\n\n\n<p>moder\u00e1torka<br>Pane H\u016fle, poj\u010fme si obecn\u011b \u0159\u00edct, jak\u00e1 je te\u010f v tuto chv\u00edli role neziskov\u00fdch organizac\u00ed, jak ony mohou a pom\u00e1haj\u00ed tedy lidem v t\u00e9to situaci, kdy jsou drah\u00e9 energie. <\/p>\n\n\n\n<p>moder\u00e1torka<br>Ano, pane H\u016fle, na v\u00e1s.<\/p>\n\n\n\n<p>Daniel H\u016eLE, vedouc\u00ed programu Dluhov\u00e9 poradenstv\u00ed, \u010clov\u011bk v t\u00edsni<br>v praxi pozorujeme, \u017ee ty \u00fa\u0159ady pr\u00e1ce jsou dnes opravdu velmi p\u0159ehlcen\u00e9. Po\u0159\u00e1d mus\u00ed administrovat uprchlickou krizi a podobn\u011b. Nen\u00ed se \u010demu divit. A neziskov\u00e9 organizace jsou ty, kte\u0159\u00ed mohou vlastn\u011b lidem, kte\u0159\u00ed se dost\u00e1vaj\u00ed do nouze pomoci ze zprost\u0159edkov\u00e1n\u00edm toho jejich z\u00e1jmu, toho o jejich n\u00e1roku, kter\u00fd tam je. My jsme v tuto chv\u00edli spustili sb\u00edrku SOS \u010cesko, abychom pos\u00edlili celej ten t\u00fdm pom\u00e1haj\u00edc\u00ed lidem na Help lince, r\u016fzn\u00fdmi kan\u00e1ly v tom, aby prost\u011b ti lid\u00e9, kte\u0159\u00ed ten n\u00e1rok na bydlen\u00ed m\u011bli, aby j\u00e1 si ho dok\u00e1zali vlastn\u011b vy\u0159\u00eddit a mohl, pomohli n\u011bjak\u00fdm zp\u016fsobem stabilizovat tu pomoc, jak u\u017e jsem \u0159\u00edkal, ten pr\u016fm\u011brn\u00e1, pr\u016fm\u011brn\u00e1 v\u00fd\u0161e kolem 4 000 K\u010d m\u011bs\u00ed\u010dn\u011b. To znamen\u00e1, je to velmi z\u00e1sadn\u00ed pomoc, kterou ten st\u00e1t nab\u00edz\u00ed. V\u0161ichni si te\u010fko uv\u011bdomuj\u00ed, jak ta situace se vyv\u00edj\u00ed, proto\u017ee dodavatel\u00e9 energi\u00ed rozes\u00edlaj\u00ed rozpisy z\u00e1loh, ceny energi\u00ed, v\u0161em vlastn\u011b lidem, kte\u0159\u00ed maj\u00ed smlouvu na dobu neur\u010ditou, a\u0165 u\u017e jsou dlouhodob\u00fdmi klienty nebo spotov\u00fdmi klienty. Prost\u011b ta cena od ledna stoupne na ten strop. To znamen\u00e1 n\u011bkdy to je o 80 % u elekt\u0159iny a podobn\u011b. Ta situace bude je\u0161t\u011b hor\u0161\u00ed. \u0158\u00e1dov\u011b 80 % lid\u00ed, kte\u0159\u00ed dom\u00e1cnost\u00ed, kter\u00e9 maj\u00ed n\u00e1rok na tu pomoc, tak j\u00ed ne\u010derp\u00e1, a tady vid\u00edme jako roli, a\u0165 u\u017e \u010clov\u011bka v t\u00edsni nebo jin\u00fdch neziskov\u00fdch organizac\u00ed. V tom, aby t\u011bm nejpot\u0159ebn\u011bj\u0161\u00edm a nejzraniteln\u011bj\u0161\u00edm, kte\u0159\u00ed si nedok\u00e1\u017e\u00ed pomoct, pr\u00e1v\u011b pomohli k tomu, aby ten st\u00e1t jim vlastn\u011b jakoby, ty tu pomoc pos\u00edlal.<\/p>\n\n\n\n<p>moder\u00e1torka<br>Jak tedy se na v\u00e1s nejefektivn\u011bji a mo\u017en\u00e1 i nejrychleji obr\u00e1tit. Jsou to help linky, o kter\u00fdch hovo\u0159\u00edte nebo e-mail, osobn\u00ed n\u00e1v\u0161t\u011bva, co vlastn\u011b mo\u017en\u00e1 vy preferujete nejv\u00edc? Co lidi nej\u010dast\u011bji vyu\u017e\u00edvaj\u00ed?<\/p>\n\n\n\n<p>Daniel H\u016eLE, vedouc\u00ed programu Dluhov\u00e9 poradenstv\u00ed, \u010clov\u011bk v t\u00edsni<br>A mysl\u00edm si, \u017ee nejjednodu\u0161\u0161\u00ed pro lidi je ten telefon. Je to bezbari\u00e9rov\u00e9. \u010clov\u011bk prost\u011b z domova zavol\u00e1 na na\u0161i Help linku, kter\u00e1 m\u00e1 \u010d\u00edslo 770 600 800, v pracovn\u00ed den od dev\u00edti do 17 hodin. V p\u0159\u00edpad\u011b n\u011bjak\u00e9 kritick\u00e9 situace a\u017e 10 do ve\u010dera. A tam ten poradce n\u011bj nem\u00e1 \u010das 5 minut. My tam m\u00e1me celou \u0159adu paraleln\u00edch oper\u00e1tor\u016f, ale standardn\u00ed d\u00e9lka takov\u00e9ho hovoru je 35 minut. My dok\u00e1\u017eeme s t\u00edm \u010dlov\u011bkem zmapovat tu situaci, spo\u010d\u00edtat podle jeho p\u0159\u00edjm\u016f a v\u00fddaj\u016f, jestli m\u00e1 n\u00e1rok na tu pomoc. Zjistit, jakou cestou optim\u00e1ln\u011b by tu pomoc mohl po\u017e\u00e1dat, a pak ho p\u0159\u00edpad\u011b nav\u00e9st na n\u011bjakou slu\u017ebu, kter\u00e1 je poskytov\u00e1na v tom jeho regionu. V p\u0159\u00edpad\u011b, \u017ee je v \u00fazem\u00ed, kde p\u016fsob\u00ed \u010clov\u011bk t\u00edsni, tak ho najdeme na na\u0161e soci\u00e1ln\u00ed pracovn\u00edky, kte\u0159\u00ed u\u017e mu pomohou s t\u011bmi dal\u0161\u00edmi kroky. Ale jako to samotn\u00e9 zmapov\u00e1n\u00ed toho, jestli ten \u010dlov\u011bk m\u00e1 n\u00e1rok. Spo\u010d\u00edtat, \u017ee m\u00e1 n\u00e1rok t\u0159eba 2,5 tis\u00edce nebo na 5,5 1 000 K\u010d tak ten \u010dlov\u011bk si pak vlastn\u011b jakoby \u0159ekne, jestli to stoj\u00ed za to, proto\u017ee samoz\u0159ejm\u011b jsou lid\u00e9, kte\u0159\u00ed maj\u00ed n\u00e1rok t\u0159eba na 70 K\u010d. Tam to nestoj\u00ed samoz\u0159ejm\u011b za tu administrativu, kter\u00e1 se s t\u00edm poj\u00ed, ale mysl\u00edm si, \u017ee ta virtu\u00e1ln\u00ed podpora v tomto nejlep\u0161\u00ed. Lid\u00e9 si mohou objednat p\u0159es video linku, pokud jim telefon p\u0159ijde moc anonymn\u00ed samoz\u0159ejm\u011b mohou p\u0159ij\u00edt na na\u0161e pobo\u010dky, ale jenom mus\u00edm upozornit, \u017ee v \u0159ad\u011b p\u0159\u00edpad\u016f na\u0161e pobo\u010dky maj\u00ed t\u0159eba t\u0159\u00ed, \u010dty\u0159 p\u011btim\u011bs\u00ed\u010dn\u00ed \u010dekac\u00ed dobu p\u0159i t\u00e9 n\u00e1v\u0161t\u011bv\u011b v kancel\u00e1\u0159i.<\/p>\n\n\n\n<p>moder\u00e1torka<br>Na co se mo\u017en\u00e1 tedy lid\u00e9 nej\u010dast\u011bji ptaj\u00ed, co nejv\u00edc zaj\u00edm\u00e1 v tuto chv\u00edli?<\/p>\n\n\n\n<p>Daniel H\u016eLE, vedouc\u00ed programu Dluhov\u00e9 poradenstv\u00ed, \u010clov\u011bk v t\u00edsni<br>Mysl\u00edm, \u017ee pokud pominu tedy exekuce dluhy, kter\u00e9 \u0159e\u0161\u00edme s lidmi vlastn\u011b dlouhodob\u011b, tak te\u010f se setk\u00e1v\u00e1me s dv\u011bmi nej\u010dast\u011bj\u0161\u00edmi situacemi, jednak to je situace, \u017ee lid\u00e9 dostali, proto\u017ee, jak chod\u00ed ty ro\u010dn\u00ed vy\u00fa\u010dtov\u00e1n\u00ed, tak te\u010f se bl\u00ed\u017e\u00edme situaci, kdy to je tak\u0159ka rok od zah\u00e1jen\u00ed zdra\u017eov\u00e1n\u00ed a lidem chod\u00ed pom\u011brn\u011b vysok\u00e9 nedoplatky. Dnes u\u017e jsou b\u011b\u017en\u011b t\u0159eba 13-15 000 K\u010d nedoplatek, a to je vlastn\u011b hroz\u00edc\u00ed dluh, kter\u00fd pokud ta dom\u00e1cnost nem\u00e1, jak zaplatit, tak opravdu m\u016f\u017ee v\u00e9st k odpojen\u00ed dod\u00e1vek energie, vypov\u011bzen\u00ed smlouvy, nakonec i k t\u00e9 exekuci. Druh\u00fd vlastn\u011b jako \u010derstv\u00fd probl\u00e9m jsou vysok\u00e9, nezvladateln\u00e9l z\u00e1lohy, n\u011bkdy to je kombinovan\u00e9 samoz\u0159ejm\u011b. Jsou to vlastn\u011b tyto 2 nej\u010dast\u011bj\u0161\u00ed situace, to znamen\u00e1 jednor\u00e1zov\u00fd dluh, z\u00e1lohy, z\u00e1lohy vl\u00e1d\u00e1m, anebo prost\u011b jakoby nezvl\u00e1d\u00e1m ani ty nov\u00e9 z\u00e1lohy, kter\u00e9 m\u00e1m te\u010f p\u0159edepsan\u00e9. Tak tam vlastn\u011b hled\u00e1me cestu. V p\u0159\u00edpad\u011b t\u011bch z\u00e1loh ide\u00e1ln\u00ed \u0159e\u0161en\u00ed je pr\u00e1v\u011b ten p\u0159isp\u011bt na bydlen\u00ed, jak jsem \u0159\u00edkal, velmi, naprost\u00e1 v\u011bt\u0161ina potenci\u00e1ln\u00edch p\u0159\u00edjemc\u016f ho ne\u010derp\u00e1, tak\u017ee se velmi \u010dasto setk\u00e1v\u00e1me se situaci, \u017ee t\u011bm lidem \u0159ekneme o p\u0159\u00edsp\u011bvku na bydlen\u00ed a oni vlastn\u011b ho ne\u010derpaj\u00ed, tak\u017ee to je pom\u011brn\u011b jednozna\u010dn\u00e1 pomoc a v p\u0159\u00edpad\u011b, \u017ee maj\u00ed velk\u00fd nedoplatek, tak tam nejjednodu\u0161\u0161\u00ed cesta v tuto chv\u00edli je jednat s dodavatelem energie o spl\u00e1tkov\u00e9m kalend\u00e1\u0159i, aby to nevedlo k ukon\u010den\u00ed dod\u00e1vek, ale nav\u00fd\u0161it nap\u0159\u00edklad ty m\u011bs\u00ed\u010dn\u00ed z\u00e1lohy.<\/p>\n\n\n\n<p>moder\u00e1torka<br>d\u00edky za va\u0161e odpov\u011bdi.<\/p>\n\n\n\n<p>Daniel H\u016eLE, vedouc\u00ed programu Dluhov\u00e9 poradenstv\u00ed, \u010clov\u011bk v t\u00edsni<br>D\u011bkuju za pozv\u00e1n\u00ed, p\u0159eji kr\u00e1sn\u00fd ve\u010der.<\/p>\n\n\n\n<p>moder\u00e1torka<br>pr\u00e1v\u011b sledujete speci\u00e1ln\u00ed vys\u00edl\u00e1n\u00ed po\u0159adu Drah\u00e9 \u010cesko. Tento projekt \u010cesk\u00e9 televize se sna\u017e\u00ed oslovovat na\u0161e div\u00e1ky a pom\u00e1hat jim vyrovnat s rostouc\u00edmi n\u00e1klady na \u017eivot. Dnes je na\u0161\u00edm t\u00e9matem bydlen\u00ed. D\u00e1l se budeme bavit taky o hypot\u00e9k\u00e1ch nebo o obecn\u00edm bydlen\u00ed. Ot\u00e1zky m\u016f\u017eete pos\u00edlat na Drah\u00e9\u010cesko@ceskatelevize.cz, anebo n\u00e1m zanechte dotaz na lince 2 6113 7788. Dvoucifern\u00e1 inflace. D\u016fvod, pro\u010d se n\u00e1klady na \u017eivot \u010desk\u00fdm dom\u00e1cnostem zvy\u0161uj\u00ed, a pr\u00e1v\u011b proto se podle expert\u016f vyplat\u00ed m\u00edt p\u0159ehled o rodinn\u00fdch financ\u00edch. Tady jsou metody a n\u00e1stroje, kter\u00e9 mohou tvorbu rozpo\u010dtu usnadnit.<\/p>\n\n\n\n<p>redaktorka<br>3 efektivn\u00ed n\u00e1vody pro sestaven\u00ed finan\u010dn\u00edho pl\u00e1nu. Jednou z variant je nulov\u00fd rozpo\u010det. Klasick\u00e1 metoda tu\u017eky pap\u00edru, tedy p\u0159ehledu p\u0159\u00edjm\u016f a v\u00fddaj\u016f zapisovan\u00fdch do posledn\u00ed koruny. Druh\u00e1 technika spo\u010d\u00edv\u00e1 v tom, \u017ee si dom\u00e1cnost vy\u010dlen\u00ed n\u011bkolik ob\u00e1lek. Ty maj\u00ed jasn\u00e9 ur\u010den\u00ed, krom\u011b bydlen\u00ed t\u0159eba i z\u00e1bavu. Posledn\u00ed a jednou z nejefektivn\u011bj\u0161\u00edch je pak metoda stanoven\u00ed pom\u011bru v\u00fddaj\u016f. V r\u00e1mci frakce se ust\u00e1lilo tzv. zlat\u00e9 pravidlo 70, 20, 10. Podle n\u011bj si m\u00e1 dom\u00e1cnost rozd\u011blit sv\u016fj p\u0159\u00edjem. 70 % jde na pravideln\u00e9 v\u00fddaje, tedy bydlen\u00ed, j\u00eddlo nebo poji\u0161t\u011bn\u00ed. P\u011btina se pak ukl\u00e1d\u00e1 na spo\u0159en\u00ed. Posledn\u00edch 10 % m\u016f\u017ee dom\u00e1cnost utratit za z\u00e1bavu nebo jin\u00e9 zbytosti.<\/p>\n\n\n\n<p>moder\u00e1torka<br>Pr\u016fm\u011brn\u00e1 \u00farokov\u00e1 sazba nov\u00fdch hypot\u00e9k v \u0159\u00edjnu podle \u00fadaj\u016f \u010cesk\u00e9 bankovn\u00ed asociace \u010dinila 5,86 %. To je jedna z nejvy\u0161\u0161\u00edch hodnot za posledn\u00edch 20 let. Naposledy se na podobn\u00e9 \u00farovni sazba pohybovala v letech 2008 a 2009. Cenou za to je v\u00fdrazn\u00fd propad objemu poskytnut\u00fdch p\u016fj\u010dek. Banky a stavebn\u00ed spo\u0159itelny uzav\u0159ely v \u0159\u00edjnu p\u0159es 2000 smluv za v\u00edce ne\u017e 7 miliard korun. To je sice skoro stejn\u011b jako p\u0159edchoz\u00ed m\u011bs\u00edc. Meziro\u010dn\u011b je to v p\u0159\u00edpad\u011b objemu ale zhruba 80 % m\u00e9n\u011b. Pr\u016fm\u011brn\u00e1 hypot\u00e9ka klesla v \u0159\u00edjnu pod 2 900 000 K\u010d. D\u016fvodem jsou p\u0159\u00edsn\u011bj\u0161\u00ed pravidla dan\u00e1 centr\u00e1ln\u00ed bankou a u\u017e zm\u00edn\u011bn\u00e9 sazby, kter\u00e9 zvy\u0161uj\u00ed m\u011bs\u00ed\u010dn\u00ed spl\u00e1tky. N\u011bkter\u00e9 dom\u00e1cnosti proto musely \u010d\u00e1stku, kterou si cht\u011bly p\u016fj\u010dit, sn\u00ed\u017eit, aby si hypot\u00e9ku mohli dovolit. \u0160estiprocentn\u00ed sazba toti\u017e znamen\u00e1 vy\u0161\u0161\u00ed spl\u00e1tky pr\u016fm\u011brn\u011b o 6-7 000 K\u010d za m\u011bs\u00edc.<\/p>\n\n\n\n<p>Jakub SEIDLER, hlavn\u00ed ekonom, \u010cesk\u00e1 bankovn\u00ed asociace<br>Zat\u00edm ten pod\u00edl nespl\u00e1cen\u00fdch \u00fav\u011br\u016f u samotn\u00fdch hypot\u00e9k sp\u00ed\u0161e d\u00e1le kles\u00e1, tak\u017ee tam nic a\u017e tak negativn\u00edho prozat\u00edm v datech sledovat nelze, m\u00edrn\u011b roste pod\u00edl nespl\u00e1cen\u00fdch \u00fav\u011br\u016f, nap\u0159\u00edklad spot\u0159ebitelsk\u00fdch \u00fav\u011br\u016f, ale u t\u011bch hypote\u010dn\u00edch, nikoliv. Na druhou stranu zase bylo p\u0159ed\u010dasn\u00e9 \u0159\u00edkat, \u017ee nic ned\u011bje, proto\u017ee t\u011bch hypot\u00e9k i historii jsme vid\u011bli, \u017ee ty probl\u00e9my se spl\u00e1cen\u00edm se objevuj\u00ed sp\u00edse s del\u0161\u00edm \u010dasov\u00fdm odstupem, kdy\u017e ekonomika se nach\u00e1z\u00ed v pot\u00ed\u017e\u00edch po del\u0161\u00ed dobu, proto\u017ee samoz\u0159ejm\u011b \u0159ada dom\u00e1cnost\u00ed. sna\u017e\u00ed co nejd\u00e9le tu svoji hypot\u00e9ku spl\u00e1cet \u0159\u00e1dn\u011b. A teprve, kdy\u017e u\u017e skute\u010dn\u011b to nejde jinak, tak se dostane do pot\u00ed\u017e\u00ed se spl\u00e1cen\u00edm i u n\u00ed.<\/p>\n\n\n\n<p>Vendula POKORN\u00c1, moder\u00e1torka<br>A pr\u00e1v\u011b o hypot\u00e9k\u00e1ch se budu bavit s m\u00fdm dost dal\u0161\u00edm hostem. Je j\u00edm Milan Ro\u010dek, jednatel Dataligence.cz, hezk\u00fd ve\u010der.<\/p>\n\n\n\n<p>Milan RO\u010cEK, jednatel, Dataligence.cz<br>Dobr\u00fd ve\u010der i v\u00e1m.<\/p>\n\n\n\n<p>Vendula POKORN\u00c1, moder\u00e1torka<br>Pane Ro\u010dku, tak te\u010f asi nen\u00ed \u00fapln\u011b ide\u00e1ln\u00ed \u010das na to po\u0159\u00eddit si vlastn\u00ed bydlen\u00ed?<\/p>\n\n\n\n<p>Milan RO\u010cEK, jednatel, Dataligence.cz<br>Nen\u00ed, nen\u00ed. To jako opravdu ne, on nebyl ani oni, ale p\u0159ece jenom v lo\u0148sk\u00e9m roce byly v\u00fdznamn\u011b ni\u017e\u0161\u00ed \u00faroky z hypote\u010dn\u00edch \u00fav\u011br\u016f a ceny nemovitost\u00ed pr\u00e1v\u011b oni vyst\u0159elily astronomick\u00fdm o v\u00edc ne\u017e 30 %.<\/p>\n\n\n\n<p>Vendula POKORN\u00c1, moder\u00e1torka<br>Co tedy mo\u017en\u00e1 radit lidem, kte\u0159\u00ed te\u010f tou\u017e\u00ed po vlastn\u00edm bydlen\u00ed, radil byste jim chv\u00edli po\u010dkat, a\u017e se situace ust\u00e1l\u00ed?<\/p>\n\n\n\n<p>Milan RO\u010cEK, jednatel, Dataligence.cz<br>J\u00e1 si mysl\u00edm, \u017ee jako p\u0159irozen\u00e9 je chovat se norm\u00e1ln\u011b. To znamen\u00e1, m\u00e1me situace, kdy pot\u0159ebujeme bydlet, mus\u00edme to vy\u0159e\u0161it. Ten \u010das, ve kter\u00e9m se nach\u00e1z\u00edme, ur\u010dit\u011b je p\u0159echodn\u00fd, nen\u00ed trval\u00fd. U\u017e jsme tady za posledn\u00ed 20 let za\u017eili dv\u011b podobn\u00e9 vlny, kdy ceny nemovitost\u00ed vzrostly, ceny \u00farok\u016f vzrostly, a i tak se nep\u0159estalo norm\u00e1ln\u011b \u017e\u00edt. \u010cili jestli\u017ee pot\u0159ebuju \u0159e\u0161it t\u0159eba rekonstrukci sv\u00e9ho bytu, asi nen\u00ed nic proti n\u011b\u010demu tu rekonstrukci ud\u011blat u\u017e dnes. I proto, proto\u017ee asi ceny stavebn\u00edch materi\u00e1l\u016f p\u0159\u00ed\u0161t\u00ed rok nebudou ni\u017e\u0161\u00ed, ale pravd\u011bpodobn\u011b t\u0159eba hypote\u010dn\u00ed \u00fav\u011bry n\u00e1m za rok, za 2, za 3 zlevn\u00ed a ten sv\u016fj \u00fav\u011br si budu moci refinancovat, ale po\u0159izovat si dneska nov\u00e9 bydlen\u00ed asi nen\u00ed ten \u00fapln\u011b jako nejlep\u0161\u00ed na\u010dasov\u00e1n\u00ed.<\/p>\n\n\n\n<p>Vendula POKORN\u00c1, moder\u00e1torka<br>Poj\u010fme mo\u017en\u00e1 uv\u00e9st takov\u00fd konkr\u00e9tn\u00ed, ale vlastn\u011b velice jednoduch\u00fd p\u0159\u00edklad, proto\u017ee spousta lid\u00ed si neum\u00ed p\u0159edstavit, co to znamen\u00e1 spl\u00e1tka hypot\u00e9ky, tak vezm\u011bme si pr\u016fm\u011brn\u00fd byt v Praze, ale t\u0159eba i mimo Prahu. Pr\u016fm\u011brn\u00fd \u00farok u hypot\u00e9ky, kter\u00fd te\u010f je tu\u0161\u00edm tedy necel\u00fdch 6 %, jak jsme sly\u0161eli, a a splatnost t\u0159eba 30 let. To znamen\u00e1, v\u011bt\u0161inou tedy ta nejdel\u0161\u00ed banky nab\u00edzej\u00ed, jak\u00e1 bude zhruba m\u011bs\u00ed\u010dn\u00ed spl\u00e1tka a jak vysok\u00fd mus\u00edm m\u00edt p\u0159\u00edjem v t\u00e9 dom\u00e1cnosti, abych to bez probl\u00e9m\u016f platila?<\/p>\n\n\n\n<p>Milan RO\u010cEK, jednatel, Dataligence.cz<br>Tak, kdy\u017e se pod\u00edv\u00e1me na Prahu, tak Praha je nejdra\u017e\u0161\u00ed. Potom je Brno, to je druh\u00e9 nejdra\u017e\u0161\u00ed. Budu-li se d\u00edvat na nov\u00fd byt, tak u pr\u016fm\u011brn\u00e9ho nov\u00e9ho bytu, kter\u00fd bude m\u00edt t\u0159eba n\u011bjak\u00fdch 75 m2, 3kk, tak tady bohu\u017eel budeme s cenovkou n\u011bkde kolem 11 000 000 K\u010d. Minimum, co mus\u00edme m\u00edt v takov\u00e9m p\u0159\u00edpad\u011b, jsou n\u011bco m\u00e1lo p\u0159es 2 000 000 K\u010d a spl\u00e1tka hypot\u00e9ky, kter\u00e1 by byla 8 000 000, tak u\u017e n\u00e1m bude p\u0159ekra\u010dovat 50 000 m\u011bs\u00ed\u010dn\u011b, tady v tom p\u0159\u00edpad\u011b u\u017e potom klienti nebo lid\u00e9 v\u011bt\u0161inou sahaj\u00ed k tomu, \u017ee poskl\u00e1daj\u00ed v\u011bt\u0161\u00ed mno\u017estv\u00ed pen\u011bz pr\u00e1v\u011b proto, \u017ee nedos\u00e1hnou vlastn\u011b na tu spl\u00e1tku, t\u0159eba ani ne tak je to z vlastn\u00edch p\u0159\u00edjm\u016f, ale z hlediska dokl\u00e1d\u00e1n\u00ed tzv. bonity pro banky, proto\u017ee podle pravidel, kter\u00e1 dneska plat\u00ed, tak na to, abyste mohla m\u00edt spl\u00e1tku 50 000 m\u011bs\u00ed\u010dn\u011b, tak pot\u0159ebujete zhruba 110 000, 120 000 \u010dist\u00e9ho m\u011bs\u00ed\u010dn\u011b m\u00edt p\u0159\u00edjem jako rodina, a to nesm\u00edte m\u00edt \u017e\u00e1dn\u00fd jin\u00fd \u00fav\u011br. Kdybychom se pod\u00edvali na panelov\u00fd byt t\u0159eba dvoupokojov\u00fd, tak tam se bude pohybovat na \u00farovni Prahy n\u011bkde kolem p\u011bti a p\u016fl milionu korun. Samoz\u0159ejm\u011b, \u017ee tam to bude p\u0159\u00edmo \u00fam\u011brn\u011b ni\u017e\u0161\u00ed, kdy\u017e budem po\u010d\u00edtat, \u017ee alespo\u0148 1 000 000 pot\u0159ebuju m\u00edt vlastn\u00ed, 4 000 000 hypote\u010dn\u00ed \u00fav\u011br, nebo 4,5 milionu hypote\u010dn\u00ed \u00fav\u011br, zhruba 6 000 K\u010d za 1 000 000 je spl\u00e1tka, tak\u017ee tady budeme na n\u011bjak\u00fdch 25 tis\u00edc\u00edch a budeme v\u00fd\u0161, ne\u017e je t\u0159eba n\u00e1jem, kter\u00fd zaplat\u00edme za takov\u00fd byt. Kdy\u017e se pod\u00edv\u00e1me na tu nejlevn\u011bj\u0161\u00ed \u010d\u00e1st republiky, co\u017e je t\u0159eba Karlovarsko nebo \u00dastecko nebo n\u011bkter\u00e9 \u010d\u00e1sti severn\u00ed Moravy, tak tam jsou ty ceny u star\u0161\u00edch byt\u016f na \u00farovni t\u0159eba 30 000, 35 000 m2. To znamen\u00e1, \u017ee ten byt se tam d\u00e1 po\u0159\u00eddit t\u0159eba do 3 000 000 K\u010d 2,5, 3 milion\u016f korun. A tam samoz\u0159ejm\u011b oproti p\u0159edch\u00e1zej\u00edc\u00edm let\u016fm je n\u00e1r\u016fst tak\u00e9 velmi vysok\u00fd, ale neznamen\u00e1 to, \u017ee by u\u017e byl nedosa\u017eiteln\u00fd, tak\u017ee pro \u0159adu lid\u00ed, kte\u0159\u00ed jsou t\u0159eba z Prahy nebo z Brna, m\u016f\u017ee b\u00fdt dneska paradoxn\u011b v\u00fdchodisko netrvat na tom, \u017ee budu \u017e\u00edt v Praze nebo v Brn\u011b a posunout se t\u0159eba do n\u011bjak\u00e9ho z men\u0161\u00edch m\u011bst v okol\u00ed t\u011bch nejv\u011bt\u0161\u00edch m\u011bst, kter\u00e9 jsou ide\u00e1ln\u00ed t\u0159eba na \u017eeleznici, na doprav\u011b, kter\u00e1 je do centra m\u011bsta. A ty ceny jsou tam polovi\u010dn\u00ed.<\/p>\n\n\n\n<p> moder\u00e1torka<br>Ono ale ten n\u00e1r\u016fst t\u011bch n\u00e1klad\u016f, \u0159ekn\u011bme, souvis\u00ed i pr\u00e1v\u011b s t\u00edm, \u017ee hodn\u011b lid\u00ed te\u010f \u0159e\u0161\u00ed v tuto chv\u00edli bu\u010f letos, nebo p\u0159\u00ed\u0161t\u00ed rok t\u0159eba to, \u017ee budou pot\u0159ebovat refinancovat hypot\u00e9ku, kterou si p\u0159ed t\u011bmi p\u011bti lety uzav\u0159eli. Pr\u00e1v\u011b na tom \u00faroku 2 % a te\u010f je \u00farok jednodu\u0161e o 4 % vy\u0161\u0161\u00ed, tak jak\u00fd m\u016f\u017ee b\u00fdt rozd\u00edl v t\u00e9 spl\u00e1tce v tomto p\u0159\u00edpad\u011b?<\/p>\n\n\n\n<p>Milan RO\u010cEK, jednatel, Dataligence.cz<br>Tam to m\u016f\u017ee b\u00fdt velmi dramatick\u00e9, proto\u017ee jestli\u017ee sko\u010d\u00edme z \u00farokov\u00e9 sazby, kter\u00e1 byla p\u0159ed p\u011bti lety t\u0159eba necel\u00e1 2 %, na trojn\u00e1sobek, na 6 %, tak skute\u010dn\u011b ten skok je velk\u00fd, tak\u017ee p\u0159ed t\u00edm ta spl\u00e1tka mohla b\u00fdt n\u011bkde na \u00farovni 20 000 t\u0159eba na ten velk\u00fd byt v Praze v centru, nebo ne v centru, ale v Praze v novostavb\u011b, a dneska je 50, tak\u017ee v tomhletom smyslu jako ten n\u00e1r\u016fst m\u016f\u017ee b\u00fdt dvojn\u00e1sobn\u00fd, ale j\u00e1 jsem vcelku p\u0159esv\u011bd\u010den o tom, \u017ee tenhleten probl\u00e9m se t\u00fdk\u00e1 relativn\u011b men\u0161\u00ed \u010d\u00e1sti klient\u016f, proto\u017ee to, co jsme mohli sledovat v roce 2021, kter\u00fd byl z hlediska hypot\u00e9k naprosto rekordn\u00ed, bylo pr\u00e1v\u011b i to, \u017ee velik\u00e9 mno\u017estv\u00ed lid\u00ed, kter\u00fdm kon\u010dila fixace nejenom v lo\u0148sk\u00e9m roce, ale v leto\u0161n\u00edm a n\u011bkdy i t\u0159eba v prvn\u00ed polovin\u011b roku 23, tak cht\u011bli p\u0159efinancovat ten sv\u016fj \u00fav\u011br t\u0159eba s osmiletou nebo desetiletou fixac\u00ed, tak\u017ee toto se t\u00fdk\u00e1 sp\u00ed\u0161e t\u00e9 \u010d\u00e1sti lid\u00ed, kte\u0159\u00ed na to zapomn\u011bli nebo tomu nev\u011bnovali takovou pozornost.<\/p>\n\n\n\n<p> moder\u00e1torka<br>Co byste te\u010f poradil tedy lidem, kte\u0159\u00ed toto neud\u011blali, co zmi\u0148ujete, ale opravdu vy\u0159e\u0161\u00ed tu fixaci novou nebo refinancov\u00e1n\u00ed hypot\u00e9ky te\u010f nebo p\u0159\u00ed\u0161t\u00ed rok \u010dekaj\u00ed, co bude, na jak dlouho fixovat? Sp\u00ed\u0161e krat\u0161\u00ed, \u0159ekn\u011bme, term\u00edn, anebo co nejdel\u0161\u00ed fixov\u00e1n\u00ed t\u00e9 hypot\u00e9ky, za t\u00e9to situace, v kter\u00e9 se tedy nach\u00e1z\u00edme?<\/p>\n\n\n\n<p>Milan RO\u010cEK, jednatel, Dataligence.cz<br>On tam je\u0161t\u011b jeden prvek, jedna nezn\u00e1m\u00e1. A to je to, \u017ee p\u0159ed \u0161esti lety se zm\u011bnily podm\u00ednky pro to, jak\u00fdm zp\u016fsobem se \u010dlov\u011bk m\u00e1 chovat v okam\u017eiku, kdy\u017e chce p\u0159ed\u010dasn\u011b splatit sv\u016fj hypote\u010dn\u00ed \u00fav\u011br. V t\u00e9to dob\u011b plat\u00ed, \u017ee i kdy\u017e si sjedn\u00e1te hypote\u010dn\u00ed sazbu t\u0159eba na 5 let nebo na 8 let, a chcete ji za 2 roky splatit, tak vlastn\u011b m\u016f\u017eete t\u00e9m\u011b\u0159 bez jak\u00fdchkoliv sankc\u00ed, \u0159ekn\u011bme, \u017ee to je za m\u00edrn\u00fd poplatek, kter\u00fd je v \u0159\u00e1du jednotek tis\u00edc korun maxim\u00e1ln\u011b. A to se m\u016f\u017ee zm\u011bnit, tak\u017ee ono dneska d\u00e1t doporu\u010den\u00ed v tom fixovat t\u0159eba na 5 let s t\u00edm, ono se nic ned\u011bje, pak si to m\u016f\u017eete z refinancovat jinam, to si mysl\u00edm, \u017ee nen\u00ed dobr\u00e1 rada, proto\u017ee pokud je mi zn\u00e1mo, tak banky jednaj\u00ed s \u010ceskou n\u00e1rodn\u00ed bankou o tom, aby se tyto podm\u00ednky do budoucnost zm\u011bnily, proto\u017ee pro nikoho nejsou v\u00fdhodn\u00e9, ani pro koncov\u00e9ho klienta, ani pro banku, proto\u017ee pro v\u0161echny vlastn\u011b je ta situace nejist\u00e1, tak\u017ee za st\u00e1vaj\u00edc\u00edch sazeb j\u00e1 bych asi doporu\u010doval fixovat na n\u011bjakou \u00farove\u0148 t\u0159\u00edlet\u00e9 fixace, proto\u017ee to je obdob\u00ed, kter\u00e9 se d\u00e1 ur\u010dit\u011b jako l\u00e9pe p\u0159ekonat ne\u017e t\u0159eba p\u011btilet\u00e1 nebo desetilet\u00e1, desetiletou fixac\u00ed za t\u011bchto podm\u00ednek ur\u010dit\u011b bych nedoporu\u010doval, ro\u010dn\u00ed fixace, to je p\u0159\u00edli\u0161 kr\u00e1tk\u00e9 a p\u011btilet\u00e1 je takov\u00fd st\u0159et, ale je to bu\u010f, anebo prost\u011b podle toho, jestli se podm\u00ednky mezi bankami a klienty, co se t\u00fdk\u00e1 jako p\u0159ed\u010dasn\u00e9ho splacen\u00ed a mo\u017enosti p\u0159ed\u010dasn\u00e9ho splacen\u00ed zm\u011bn\u00ed, nebo ne.<\/p>\n\n\n\n<p> moder\u00e1torka<br>Napad\u00e1 m\u011b mo\u017en\u00e1 v t\u00e9to souvislosti je\u0161t\u011b jedn ot\u00e1zka, pokud tedy jsem v tom p\u0159\u00edpad\u011b, \u017ee chci refinancovat hypot\u00e9ku, ale opravdu vid\u00edm potom, co mi to banka spo\u010d\u00edt\u00e1, \u017ee budu platit t\u0159eba dvojn\u00e1sobnou \u010d\u00e1stku, ne\u017e tomu bylo dosud, co se s t\u00edm d\u00e1 d\u011blat? M\u016f\u017eu tedy tu banku po\u017e\u00e1dat o to, pokud se m\u011bla t\u0159eba hypot\u00e9ku nad 30 let, 5 let jsem tedy platila, m\u00e1m zplacen\u00fdch 25 let. M\u016f\u017eu si ty spl\u00e1tky t\u0159eba sn\u00ed\u017eit tak, \u017ee znovu si tu hypot\u00e9ku prot\u00e1hnou na 30 let, je to mo\u017en\u00e9.<\/p>\n\n\n\n<p>Milan RO\u010cEK, jednatel, Dataligence.cz<br>Z\u00e1le\u017e\u00ed na tom, kolik je v\u00e1m let, tak\u017ee ano, toto je jedna z variant, ale mysl\u00edm si, \u017ee to je jedna z minoritn\u00edch variant, jako nebude to tak \u010dast\u00e9, proto\u017ee pokud si n\u011bkdo sjednal hypot\u00e9ku na 25, 30 let a zb\u00fdv\u00e1 mu je\u0161t\u011b 5 a\u017e 10 let, tak pravd\u011bpodobn\u011b to nat\u00e1hnout na dal\u0161\u00edch 20 asi nep\u016fjde. Ur\u010dit\u011b to, co doporu\u010duju, je nestrkat hlavu do p\u00edsku, v ka\u017ed\u00e9m p\u0159\u00edpad\u011b se svoj\u00ed bankou mluvit. Jednat \u0159e\u0161it ot\u00e1zku p\u0159\u00edpadn\u00e9ho rozlo\u017een\u00ed spl\u00e1tek. Je to koneckonc\u016f mechanismus, kter\u00fd banky vyzkou\u0161ely i za doby covidu. A nejhor\u0161\u00ed, co \u010dlov\u011bk m\u016f\u017ee ud\u011blat, je prost\u011b nereagovat, p\u0159estat spl\u00e1cet, pak se dostanete do z\u00e1pisu do registru dlu\u017en\u00edk\u016f a u\u017e pak nem\u00e1te v podstat\u011b \u0161anci na to z\u00edskat n\u011bjakou dal\u0161\u00ed hypot\u00e9ku.<\/p>\n\n\n\n<p>moder\u00e1torka<br>Sledujete speci\u00e1ln\u00ed vys\u00edl\u00e1n\u00ed projektu Drah\u00e9 \u010cesko, je\u0161t\u011b chv\u00edli z\u016fstaneme u toho, kolik stoj\u00ed vlastn\u00ed bydlen\u00ed. Pod\u00edv\u00e1me se ale i na n\u00e1jmy.<\/p>\n\n\n\n<p>redaktorka \u010cT<br>Vlastn\u00ed bydlen\u00ed si m\u016f\u017ee dovolit \u010d\u00edm d\u00e1l m\u00e9n\u011b dom\u00e1cnost\u00ed. Ceny nov\u00fdch byt\u016f toti\u017e za rok pr\u016fm\u011brn\u011b stouply o v\u00edce ne\u017e desetinu. Za metr \u010dtvere\u010dn\u00fd v Praze zaplat\u00ed z\u00e1jemce aktu\u00e1ln\u011b p\u0159es 154 000 K\u010d. Byty mimo Prahu jsou levn\u011bj\u0161\u00ed. Jejich cena ale stoupla tak\u00e9. Pr\u016fm\u011brn\u011b vyjde 1 m2 bezm\u00e1la na 100 000 K\u010d. Tady je\u0161t\u011b srovn\u00e1n\u00ed podle kraj\u016f. \u00dadaje o pr\u016fm\u011brn\u00e9 cen\u011b byt\u016f o plo\u0161e 65 m2 jsou za druh\u00e9 \u010dtvrtlet\u00ed. A op\u011bt nejv\u00edce z\u00e1jemce zaplat\u00ed v Praze, a to p\u0159es 8 200 000 K\u010d v centru hlavn\u00edho m\u011bsta pak m\u00edt takov\u00fd byt dokonce na 13 000 000 v centru jihomoravsk\u00e9 metropole Brna pak v\u00edce na 6,5 milionu korun. Nejlevn\u011bji po\u0159\u00edd\u00ed z\u00e1jemci vlastn\u00ed bydlen\u00ed v \u00dasteck\u00e9m kraji. Byt zde stoj\u00ed pr\u016fm\u011brn\u011b m\u00e9n\u011b ne\u017e 2 800 000 K\u010d, ve zbytku republiky se ceny pohybuj\u00ed kolem t\u0159\u00ed a\u017e 5 000 000 K\u010d.<\/p>\n\n\n\n<p>Jakub SEIDLER, hlavn\u00ed ekonom, \u010cesk\u00e1 bankovn\u00ed asociace<br>Propad cen nemovitost\u00ed, na kter\u00fd \u0159ada dom\u00e1cnost\u00ed \u010dek\u00e1, tak\u00e9 asi nenast\u00e1v\u00e1 v takov\u00e9 intenzit\u011b, a\u010dkoliv u star\u0161\u00edch byt\u016f u\u017e ur\u010dit\u00e9 vla\u0161tovky poklesu cen zde jsou, ale u t\u011bch nov\u00fdch byt\u016f, tam vid\u00edme, \u017ee de facto ta dynamika v tuhle chv\u00edli sp\u00ed\u0161e stagnuje. \u010c\u00e1ste\u010dn\u011b i d\u00edky tomu, \u017ee develope\u0159i v t\u011bch minul\u00fdch \u010dtvrtlet\u00edch zaznamenali v\u00fdrazn\u00fd r\u016fst cen stavebn\u00edch materi\u00e1l\u016f, tak\u017ee nejsou \u00fapln\u011b ochotni j\u00edt s cenou dol\u016f, ale samoz\u0159ejm\u011b pokud ta popt\u00e1vka bude del\u0161\u00ed dobu takto utlumen\u00e1, tak to i v cen\u00e1ch nemovitost\u00ed prost\u011b mus\u00ed j\u00edt poznat.<\/p>\n\n\n\n<p>moder\u00e1torka<br>Milan Ro\u010dek s n\u00e1mi st\u00e1le z\u016fst\u00e1v\u00e1 ve studiu. Pane Rou\u010dku, jak se budou na z\u00e1klad\u011b toho tedy, co jsme sly\u0161eli, vyv\u00edjet ceny nemovitost\u00ed d\u00e1l, d\u00e1 se to odhadnout?<\/p>\n\n\n\n<p>Milan RO\u010cEK, jednatel, Dataligence.cz<br>Velmi t\u011b\u017eko se to d\u00e1 odhadnout, proto\u017ee to, co si mo\u017en\u00e1 ne zcela uv\u011bdomujeme, je to, \u017ee \u017eijeme ve velmi nep\u0159edv\u00eddateln\u00e9 dob\u011b. V podstat\u011b v posledn\u00edm roce jsme ve velmi nep\u0159edv\u00eddateln\u00e9 dob\u011b a ona nav\u00e1zala na jinou nep\u0159edv\u00eddatelnou dobu, kter\u00e1 vlastn\u011b za\u010dala n\u011bkdy za\u010d\u00e1tkem roku 2020, tak\u017ee v tomhletom smyslu predikovat n\u011bco podle jako b\u011b\u017en\u00fdch ekonomick\u00fdch pravidel, jako to bylo v minul\u00fdch desetilet\u00edch, jde v\u00fdznamn\u011b h\u016f\u0159. J\u00e1 bych to rozd\u011blil na dv\u011b \u010d\u00e1sti. Jedna v\u011bc je cena nov\u00fdch byt\u016f a druh\u00e1 v\u011bc je cena star\u00fdch byt\u016f. A s tou cenou souvis\u00ed je\u0161t\u011b jedna d\u016fle\u017eit\u00e1 v\u011bc. A to je to, jak\u00e1 je vlastn\u011b nab\u00eddka a jak\u00e1 je popt\u00e1vka, jak\u00fd je pom\u011br mezi t\u00edm. A kdybychom se o tom bavili p\u0159ed rokem, tak vlastn\u011b jedna z hlavn\u00edch odpov\u011bd\u00ed bude, \u017ee probl\u00e9m v \u010cesk\u00e9 republice nebyl dlouhodob\u011b na stran\u011b popt\u00e1vky, ale na stran\u011b nab\u00eddky, tak\u017ee popt\u00e1vka, i kdy\u017e byla vysok\u00e1, tak tak prost\u011b ten ta nab\u00eddka, kter\u00e1 byla proti tomu, byla stra\u0161n\u011b mal\u00e1. A ony v lo\u0148sk\u00e9m roce tato tyto n\u016f\u017eky se n\u00e1m je\u0161t\u011b v\u00edce rozev\u0159eli. A ta nab\u00eddka se \u00fapln\u011b vy\u010derpala, tak\u017ee my jsme vlastn\u011b vstoupili na ja\u0159e leto\u0161n\u00edho roku do okam\u017eiku, kdybysme o\u010dek\u00e1vali, \u017ee n\u00e1m za\u010dnou klesat ceny nemovitost\u00ed podle b\u011b\u017en\u00fdch ekonomick\u00fdch pravidel. Ale jsme v situaci, kdy ten trh nab\u00eddky je \u00fapln\u011b vy\u010derp\u00e1n. Na konci lo\u0148sk\u00e9ho roku byly vyprod\u00e1ny novostavby, byly vyprod\u00e1ny star\u0161\u00ed byty, loni koupil ka\u017ed\u00fd, co \u0161lo koupit. A z tohohletoho hlediska se vlastn\u011b je\u0161t\u011b nedoplnila z\u00e1soba t\u011bch voln\u00fdch byt\u016f, kter\u00e9 na tom trhu jsou, a to je hrozn\u011b d\u016fle\u017eit\u00fd prvek pro to, jak\u00fdm zp\u016fsobem se n\u00e1m potom m\u016f\u017eou h\u00fdbat ceny, tak\u017ee my po\u0159\u00e1d je\u0161t\u011b nejsme na nab\u00eddce, kter\u00e1 byla t\u0159eba p\u0159ed t\u0159emi lety, a z tohohletoho d\u016fvodu jsem p\u0159esv\u011bd\u010den o tom, \u017ee i kdy\u017e m\u016f\u017eeme o\u010dek\u00e1vat, \u017ee t\u0159eba v oblasti star\u0161\u00edch byt\u016f v n\u011bkter\u00fdch men\u0161\u00edch regionech dojde rychleji k poklesu cen nemovitost\u00ed ne\u017e ve velk\u00fdch m\u011bstech, tak nap\u0159\u00edklad u novostaveb nesm\u00edme zapomenout na to, \u017ee vlastn\u011b ten nov\u00fd byt je stejn\u00e1 v\u011bc, jako je t\u0159eba chleba, je to n\u011bjak\u00fd produkt, kter\u00fd mus\u00edte vyrobit, ty n\u00e1klady na tu jeho v\u00fdrobu jsou posti\u017eeny stejn\u011b inflac\u00ed jako v\u0161echno ostatn\u00ed. M\u00e1me vy\u0161\u0161\u00ed ceny stavebn\u00edch prac\u00ed, stavebn\u00edch materi\u00e1l\u016f, v podstat\u011b v tomto smyslu se produkt byt ned\u00e1 postavit letos levn\u011bji, ne\u017e se dal postavit loni, tak\u017ee o\u010dek\u00e1vat, \u017ee n\u00e1m poklesnou ceny novostaveb, si mysl\u00edm, \u017ee je minim\u00e1ln\u011b v tuto chv\u00edli p\u0159ed\u010dasn\u00e9 i proto, \u017ee develope\u0159i, kte\u0159\u00ed nov\u00e9 byty stav\u00ed, jsou na rozd\u00edl t\u0159eba od minul\u00e9 krize v letech 2009 a\u017e 2011 v \u00fapln\u011b jin\u00e9 kondici, i finan\u010dn\u00ed i se z\u00e1zem\u00edm, ne\u017e byly p\u0159edt\u00edm. A nen\u00ed \u017e\u00e1dn\u00fd probl\u00e9m ani \u017e\u00e1dn\u00e9 tajemstv\u00ed v tom, \u017ee \u010d\u00e1st projekt\u016f rad\u011bji brzd\u00ed, nedaj\u00ed do prodeje, nedaj\u00ed do v\u00fdstavby, anebo je p\u0159evedou na n\u00e1jemn\u00ed bydlen\u00ed, a tud\u00ed\u017e se m\u016f\u017eeme dostat do situace, \u017ee v horizontu dvou t\u0159\u00ed let budeme m\u00edt je\u0161t\u011b v\u011bt\u0161\u00ed d\u00edru na t\u00e9 stran\u011b nab\u00eddky prost\u011b proto, \u017ee nebude dopln\u011bna ni\u010d\u00edm nov\u00fdm.<\/p>\n\n\n\n<p>moder\u00e1torka<br>Vy jste zm\u00ednil n\u00e1jemn\u00ed bydlen\u00ed, to asi souvis\u00ed samoz\u0159ejm\u011b s t\u00edm v\u0161\u00edm, o \u010dem jste tady mluvil. Nicm\u00e9n\u011b u n\u011bj tedy za posledn\u00ed m\u011bs\u00edce, \u0159ekn\u011bme, relativn\u011b hodn\u011b stoupla cena, souvis\u00ed to hned s n\u011bkolika faktory, jak tam se bu\u010f to bude vyv\u00edjet?<\/p>\n\n\n\n<p>Milan RO\u010cEK, jednatel, Dataligence.cz<br>Tam to je p\u0159esn\u011b proti tomu trendu vlastnick\u00e9ho bydlen\u00ed. To znamen\u00e1, jakmile jsme se dostali do situace, \u017ee u\u017e nen\u00ed p\u0159ibli\u017en\u011b stejn\u00fd v\u00fddaj na to, kdy\u017e si po\u0159\u00edd\u00edm byt do vlastnictv\u00ed, vezmu si na n\u011bj hypot\u00e9ku, a je pro m\u011b to n\u00e1jemn\u00ed n\u00e1jemn\u00e9 levn\u011bj\u0161\u00ed, je dostupn\u011bj\u0161\u00ed, tak se podstatn\u00e1 \u010d\u00e1st vlastn\u011b t\u00e9 popt\u00e1vky p\u0159esouv\u00e1 do toho n\u00e1jemn\u00edho bydlen\u00ed. Nejenom z ekonomick\u00e9ho d\u016fvodu, velmi \u010dasto je to i z toho d\u016fvodu, \u017ee prost\u011b na to nejde dos\u00e1hnout pro schv\u00e1len\u00ed toho hypote\u010dn\u00edho \u00fav\u011bru, tak\u017ee ta popt\u00e1vka, kter\u00e1 je na stran\u011b bydlen\u00ed, se n\u00e1m v\u00fdrazn\u011b zv\u011bt\u0161ila, a proto\u017ee se n\u00e1m zv\u011bt\u0161uje popt\u00e1vka, ale po\u010det byt\u016f je furt stejn\u00fd, tak ta strana n\u00e1jemn\u00edho bydlen\u00ed n\u00e1m tla\u010d\u00ed vlastn\u011b n\u00e1jmy nahoru.<\/p>\n\n\n\n<p>Vendula POKORN\u00c1, moder\u00e1torka<br>D\u00e1 se tedy o\u010dek\u00e1vat, \u017ee pokud bydl\u00edm v n\u00e1jmu, tak m\u00e1m \u010dekat v n\u00e1sleduj\u00edc\u00edch m\u011bs\u00edc\u00edch zpr\u00e1vu od majitele, \u017ee mi zvedne n\u00e1jem?<\/p>\n\n\n\n<p>Milan RO\u010cEK, jednatel, Dataligence.cz<br>J\u00e1 si mysl\u00edm, \u017ee dlouhodob\u00fd probl\u00e9m v \u010cesk\u00e9 republice je ten, \u017ee m\u00e1me sjedn\u00e1van\u00e9 komer\u010dn\u00ed n\u00e1jmy na velmi kr\u00e1tkou dobu, na rok, maxim\u00e1ln\u011b na 2. V tom je asi z\u00e1kladn\u00ed probl\u00e9m. A jestli\u017ee bude n\u011bkdo m\u00edt tu zku\u0161enost z vlastn\u00edk\u016f nemovitost\u00ed, kter\u00fdm del\u0161\u00ed dobu pronaj\u00edmal byty, \u017ee se mu tam to\u010dili n\u00e1jemci t\u0159eba v horizontu roku, dvou, t\u0159\u00ed, tak pravd\u011bpodobn\u011b asi p\u0159ikro\u010d\u00ed k tomu, \u017ee bude cht\u00edt to n\u00e1jemn\u00e9 zv\u00fd\u0161it. Na druhou stranu si mysl\u00edm, \u017ee mus\u00ed existovat ur\u010dit\u00e1 rovnov\u00e1ha mezi pronaj\u00edmatelem a n\u00e1jemcem a tvrd\u00edm, \u017ee ka\u017ed\u00fd pronaj\u00edmatel chce m\u00edt dobr\u00e9ho n\u00e1jemce, kter\u00fd mu ten byt nevybydl\u00ed, neznehodnot\u00ed, bude mu dob\u0159e platit n\u00e1jemn\u00e9. A tady jsem p\u0159esv\u011bd\u010den zase o tom, \u017ee nemus\u00ed nutn\u011b ka\u017ed\u00fd takov\u00fdhle pronaj\u00edmatel tla\u010dit to n\u00e1jemn\u00e9 zbyte\u010dn\u011b nahoru, kdy\u017e bude m\u00edt dobr\u00e9ho n\u00e1jemce. Mo\u017en\u00e1, \u017ee n\u00e1m tahleta situace jaksi umo\u017en\u00ed narovnat zase n\u011bjak\u00e9 podm\u00ednky pr\u00e1v\u011b v t\u00e9 oblasti n\u00e1jemn\u00edho bydlen\u00ed k tomu, aby si um\u011bli vytvo\u0159it, nebo mohli vytvo\u0159it dlouhodob\u00e9 vztahy, proto\u017ee i pro tu stranu toho n\u00e1jemce je velmi komplikovan\u00e9, aby si pronaj\u00edmal byt s vidinou jednoho roku. Tohle se \u0161patn\u011b pl\u00e1nuje, ob\u011b dv\u011b strany pot\u0159ebujou m\u00edt jistotu.<\/p>\n\n\n\n<p> moder\u00e1torka<br>d\u00edky, \u017ee jste za n\u00e1mi p\u0159i\u0161el do studia.<\/p>\n\n\n\n<p>Milan RO\u010cEK, jednatel, Dataligence.cz<br>Hezk\u00fd ve\u010der v\u00e1m i div\u00e1k\u016fm.<\/p>\n\n\n\n<p> moder\u00e1torka<br>A nejen hypot\u00e9ky, ale p\u016fj\u010dky obecn\u011b, kdy jsou a kdy naopak nejsou dobr\u00fdm \u0159e\u0161en\u00edm, to te\u010f vysv\u011btl\u00ed kolega Daniel Stach.<\/p>\n\n\n\n<p>Daniel STACH, redaktor \u010cT<br>Zaplatit ne\u010dekan\u00fd v\u00fddaj za n\u011bkolik tis\u00edc korun je pro n\u011bkter\u00e9 lidi probl\u00e9m. Pop\u00ed\u0161eme, kdy takovou situaci p\u0159\u00edpadn\u011b \u0159e\u0161it p\u016fj\u010dkou a kdy se j\u00ed naopak vyhnout, v\u00edtejte u Infocentra. P\u0159eji v\u00e1m dobr\u00fd den.Rozbit\u00e1 pra\u010dka, nefunk\u010dn\u00ed topen\u00ed nebo ne\u010dekan\u011b velk\u00fd doplatek za energie. Typick\u00e9 v\u00fddaje, se kter\u00fdmi \u010dlov\u011bk tak \u00fapln\u011b nepo\u010d\u00edt\u00e1, ale z\u00e1rove\u0148 je mus\u00ed zaplatit. Rodin\u00e1m a dom\u00e1cnostem, kter\u00e9 dok\u00e1\u017eou ka\u017ed\u00fd m\u011bs\u00edc aspo\u0148 \u010d\u00e1st pen\u011bz u\u0161et\u0159it, m\u016f\u017ee p\u016fj\u010dka pomoct. Ka\u017ed\u00fd m\u011bs\u00edc ale mus\u00ed u\u0161et\u0159it tolik, aby mohli p\u016fj\u010dku v klidu spl\u00e1cet. Naopak p\u016fj\u010dit si t\u0159eba 10 000 u\u017e finan\u010dn\u00ed poradci nedoporu\u010duj\u00ed, pokud je rodinn\u00fd rozpo\u010det p\u0159\u00edli\u0161 napjat\u00fd a rodina u\u017e \u017e\u00e1dn\u00e9 dal\u0161\u00ed pen\u00edze u\u0161et\u0159it nedok\u00e1\u017ee.<\/p>\n\n\n\n<p>Daniel H\u016eLE, vedouc\u00ed programu Dluhov\u00e9 poradenstv\u00ed, \u010clov\u011bk v t\u00edsni<br>Proto\u017ee, kdy\u017e si je p\u016fj\u010d\u00edm a nejsem schopnej je spl\u00e1cet, tak ve sv\u00e9 podstat\u011b jenom odlo\u017e\u00edm \u0159e\u0161en\u00ed toho probl\u00e9mu, nejen\u017ee ho odlo\u017e\u00edm, ale j\u00e1 ho je\u0161t\u011b zv\u011bt\u0161\u00edm, proto\u017ee t\u011bch p\u016fj\u010den\u00fdch 10 000 se nav\u00fd\u0161\u00ed o \u00farok. To znamen\u00e1, \u017ee z t\u011bch 10 000 za chvilku je mnohem v\u00edc.<\/p>\n\n\n\n<p>Daniel STACH, redaktor \u010cT<br>Ve v\u00fdjime\u010dn\u00fdch a bezodkladn\u00fdch situac\u00edch m\u016f\u017ee pomoct st\u00e1t. Mimo\u0159\u00e1dn\u00e1 okam\u017eit\u00e1 pomoc je p\u0159\u00edsp\u011bvek, kter\u00fd se d\u00e1 pou\u017e\u00edt t\u0159eba i na n\u00e1kup ledni\u010dky nebo pra\u010dky. O mimo\u0159\u00e1dnou okam\u017eitou pomoc \u017e\u00e1d\u00e1 na \u00da\u0159adu pr\u00e1ce. Odborn\u00edci rad\u00ed nejenom v situac\u00edch, kdy jde o mimo\u0159\u00e1dn\u00fd v\u00fddaj, ale i dlouhodob\u011b, sledovat nab\u00eddky i p\u0159\u00edstroj\u016f z druh\u00e9 ruky. Na nich se d\u00e1 v\u00fdrazn\u011b u\u0161et\u0159it.<\/p>\n\n\n\n<p>Daniel H\u016eLE, vedouc\u00ed programu Dluhov\u00e9 poradenstv\u00ed, \u010clov\u011bk v t\u00edsni<br>T\u0159eba osobn\u011b si velkou \u010d\u00e1st vybaven\u00ed kupuju z druh\u00e9 ruky. Skoro nikdy, naprosto v\u00fdjime\u010dn\u011b se mi stane, \u017ee to nefunguje a \u017ee to je nev\u00fdhodn\u00e9. A u\u0161et\u0159\u00edm ohromn\u00e9 mno\u017estv\u00ed pen\u011bz za to nov\u00e9 zbo\u017e\u00ed. Pra\u010dka se d\u00e1 klidn\u011b koupit za 2,5 tis\u00edce korun pou\u017eit\u00e1 a m\u016f\u017ee slou\u017eit \u0159\u00e1dov\u011b klidn\u011b roky je\u0161t\u011b a m\u016f\u017ee to fungovat.<\/p>\n\n\n\n<p>Daniel STACH, redaktor \u010cT<br>Mezi jednotliv\u00fdmi p\u016fj\u010dkami jsou velk\u00e9 rozd\u00edly. Z\u00e1le\u017e\u00ed na tom, na jak dlouho si p\u016fj\u010duji, jak vysok\u00e9 jsou spl\u00e1tky i jak vysok\u00e9 jsou \u00faroky neb jak\u00e9 jsou poplatky. Dohromady to d\u00e1v\u00e1 \u010d\u00e1stku, kterou budu muset nakonec celkem zaplatit. Proto je pot\u0159eba si dop\u0159edu celkovou \u010d\u00e1stku spo\u010d\u00edtat, aby \u010dlov\u011bk v\u011bd\u011bl, kolik zaplat\u00ed nav\u00edc. Typicky plat\u00ed, \u017ee \u010d\u00edm d\u00e9le se spl\u00e1c\u00ed, t\u00edm m\u00e9n\u011b se spl\u00e1c\u00ed m\u011bs\u00ed\u010dn\u011b, ale nakonec se p\u0159eplat\u00ed v\u00edc.<\/p>\n\n\n\n<p>redaktorka \u010cT<br>Stoupaj\u00ed nejen ceny vlastn\u00edho bydlen\u00ed, ale tak\u00e9 n\u00e1jm\u016f. Nejv\u00edce v Praze, kde za rok zdra\u017eily o 4 000 K\u010d. V Brn\u011b je to kolem 2000 a v Ostrav\u011b o v\u00edce ne\u017e tis\u00edcovku. Pr\u016fm\u011brn\u011b jsou v \u010cesku n\u00e1jmy oproti lo\u0148sk\u00e9mu roku dra\u017e\u0161\u00ed o v\u00edce ne\u017e p\u011btinu. Ze v\u0161ech kraj\u016f daj\u00ed nejv\u00edce pen\u011bz na n\u00e1jem lid\u00e9 v hlavn\u00edm m\u011bst\u011b. Za pr\u016fm\u011brn\u00fd byt o v\u00fdm\u011b\u0159e 65 m2 zaplat\u00ed Pra\u017ean\u00e9 p\u0159es 20 000 K\u010d m\u011bs\u00ed\u010dn\u011b. To je skoro stejn\u011b jako v Brn\u011b, kde se n\u00e1jem pohybuje pr\u016fm\u011brn\u011b pod 20 000. Nejdra\u017e\u0161\u00ed je centrum Prahy. Lid\u00e9 zde za takto velk\u00fd byt zaplat\u00ed dokonce i v\u00edce ne\u017e 30 000 K\u010d. Naopak nejni\u017e\u0161\u00ed n\u00e1jmy jsou v \u00dasteck\u00e9m kraji. Zde vyjde pr\u016fm\u011brn\u00fd byt na 11 000 K\u010d. Lid\u00e9 \u017eij\u00edc\u00ed v ostatn\u00edch kraj\u00edch daj\u00ed za n\u00e1jem mezi 13 000 a 14 000 K\u010d.<\/p>\n\n\n\n<p>Jana \u0160R\u00c1MKOV\u00c1, redaktorka \u010cT<br>Podkrovn\u00ed byt 3+kk v centru Liberce. Od prosince byl na prodej, te\u010f je v nab\u00eddk\u00e1ch n\u00e1jemn\u00edho bydlen\u00ed.<\/p>\n\n\n\n<p>Zden\u011bk MILFAIT, realitn\u00ed makl\u00e9\u0159, Liberec<br>Ten byt pr\u00e1v\u011b odr\u00e1\u017e\u00ed situaci na trhu. My jsme ho prod\u00e1vali, bohu\u017eel ne\u00fasp\u011b\u0161n\u011b, a proto jsme se rozhodli ten byt pronaj\u00edmat.<\/p>\n\n\n\n<p>Jana \u0160R\u00c1MKOV\u00c1, redaktorka \u010cT<br>M\u011bs\u00ed\u010dn\u011b bez slu\u017eeb n\u00e1jemn\u00edk zaplat\u00ed 15 000. Za energie u\u0161et\u0159\u00ed d\u00edky krbov\u00fdm kamn\u016fm.<\/p>\n\n\n\n<p>Zden\u011bk MILFAIT, realitn\u00ed makl\u00e9\u0159, Liberec<br>M\u00e1me r\u00e1mcov\u00e9 b\u011bhem t\u00fddne 5 a\u017e 8 prohl\u00eddek.<\/p>\n\n\n\n<p>Jana \u0160R\u00c1MKOV\u00c1, redaktorka \u010cT<br>D\u016fvod\u016f, pro\u010d klienti v sou\u010dasn\u00e9 dob\u011b n\u00e1kup nemovitost\u00ed odkl\u00e1daj\u00ed, je hned n\u011bkolik.<\/p>\n\n\n\n<p>Jan HONZ\u00cdK, realitn\u00ed specialista Broker Consultung, Liberec<br>Drah\u00e9 energie, sazba hypot\u00e9k a dal\u0161\u00ed faktor je ten, \u017ee lid\u00e9 za\u010d\u00ednaj\u00ed vy\u010dk\u00e1vat s o\u010dek\u00e1v\u00e1n\u00edm p\u00e1du cen nemovitost\u00ed.<\/p>\n\n\n\n<p>Jana \u0160R\u00c1MKOV\u00c1, redaktorka \u010cT<br>Jen\u017ee z\u00e1rove\u0148 p\u0159ib\u00fdv\u00e1 i t\u011bch, kte\u0159\u00ed cht\u011bj\u00ed nemovitost prodat. \u010casto pr\u00e1v\u011b proto, \u017ee ji finan\u010dn\u011b nezvl\u00e1daj\u00ed.<\/p>\n\n\n\n<p>Zden\u011bk MILFAIT, realitn\u00ed makl\u00e9\u0159, Liberec<br>Ty trendy jdou proti sob\u011b, lidi maj\u00ed mnohem v\u00edc z \u010deho vyb\u00edrat, na druhou stranu ub\u00fdv\u00e1 kupc\u016f.<\/p>\n\n\n\n<p>Kl\u00e1ra TIPANOV\u00c1, redaktorka \u010cT<br>A podobn\u00e1 situace je i na z\u00e1pad\u011b \u010cech, konkr\u00e9tn\u011b tady na Plze\u0148sku.<\/p>\n\n\n\n<p>Ad\u00e9la LIPERTOV\u00c1, obyvatelka Plzn\u011b<br>Kdy jsem si srovnala, na kolik by mi vy\u0161la hypot\u00e9ka a nakolik by mi vy\u0161el n\u00e1jem, tak jsem p\u0159istoupila na n\u00e1jem.<\/p>\n\n\n\n<p>Jana \u0160R\u00c1MKOV\u00c1, redaktorka \u010cT<br>Zat\u00edmco p\u0159ed rokem bylo v Plzni na prodej 150 byt\u016f, te\u010f jich je v nab\u00eddce p\u0159es 500.<\/p>\n\n\n\n<p>Radek BOUCHAL, majitel realitn\u00ed kancel\u00e1\u0159e, Plze\u0148<br>Nejhor\u0161\u00ed je te\u010f prod\u00e1vat jakoby star\u0161\u00ed velk\u00fd nemovitosti, jsou tam plynov\u00fd kotle, vysok\u00fd n\u00e1klady.<\/p>\n\n\n\n<p>Jana \u0160R\u00c1MKOV\u00c1, redaktorka \u010cT<br>Celorepublikov\u011b prodej byt\u016f od b\u0159ezna klesl o \u010dtvrtinu. U rodinn\u00fdch dom\u016f je od za\u010d\u00e1tku roku pokles prodeje dokonce v\u00edc ne\u017e t\u0159icetiprocentn\u00ed. Kl\u00e1ra Tipanov\u00e1 a Jana \u0160r\u00e1mkov\u00e1, \u010cesk\u00e1 televize.<\/p>\n\n\n\n<p>Vendula POKORN\u00c1, moder\u00e1torka<br>No, a dal\u0161\u00edm hostem dne\u0161n\u00edho vys\u00edl\u00e1n\u00ed je Miroslav \u017db\u00e1nek, m\u00edstop\u0159edseda Svazu m\u011bst a obc\u00ed a tak\u00e9 prim\u00e1tor m\u011bsta Olomouc. Hezk\u00fd den.<\/p>\n\n\n\n<p>Miroslav \u017dB\u00c1NEK, m\u00edstop\u0159edseda, Svaz m\u011bst a obc\u00ed \u010cR, prim\u00e1tor, Olomouc \/ANO\/<br>Hezk\u00fd ve\u010der.<\/p>\n\n\n\n<p>Vendula POKORN\u00c1, moder\u00e1torka<br>Pane \u017db\u00e1nku, tak my se tady dnes cel\u00fd ve\u010der bav\u00edme o bydlen\u00ed, o jeho placen\u00ed a dostupnosti. Poj\u010fme si \u0159\u00edct, jak jsou na tom s dostupnost\u00ed pr\u00e1v\u011b obecn\u00ed byty.<\/p>\n\n\n\n<p>Miroslav \u017dB\u00c1NEK, m\u00edstop\u0159edseda, Svaz m\u011bst a obc\u00ed \u010cR, prim\u00e1tor, Olomouc \/ANO\/<br>Tak ta situace je samoz\u0159ejm\u011b nap\u0159\u00ed\u010d republikou r\u016fzn\u00e1 a tak\u00e9 je r\u016fzn\u00e1 mezi velk\u00fdmi m\u011bsty, m\u011bsty st\u0159edn\u00ed velikosti nebo men\u0161\u00edmi obcemi. Bav\u00edme-li se o bytov\u00e9m fondu m\u011bstsk\u00e9m, tak ten samoz\u0159ejm\u011b z velk\u00e9 \u010d\u00e1sti je\u0161t\u011b vych\u00e1z\u00ed z dob byt\u016f budovan\u00fdch p\u0159ed v\u00edce ne\u017e 30 lety a je to zejm\u00e9na ten standardn\u00ed panel\u00e1kov\u00fd bytov\u00fd fond, kter\u00fd ale tak\u00e9 z velk\u00e9 \u010d\u00e1sti pro\u0161el jednak v devades\u00e1t\u00fdch a potom na za\u010d\u00e1tku mil\u00e9nia privatizac\u00ed, a ty byty tedy p\u0159e\u0161ly za velmi v\u00fdhodn\u00fdch podm\u00ednek do soukrom\u00fdch&#8230; vlastn\u00edk\u016fm a v r\u00e1mci t\u011bch SVJ vlastn\u011b jsou spravov\u00e1ny, tak\u00e9 do\u0161lo k jeho v\u00fdrazn\u00e9 modernizaci. To je m\u011bstsk\u00fd bytov\u00fd fond. Co se t\u00fdk\u00e1 toho developersk\u00e9ho, tak tam jsou samoz\u0159ejm\u011b dlouho zmi\u0148ovan\u00e9 probl\u00e9my s d\u00e9lkou investi\u010dn\u00ed v\u00fdstavby t\u011bchto byt\u016f, ale mysl\u00edm si, \u017ee ta situace nen\u00ed zas a\u017e tak dramatick\u00e1, mo\u017en\u00e1 vyjma Prahy ten developersk\u00fd fond se rozrostl, ale byl v minulosti, jak u\u017e tady opakovan\u011b zazn\u00edvalo, zam\u011b\u0159en na prodej. A v sou\u010dasn\u00e9 dob\u011b z\u0159ejm\u011b bude doch\u00e1zet pr\u00e1v\u011b k tomu p\u0159elivu k n\u00e1jemn\u00edmu bydlen\u00ed, co\u017e je podle m\u011b velk\u00e9 t\u00e9ma nejenom pro st\u00e1t, ale tak\u00e9 pro samospr\u00e1vy, pro m\u011bsta a obce.<\/p>\n\n\n\n<p>Vendula POKORN\u00c1, moder\u00e1torka<br>Pokud se budeme bavit konkr\u00e9tn\u011b t\u0159eba o va\u0161em m\u011bst\u011b, tedy Olomouci, tak vid\u00edte te\u010f t\u0159eba v\u011bt\u0161\u00ed z\u00e1jem pr\u00e1v\u011b o to, \u017ee lid\u00e9 by cht\u011bli bydlet v obecn\u00edch bytech jako v n\u00e1jmu? Proto\u017ee poj\u010fme si p\u0159iznat, \u017ee velice \u010dasto je to ta nejlevn\u011bj\u0161\u00ed varianta.<\/p>\n\n\n\n<p>Miroslav \u017dB\u00c1NEK, m\u00edstop\u0159edseda, Svaz m\u011bst a obc\u00ed \u010cR, prim\u00e1tor, Olomouc \/ANO\/<br>V\u011bt\u0161ina byt\u016f ve m\u011bstech a obc\u00edch m\u00e1 tzv. regulovan\u00e9 m\u011bstsk\u00e9 n\u00e1jemn\u00e9, konkr\u00e9tn\u011b v Olomouci je cena toho m\u011bstsk\u00e9ho n\u00e1jemn\u00e9ho na zhruba 50 % tr\u017en\u00ed ceny, to znamen\u00e1, budeme se bavit v p\u0159epo\u010dten\u00e9 cen\u011b na metr \u010dtvere\u010dn\u00ed, ta se v Olomouci pohybuje v tom tr\u017en\u00edm prost\u0159ed\u00ed n\u011bkde kolem 240 K\u010d. Regulovan\u00e9 m\u011bstsk\u00e9 n\u00e1jemn\u00e9 v tuto chv\u00edli je ve v\u00fd\u0161i 120 K\u010d. To znamen\u00e1 za opravdu dvou- a\u017e t\u0159\u00edpokojov\u00fd byt se pohybuj\u00ed ty ceny n\u00e1jm\u016f zhruba na polovin\u00e1ch t\u011bch cen, kter\u00e9 byly zmi\u0148ov\u00e1ny, to znamen\u00e1 n\u011bkde mezi 5 000 a\u017e a\u017e 8 000 korunami, co\u017e vyvol\u00e1v\u00e1 samoz\u0159ejm\u011b obrovskou popt\u00e1vku pr\u00e1v\u011b po m\u011bstsk\u00fdch bytech, kter\u00e9 \u010dasto nejsou v tak vysok\u00e9m kvalitativn\u00edm standardu, ale lid\u00e9 v sou\u010dasn\u00e9 dob\u011b u\u017e tolik nenad\u00e1vaj\u00ed na to, \u017ee m\u011bstsk\u00e9 byty nejsou ve stejn\u00e9 kvalit\u011b jako nov\u00e9 developersk\u00e9 projekty, ale jsou r\u00e1di pr\u00e1v\u011b za dostupnou cenu toho n\u00e1jemn\u00edho bydlen\u00ed.<\/p>\n\n\n\n<p>Vendula POKORN\u00c1, moder\u00e1torka<br>A kdo tedy dos\u00e1hne na obecn\u00ed byt, na to, aby mohl bydlet v obecn\u00edm byt\u011b?<\/p>\n\n\n\n<p>Miroslav \u017dB\u00c1NEK, m\u00edstop\u0159edseda, Svaz m\u011bst a obc\u00ed \u010cR, prim\u00e1tor, Olomouc \/ANO\/<br>Ty pravidla u\u017e dnes jsou, m\u00e1me za sebou divok\u00e1 devades\u00e1t\u00e1 l\u00e9ta, i kdy\u017e se tady objevila cel\u00e1 \u0159ada pochybn\u00fdch kauz v posledn\u00edch m\u011bs\u00edc\u00edch, tak si mysl\u00edm, \u017ee jsou pom\u011brn\u011b pevn\u011b stanoven\u00e1. V\u011bt\u0161ina obc\u00ed m\u00e1 tzv. bytov\u00e9 komise a jejich sou\u010d\u00e1sti zpravidla b\u00fdvaj\u00ed i na krom\u011b politik\u016f nebo z\u00e1stupc\u016f politick\u00e9 generace toho politick\u00e9ho veden\u00ed m\u011bsta, tak tak\u00e9 b\u00fdvaj\u00ed z\u00e1stupci neziskov\u00e9ho sektoru a z\u00e1stupci soci\u00e1ln\u00edch odbor\u016f m\u011bsta, a zam\u011b\u0159uj\u00ed se tedy v n\u011bjak\u00fdch kvalifika\u010dn\u00edch krit\u00e9ri\u00edch na to, a\u0165 byty dostanou ti, kte\u0159\u00ed opravdu re\u00e1ln\u011b pot\u0159ebuj\u00ed, proto\u017ee u toho regulovan\u00e9ho n\u00e1jemn\u00e9ho samoz\u0159ejm\u011b pln\u00ed velkou soci\u00e1ln\u00ed funkci. V tomto p\u0159\u00edpad\u011b vlastn\u011b ne\u0159\u00edk\u00e1m, \u017ee nahrazuj\u00ed, ale tak dopl\u0148uj\u00ed ten syst\u00e9m p\u0159\u00edsp\u011bvk\u016f na bydlen\u00ed, p\u0159\u00edsp\u011bvk\u016f v hmotn\u00e9 nouzi, doplatku na bydlen\u00ed a podobn\u011b.<\/p>\n\n\n\n<p>Vendula POKORN\u00c1, moder\u00e1torka<br>Co platby za obecn\u00ed byty, tedy n\u00e1jmy? \u0158e\u0161\u00edte te\u010f mo\u017en\u00e1 v\u00edc ne\u017e kdy d\u0159\u00edv to, \u017ee lid\u00e9 s t\u00edm maj\u00ed probl\u00e9my? Nebo t\u00edm, co u\u017e jsme tady \u0159ekli, to znamen\u00e1, \u017ee ta cena oproti tomu tr\u017en\u00edmu n\u00e1jemn\u00e9mu je opravdu tedy odli\u0161n\u00e1 a ni\u017e\u0161\u00ed, tak s t\u00edm zase tak \u010dasto n\u00e1jemn\u00edci v obecn\u00edch bytech nebojuj\u00ed?<\/p>\n\n\n\n<p>Miroslav \u017dB\u00c1NEK, m\u00edstop\u0159edseda, Svaz m\u011bst a obc\u00ed \u010cR, prim\u00e1tor, Olomouc \/ANO\/<br>V t\u011bch obecn\u00edch bytech pr\u00e1v\u011b d\u00edky t\u011bm cen\u00e1m opravdu neplati\u010di tvo\u0159\u00ed zanedbateln\u00e9 procento a jsou to v\u00edcem\u00e9n\u011b lid\u00e9, kte\u0159\u00ed se ocitli v r\u016fzn\u00fdch \u017eivotn\u00edch situac\u00edch, problematick\u00fdch situac\u00edch a neum\u00ed se v nich zorientovat, proto\u017ee pr\u00e1v\u011b mo\u017enost z\u00edskat p\u0159\u00edsp\u011bvky na bydlen\u00ed tak, jak jsou v sou\u010dasn\u00e9 dob\u011b nastaven\u00e9, je v podstat\u011b tak jednoduch\u00fd syst\u00e9m, jak si zajistit dostupn\u00e9 bydlen\u00ed, \u017ee ten, kdo ho nevyu\u017e\u00edv\u00e1, m\u00e1 opravdu u\u017e n\u011bjak\u00e9 jin\u00e9 osobn\u00ed probl\u00e9my. \u010casto to b\u00fdv\u00e1 alkohol, psychiatrick\u00e9 probl\u00e9my a diagnostiky. A to jsou v\u011bci, kter\u00e9 se sna\u017e\u00edme \u0159e\u0161it pr\u00e1v\u011b v t\u00e9 prvn\u00ed linii pomoci pracovn\u00edk\u016f soci\u00e1ln\u00ed p\u00e9\u010de tak, abysme vlastn\u011b nikoho nemuseli vyst\u011bhov\u00e1vat na ulici. To je nejhor\u0161\u00ed varianta, proto\u017ee kdo odejde z m\u011bstsk\u00e9ho regulovan\u00e9ho n\u00e1jemn\u00e9ho, nem\u00e1 v\u011bt\u0161\u00ed \u0161anci naj\u00edt uplatn\u011bn\u00ed v tomto priv\u00e1tn\u00edm n\u00e1jemn\u00edm sektoru a skon\u010dil by na ulici, co\u017e je pro samospr\u00e1vu ta nejhor\u0161\u00ed mo\u017en\u00e1 varianta, proto\u017ee ti lid\u00e9 stejn\u011b budou pot\u0159ebovat n\u011bjakou formu soci\u00e1ln\u00ed pomoci.<\/p>\n\n\n\n<p> moder\u00e1torka<br>I p\u0159esto tedy ale pokud n\u011bkdo bydl\u00ed v obecn\u00edm byt\u011b a dostane se do, \u0159ekn\u011bme, n\u011bjak\u00fdch pot\u00ed\u017e\u00ed s platbami, co pak v tu chv\u00edli d\u011blat? J\u00edt na m\u011bsto, komunikovat to, \u0159e\u0161it, \u0159ekn\u011bme, t\u0159eba sn\u00ed\u017een\u00ed spl\u00e1tek, co maj\u00ed d\u011blat?<\/p>\n\n\n\n<p>Miroslav \u017dB\u00c1NEK, m\u00edstop\u0159edseda, Svaz m\u011bst a obc\u00ed \u010cR, prim\u00e1tor, Olomouc \/ANO\/<br>V t\u00e9 prvn\u00ed f\u00e1zi je to v\u017edy d\u016fle\u017eit\u00e9, pr\u00e1v\u011b p\u0159ij\u00edt za pronaj\u00edmatelem. To znamen\u00e1 informovat zpravidla n\u011bjakou spr\u00e1vu bytov\u00e9ho fondu nebo p\u0159\u00edmo \u00fa\u0159edn\u00edky na m\u011bst\u011b, na obci, kte\u0159\u00ed se staraj\u00ed o ten pron\u00e1jem, a \u0159\u00edct m\u00e1m tento probl\u00e9m, pot\u0159ebuju s n\u00edm poradit. V druh\u00e9 f\u00e1zi v\u00e1s zpravidla po\u0161lou&#8230; pracovn\u00edky, kte\u0159\u00ed se zab\u00fdvaj\u00ed p\u0159\u00ed\u010dinami toho probl\u00e9mu, kter\u00fd tady je, proto\u017ee p\u0159es ta pravidla b\u00fdv\u00e1 slo\u017eit\u011bj\u0161\u00ed probl\u00e9m, kter\u00fd vy\u017eaduje odbornou pomoc. A a\u0165 u\u017e je to na stran\u011b nap\u0159\u00edklad vysok\u00e9ho zadlu\u017een\u00ed sn\u00ed\u017een\u00fdch p\u0159\u00edjm\u016f. To znamen\u00e1, lid\u00e9 se \u010dasto ocitali opravdu v t\u00e9 hmotn\u00e9 nouzi a tito pracovn\u00edci porad\u00ed a pom\u016f\u017eou, kam se obr\u00e1tit. A\u0165 u\u017e to je na \u00fa\u0159ad pr\u00e1ce, neziskov\u00e9 organizace nebo p\u0159\u00edmo m\u011bsto m\u00e1 svou s\u00ed\u0165 pomoci t\u011bmto lidem.<\/p>\n\n\n\n<p> moder\u00e1torka<br>Na za\u010d\u00e1tku po\u0159adu jsme tady \u0159e\u0161ili p\u0159\u00edsp\u011bvky na bydlen\u00ed, vy u\u017e jste je tedy taky zm\u00ednil. Vid\u00edte o n\u011b ka\u017edop\u00e1dn\u011b v\u011bt\u0161\u00ed z\u00e1jem? I t\u0159eba ze strany pr\u00e1v\u011b n\u00e1jemn\u00edk\u016f ve va\u0161ich obecn\u00edch bytech?<\/p>\n\n\n\n<p>Miroslav \u017dB\u00c1NEK, prim\u00e1tor, Olomouc \/ANO\/<br>M\u011b celkem p\u0159ekvapilo, kdy\u017e jsme si te\u010f d\u011blali takovou kr\u00e1tkou anketu a anal\u00fdzu s na\u0161imi pracovn\u00edky, \u017ee zat\u00edm tyto p\u0159\u00edsp\u011bvky vyu\u017e\u00edv\u00e1 ani ne polovina lid\u00ed, kte\u0159\u00ed by na n\u011b teoreticky mohli dos\u00e1hnout. To znamen\u00e1, \u017ee se lid\u00e9 zat\u00edm s tou p\u0159ich\u00e1zej\u00edc\u00ed kriz\u00ed sna\u017e\u00ed ty probl\u00e9my \u0159e\u0161it v r\u00e1mci vlastn\u00edch \u00faspor nebo jin\u00fdm zp\u016fsobem, ne\u017e by se obraceli na jakoukoliv formu st\u00e1tn\u00ed pomoci. Ale doch\u00e1z\u00ed k postupn\u00e9mu n\u00e1r\u016fstu a ob\u00e1v\u00e1m se, \u017ee pr\u00e1v\u011b tak, jak te\u010f budou nab\u00edhat nov\u00e9 z\u00e1lohy na energie a o tom t\u00e9matu se st\u00e1le v\u00edc a v\u00edc mluvit, tak lid\u00e9 budou p\u0159ekon\u00e1vat \u010dasto takovou tu ment\u00e1ln\u00ed bari\u00e9ru, kterou maj\u00ed z t\u00e9 doby blahobytu, ve kter\u00fdch jsme v posledn\u00edch letech \u017eili, p\u0159ij\u00edt si n\u011bkam \u0159\u00edct o pen\u00edze. St\u00e1le \u010dast\u011bji se tak\u00e9 objevuj\u00ed lid\u00e9 ze st\u0159edn\u00ed vrstvy, kte\u0159\u00ed vlastn\u011b v minulosti v\u016fbec \u017e\u00e1dnou zku\u0161enost s \u010derp\u00e1n\u00edm d\u00e1vek jak\u00e9koliv pomoci nem\u011bli. Pova\u017eovali ji za v\u011bci, kter\u00e9 se t\u00fdkaj\u00ed opravdu lid\u00e9, lidi s n\u011bjak\u00fdm soci\u00e1ln\u00edm vylou\u010den\u00edm, ale te\u010f se ocitaj\u00ed v t\u00e9 situaci sami. A my se sna\u017e\u00edme zd\u016fraz\u0148ovat, nebojte se, p\u0159i\u010dte, proto\u017ee opravdu od toho tu ti lid\u00e9 na obecn\u00edch \u00fa\u0159adech, na \u00fa\u0159adech pr\u00e1ce jsou, aby v\u00e1m poradili, nen\u00ed to \u017e\u00e1dn\u00e1 ostuda. Ta situace opravdu v sou\u010dasnosti nen\u00ed jednoduch\u00e1.<\/p>\n\n\n\n<p> moder\u00e1torka<br>Miroslav \u017db\u00e1nek, m\u00edstop\u0159edseda Svazu m\u011bst a obc\u00ed a tak\u00e9 prim\u00e1tor Olomouce, moc d\u00edky a hezk\u00fd ve\u010der.<\/p>\n\n\n\n<p>Miroslav \u017dB\u00c1NEK, prim\u00e1tor, Olomouc \/ANO\/<br>Kr\u00e1sn\u00fd ve\u010der.<\/p>\n\n\n\n<p> moder\u00e1torka<br>Dne\u0161n\u00ed drah\u00e9 \u010cesko je u konce, z\u00edtra ale pokra\u010duje, t\u00e9matem budou energie zvl\u00e1\u0161t\u011b pak plyn. Dotazy u\u017e te\u010f pos\u00edlejte na e-mail drahecesko@ceskatelevize.cz, anebo volejte na n\u00e1\u0161 z\u00e1znamn\u00edk, na \u010d\u00edslo 2 6113 7788<\/p>\n","protected":false},"excerpt":{"rendered":"<div class=\"mh-excerpt\"><p>Mnoho lid\u00ed \u0159e\u0161\u00ed p\u0159\u00edsp\u011bvek na bydlen\u00ed a mnohdy nev\u011bd\u00ed, zda na n\u011bj maj\u00ed n\u00e1rok \u010di ne a jak si o n\u011bj za\u017e\u00e1dat. Na dotazy odpov\u00eddaj\u00ed <a class=\"mh-excerpt-more\" href=\"https:\/\/www.invarena.cz\/?p=38245\" title=\"Drah\u00e9 \u010cesko: Jak na p\u0159\u00edsp\u011bvek na bydlen\u00ed\">[&#8230;]<\/a><\/p>\n<\/div>","protected":false},"author":1,"featured_media":28275,"comment_status":"open","ping_status":"closed","sticky":false,"template":"","format":"standard","meta":{"footnotes":""},"categories":[18],"tags":[],"class_list":["post-38245","post","type-post","status-publish","format-standard","has-post-thumbnail","hentry","category-poradna"],"_links":{"self":[{"href":"https:\/\/www.invarena.cz\/index.php?rest_route=\/wp\/v2\/posts\/38245","targetHints":{"allow":["GET"]}}],"collection":[{"href":"https:\/\/www.invarena.cz\/index.php?rest_route=\/wp\/v2\/posts"}],"about":[{"href":"https:\/\/www.invarena.cz\/index.php?rest_route=\/wp\/v2\/types\/post"}],"author":[{"embeddable":true,"href":"https:\/\/www.invarena.cz\/index.php?rest_route=\/wp\/v2\/users\/1"}],"replies":[{"embeddable":true,"href":"https:\/\/www.invarena.cz\/index.php?rest_route=%2Fwp%2Fv2%2Fcomments&post=38245"}],"version-history":[{"count":0,"href":"https:\/\/www.invarena.cz\/index.php?rest_route=\/wp\/v2\/posts\/38245\/revisions"}],"wp:featuredmedia":[{"embeddable":true,"href":"https:\/\/www.invarena.cz\/index.php?rest_route=\/wp\/v2\/media\/28275"}],"wp:attachment":[{"href":"https:\/\/www.invarena.cz\/index.php?rest_route=%2Fwp%2Fv2%2Fmedia&parent=38245"}],"wp:term":[{"taxonomy":"category","embeddable":true,"href":"https:\/\/www.invarena.cz\/index.php?rest_route=%2Fwp%2Fv2%2Fcategories&post=38245"},{"taxonomy":"post_tag","embeddable":true,"href":"https:\/\/www.invarena.cz\/index.php?rest_route=%2Fwp%2Fv2%2Ftags&post=38245"}],"curies":[{"name":"wp","href":"https:\/\/api.w.org\/{rel}","templated":true}]}}