{"id":38247,"date":"2022-11-21T16:38:00","date_gmt":"2022-11-21T15:38:00","guid":{"rendered":"http:\/\/www.invarena.cz\/?p=38247"},"modified":"2022-11-21T18:36:05","modified_gmt":"2022-11-21T17:36:05","slug":"drahe-cesko-zmeny-u-prispevku-na-bydleni","status":"publish","type":"post","link":"https:\/\/www.invarena.cz\/?p=38247","title":{"rendered":"Drah\u00e9 \u010cesko: Zm\u011bny u p\u0159\u00edsp\u011bvku na bydlen\u00ed"},"content":{"rendered":"\n<p>\u00da\u0159ady hl\u00e1s\u00ed velk\u00fd z\u00e1jem o p\u0159\u00edsp\u011bvek na bydlen\u00ed. Jak \u017e\u00e1dost o n\u011bj podat, na co si d\u00e1t pozor, anebo jak se parametry zm\u011bn\u00ed od ledna. Pt\u00e1t se budeme i na to, zda je lep\u0161\u00ed za sou\u010dasn\u00e9 situace po\u0159\u00eddit vlastn\u00ed bydlen\u00ed, anebo rad\u011bji vyu\u017e\u00edt n\u00e1jem. Za\u010d\u00edn\u00e1 drah\u00e9 \u010cesko, projekt \u010cesk\u00e9 televize, kter\u00fd by m\u011bl radit, jak se vypo\u0159\u00e1dat se slo\u017eitou ekonomickou situac\u00ed. Parametry p\u0159\u00edsp\u011bvk\u016f na bydlen\u00ed by se od nov\u00e9ho roku m\u011bly zm\u011bnit podle velikosti obce a po\u010dtu \u010dlen\u016f v dom\u00e1cnosti. Polep\u0161it by si obecn\u011b mohli ti, kdo \u017eij\u00ed sami, anebo taky ti, kte\u0159\u00ed \u017eij\u00ed v Praze. N\u00e1vrh u\u017e schv\u00e1lila vl\u00e1da. Te\u010f dom\u00e1cnosti dost\u00e1vaj\u00ed p\u0159\u00edsp\u011bvek v pr\u016fm\u011bru kolem 4100 korun m\u011bs\u00ed\u010dn\u011b.<\/p>\n\n\n\n<p>redaktorka<br>Jedenadevades\u00e1tilet\u00e1 Zde\u0148ka Pokov\u00e1 m\u00e1 r\u00e1da teplo. Te\u010f ale kohoutky na radi\u00e1torech povoluje m\u00e9n\u011b a chod\u00ed naopak tepleji obl\u00e9kan\u00e1. Loni za topen\u00ed dopl\u00e1cela kolem 5000. Na bydlen\u00ed \u010derp\u00e1 i p\u0159\u00edsp\u011bvek od st\u00e1tu.<\/p>\n\n\n\n<p>redaktorka<br>Pravidla pro n\u00e1rok na p\u0159\u00edsp\u011bvek na bydlen\u00ed se v Praze a ve zbytku republiky li\u0161\u00ed. Nov\u011b se maj\u00ed sjednotit tak, aby v\u0161ude platila stejn\u00e1 p\u0159\u00edjmov\u00e1 hranice. Na d\u00e1vku by tak mohly i hlavn\u00edm m\u011bst\u011b dos\u00e1hnout dom\u00e1cnosti, kter\u00e9 daj\u00ed za bydlen\u00ed v\u00edc ne\u017e 30 % p\u0159\u00edjm\u016f. Dosud to bylo 35 %.<\/p>\n\n\n\n<p>Marian JURE\u010cKA, vicepremi\u00e9r;&nbsp;<strong>ministr<\/strong><strong>pr\u00e1ce<\/strong>&nbsp;a soci\u00e1ln\u00edch v\u011bc\u00ed; p\u0159edseda strany \/KDU-\u010cSL\/<br>Jsem p\u0159\u00edznivcem toho, aby jsme to sjednotili, aby tady byl jeden koeficient, proto\u017ee mn\u011b to p\u0159ijde ne \u00fapln\u011b f\u00e9rov\u00e9 v\u016f\u010di lidem, kte\u0159\u00ed t\u0159eba bydl\u00ed v okrajov\u00fdch \u010d\u00e1stech Prahy.<\/p>\n\n\n\n<p>Lucie \u0160AFR\u00c1NKOV\u00c1, m\u00edstop\u0159edsedkyn\u011b v\u00fdboru pro soci\u00e1ln\u00ed politiku \/SPD\/<br>Na omezenou dobu, ne\u017e se ceny vr\u00e1t\u00ed alespo\u0148 tro\u0161ku k n\u011bjak\u00fdm ni\u017e\u0161\u00edm hodnot\u00e1m, tak by se tato v\u00fd\u0161e mohla sn\u00ed\u017eit na 25 %.<\/p>\n\n\n\n<p> redaktorka<br>V\u00fd\u0161e d\u00e1vky se odv\u00edj\u00ed od n\u00e1klad\u016f na bydlen\u00ed, maxim\u00e1ln\u011b ale do hranice tzv. normativ\u016f, tedy stanoven\u00fdch pr\u016fm\u011br\u016f. I ty se maj\u00ed m\u011bnit. Spole\u010dn\u011b se maj\u00ed u n\u00e1jm\u016f ur\u010dovat v Praze a v Brn\u011b a pak v obc\u00edch nad 70 a pod 70 000 obyvatel. Jedno\u010dlenn\u00e9 dom\u00e1cnosti se maj\u00ed nov\u011b posuzovat jako dvou\u010dlenn\u00e9.<\/p>\n\n\n\n<p>Ale\u0161 JUCHELKA, m\u00edstop\u0159edseda poslaneck\u00e9ho klubu \/ANO\/<br>Ta chudoba, kter\u00e1 vlastn\u011b p\u0159ich\u00e1z\u00ed v tuto chv\u00edli v t\u011bch n\u00e1valech d\u00edky inflaci, d\u00edky cen potravin atd., tak se t\u00fdk\u00e1 hlavn\u011b jedno\u010dlenn\u00fdch dom\u00e1cnost\u00ed.<\/p>\n\n\n\n<p>Pavla VA\u0147KOV\u00c1, m\u00edstop\u0159edsedkyn\u011b sn\u011bmovn\u00edho soci\u00e1ln\u00edho v\u00fdboru \/STAN\/<br>N\u00e1klady na bydlen\u00ed pro jednoho \u010dlov\u011bka \u017eij\u00edc\u00edho o samot\u011b, anebo p\u00e1r b\u00fdvaj\u00ed \u010dasto stejn\u00e9.<\/p>\n\n\n\n<p> redaktorka<br>Po\u010det lid\u00ed, kte\u0159\u00ed o p\u0159\u00edsp\u011bvek \u017e\u00e1daj\u00ed roste. Nap\u0159\u00edklad v \u0159\u00edjnu jich bylo vyplacen\u00fdch meziro\u010dn\u011b o t\u00e9m\u011b\u0159 50 000 v\u00edc. <\/p>\n\n\n\n<p>Karol\u00edna Jel\u00ednkov\u00e1 a Kate\u0159ina Samkov\u00e1, \u010cesk\u00e1 televize.<\/p>\n","protected":false},"excerpt":{"rendered":"<div class=\"mh-excerpt\"><p>\u00da\u0159ady hl\u00e1s\u00ed velk\u00fd z\u00e1jem o p\u0159\u00edsp\u011bvek na bydlen\u00ed. Jak \u017e\u00e1dost o n\u011bj podat, na co si d\u00e1t pozor, anebo jak se parametry zm\u011bn\u00ed od ledna. <a class=\"mh-excerpt-more\" href=\"https:\/\/www.invarena.cz\/?p=38247\" title=\"Drah\u00e9 \u010cesko: Zm\u011bny u p\u0159\u00edsp\u011bvku na bydlen\u00ed\">[&#8230;]<\/a><\/p>\n<\/div>","protected":false},"author":1,"featured_media":38257,"comment_status":"open","ping_status":"closed","sticky":false,"template":"","format":"standard","meta":{"footnotes":""},"categories":[1],"tags":[],"class_list":["post-38247","post","type-post","status-publish","format-standard","has-post-thumbnail","hentry","category-nezarazene"],"_links":{"self":[{"href":"https:\/\/www.invarena.cz\/index.php?rest_route=\/wp\/v2\/posts\/38247","targetHints":{"allow":["GET"]}}],"collection":[{"href":"https:\/\/www.invarena.cz\/index.php?rest_route=\/wp\/v2\/posts"}],"about":[{"href":"https:\/\/www.invarena.cz\/index.php?rest_route=\/wp\/v2\/types\/post"}],"author":[{"embeddable":true,"href":"https:\/\/www.invarena.cz\/index.php?rest_route=\/wp\/v2\/users\/1"}],"replies":[{"embeddable":true,"href":"https:\/\/www.invarena.cz\/index.php?rest_route=%2Fwp%2Fv2%2Fcomments&post=38247"}],"version-history":[{"count":0,"href":"https:\/\/www.invarena.cz\/index.php?rest_route=\/wp\/v2\/posts\/38247\/revisions"}],"wp:featuredmedia":[{"embeddable":true,"href":"https:\/\/www.invarena.cz\/index.php?rest_route=\/wp\/v2\/media\/38257"}],"wp:attachment":[{"href":"https:\/\/www.invarena.cz\/index.php?rest_route=%2Fwp%2Fv2%2Fmedia&parent=38247"}],"wp:term":[{"taxonomy":"category","embeddable":true,"href":"https:\/\/www.invarena.cz\/index.php?rest_route=%2Fwp%2Fv2%2Fcategories&post=38247"},{"taxonomy":"post_tag","embeddable":true,"href":"https:\/\/www.invarena.cz\/index.php?rest_route=%2Fwp%2Fv2%2Ftags&post=38247"}],"curies":[{"name":"wp","href":"https:\/\/api.w.org\/{rel}","templated":true}]}}