{"id":38270,"date":"2022-11-24T00:24:52","date_gmt":"2022-11-23T23:24:52","guid":{"rendered":"http:\/\/www.invarena.cz\/?p=38270"},"modified":"2022-11-24T00:24:53","modified_gmt":"2022-11-23T23:24:53","slug":"na-bench-pressu-zvednu-vic-nez-kdejaky-muz","status":"publish","type":"post","link":"https:\/\/www.invarena.cz\/?p=38270","title":{"rendered":"Na bench-pressu zvednu v\u00edc ne\u017e kdejak\u00fd mu\u017e"},"content":{"rendered":"\n<p><strong>Paralympioni\u010dka Anna Luxov\u00e1 se za v\u00edt\u011bzku nad osudem nepova\u017euje. Ze sv\u00e9ho&nbsp;posti\u017een\u00ed&nbsp;se sna\u017e\u00ed ud\u011blat p\u0159ednost. I kdy\u017e j\u00ed nemoc p\u0159in\u00e1\u0161\u00ed nep\u0159\u00edjemnosti i v osobn\u00edm \u017eivot\u011b, nevzdala se. P\u0159esn\u011b tak, jak se od vrcholov\u00e9 sportovkyn\u011b \u017e\u00e1d\u00e1.<\/strong><\/p>\n\n\n\n<p><strong>Bal\u00edte na dal\u0161\u00ed atletick\u00e9 soust\u0159ed\u011bn\u00ed. Jak \u010dast\u00e9 cestov\u00e1n\u00ed po sv\u011bt\u011b zvl\u00e1d\u00e1te?<\/strong><\/p>\n\n\n\n<p>Jde o p\u0159irozenou sou\u010d\u00e1st m\u00e9ho \u017eivota, asi bych si p\u0159ipadala ne\u00fapln\u00e1, kdyby to najednou nebylo. D\u00edky tomu, \u017ee jsem p\u0159ed p\u00e1r t\u00fddny dokon\u010dila vysokou \u0161kolu, mi odpadl jeden velk\u00fd stres a uvolnil m\u00edsto pro dal\u0161\u00ed, tentokr\u00e1t sportovn\u00ed. C\u00edt\u00edm se nyn\u00ed svobodn\u011bj\u0161\u00ed.<\/p>\n\n\n\n<p><strong>&#8211; Jak\u00fd obor jste studovala?<\/strong><\/p>\n\n\n\n<p>Jsem magistra medi\u00e1ln\u00edch studi\u00ed. \u010casem bych se \u017eurnalistice r\u00e1da v\u011bnovala, ale te\u010f se chci je\u0161t\u011b n\u011bjakou dobu soust\u0159edit na sport. Zkou\u0161ela jsem u\u017e nastoupit do jedn\u00e9 redakce, ale pak se uk\u00e1zalo, \u017ee lid\u00e9, kte\u0159\u00ed m\u011b vzali mezi sebe, pot\u0159ebovali m\u00e9 stoprocentn\u00ed nasazen\u00ed. Co\u017e z jejich pohledu ch\u00e1pu, ale nebyla jsem schopna jim ho d\u00e1t. Dokud to p\u016fjde, hodl\u00e1m se v\u011bnovat atletice. Sportovn\u00ed \u017eivot je kr\u00e1tk\u00fd, zvl\u00e1\u0161\u0165 kdy\u017e jste \u017eena, tak si ho chci je\u0161t\u011b u\u017e\u00edt.<\/p>\n\n\n\n<p><strong>&#8211; Je v\u00e1m teprve p\u011btadvacet let, tak\u017ee m\u00e1te je\u0161t\u011b spoustu \u010dasu.<\/strong><\/p>\n\n\n\n<p>Roli hraje v\u00edce faktor\u016f. Krom\u011b v\u011bku hodn\u011b z\u00e1le\u017e\u00ed i na m\u00e9 nemoci. Jestli se bude zhor\u0161ovat. I kdy\u017e d\u011bl\u00e1me v\u0161e pro to, aby se tak ned\u011blo, m\u00e9 pohybov\u00e9 schopnosti jsou omezen\u011bj\u0161\u00ed. Je to boj s \u010dasem.<\/p>\n\n\n\n<p>&#8211;<strong> Nepat\u0159\u00edte mezi lidi, kte\u0159\u00ed se vzd\u00e1vaj\u00ed. Jednou u\u017e jste velk\u00e9mu omezen\u00ed v podob\u011b zran\u011bn\u00ed \u010delila, je to tak?<\/strong><\/p>\n\n\n\n<p>Ano. Od t\u0159in\u00e1cti let jsem se v\u011bnovala sprintu, v patn\u00e1cti startovala na prvn\u00ed paralympi\u00e1d\u011b. K sedmn\u00e1ct\u00fdm narozenin\u00e1m jsem ale dostala &#8222;d\u00e1rek&#8220; v podob\u011b operace Achillovy \u0161lachy. Dlouho jsem nemohla chodit, nato\u017ehh b\u011bhat. Zastavilo m\u011b to skoro na t\u0159i \u010dtvrt\u011b roku. V paralympijsk\u00e9m sportu jsou trochu jin\u00e1 pravidla. Aby byly souboje f\u00e9rov\u00e9, jsme rozd\u011bleni podle druhu a stupn\u011b&nbsp;<strong>posti\u017een\u00ed<\/strong>. M\u00e1m mozkovou obrnu, proto prim\u00e1rn\u011b soupe\u0159\u00edm s lidmi se stejnou nemoc\u00ed. V t\u00e9to kategorii je v atletice jen sprint nebo vrh koul\u00ed. Po operaci jsem st\u00e1la p\u0159ed volbou, jestli se sportem definitivn\u011b seknout, nebo se za\u010d\u00edt v\u011bnovat kouli. Necht\u011bla jsem se vzd\u00e1t, tak jsem za\u010dala s koul\u00ed.<\/p>\n\n\n\n<p><strong>&#8211; Ve sprintu u\u017e nesout\u011b\u017e\u00edte?<\/strong><\/p>\n\n\n\n<p>Z\u00e1vod\u00edm po\u0159\u00e1d. Sprinty si nech\u00e1v\u00e1m pro radost, proto\u017ee je tam v\u011bt\u0161\u00ed konkurence. V kouli jsem \u00fasp\u011b\u0161n\u011bj\u0161\u00ed.<\/p>\n\n\n\n<p><strong>&#8211; Jak\u00e9 jsou va\u0161e nejbli\u017e\u0161\u00ed sportovn\u00ed pl\u00e1ny?<\/strong><\/p>\n\n\n\n<p>A\u017e se vr\u00e1t\u00edm ze soust\u0159ed\u011bn\u00ed, \u010dek\u00e1 m\u011b cesta do Pa\u0159\u00ed\u017ee na konferenci s Toyotou, kter\u00e9 jsem ambasadorkou. Tato spolupr\u00e1ce m\u011b t\u011b\u0161\u00ed, proto\u017ee d\u00edky autu jsem samostatn\u011bj\u0161\u00ed. Z Francie pak let\u00edm do Portugalska na sv\u011btov\u00e9 hry.<\/p>\n\n\n\n<p><strong>&#8211; Vystudovala jste vysokou \u0161kolu, \u0159\u00edd\u00edte v\u016fz, sportujete\u2026 \u010clov\u011bk by ani nepoznal, \u017ee trp\u00edte n\u011bjakou nemoc\u00ed.<\/strong><\/p>\n\n\n\n<p>J\u00e1 ale netrp\u00edm. Narodila jsem se s n\u00ed a nev\u00edm, jak\u00e9 je \u017e\u00edt bez mozkov\u00e9 obrny. P\u0159idusili m\u011b p\u0159i porodu. Vn\u00edm\u00e1m, \u017ee jsem jin\u00e1 ne\u017e ostatn\u00ed, ale nepoznala jsem, jak\u00e9 je b\u00fdt &#8222;norm\u00e1ln\u00ed&#8220;, tak mi to ani nep\u0159ijde. I kdy\u017e v\u00edm, \u017ee n\u011bco nezvl\u00e1dnu na sto procent a m\u00e1m jist\u00e1 omezen\u00ed, d\u011bl\u00e1m, co m\u016f\u017eu.<\/p>\n\n\n\n<p><strong>&#8211; Jak p\u0159esn\u011b se va\u0161e nemoc projevuje?<\/strong><\/p>\n\n\n\n<p>Je to neurologick\u00e9 onemocn\u011bn\u00ed, kter\u00e9 m\u00e1 z\u00e1klad v po\u0161kozen\u00ed mozku. \u010c\u00edm d\u00e9le je mozek bez kysl\u00edku, t\u00edm hor\u0161\u00ed jsou n\u00e1sledky. Levou polovinu t\u011bla m\u00e1m slab\u0161\u00ed a svaly tu\u017e\u0161\u00ed.<\/p>\n\n\n\n<p><strong>&#8211; M\u00e1te pocit, \u017ee jste sv\u016fj osud porazila?<\/strong><\/p>\n\n\n\n<p>V\u016fbec ne! Pracuji s t\u00edm, co m\u00e1m. U\u017e jako mal\u00e1 jsem vn\u00edmala, \u017ee jsem jin\u00e1 ne\u017e ostatn\u00ed, ale brala jsem to sp\u00ed\u0161 z druh\u00e9 strany. \u017de oni jsou divn\u00ed. Nikdy jsem se neut\u00e1p\u011bla v sebel\u00edtosti. Co m\u011b ale t\u0159eba mrz\u00ed, je, \u017ee nezvl\u00e1dnu tan\u010dit. A pak samoz\u0159ejm\u011b p\u0159edsudky okol\u00ed. Navazov\u00e1n\u00ed vztah\u016f je ob\u010das slo\u017eit\u011bj\u0161\u00ed, mo\u017en\u00e1 proto, \u017ee na bench pressu zvednu v\u00edc ne\u017e kdejak\u00fd mu\u017e, nebo kv\u016fli m\u00e9 odli\u0161n\u00e9 ch\u016fzi. Ale nepropad\u00e1m zoufalstv\u00ed. Sna\u017e\u00edm se sp\u00ed\u0161 ze sv\u00e9ho handicapu vyt\u011b\u017eit co nejv\u00edc. Aby se m\u00e9&nbsp;<strong>posti\u017een\u00ed<\/strong>&nbsp;stalo moj\u00ed p\u0159ednost\u00ed. *<\/p>\n\n\n\n<p><strong>\u017dena a \u017eivot \u010dasopis<\/strong><\/p>\n","protected":false},"excerpt":{"rendered":"<div class=\"mh-excerpt\"><p>Paralympioni\u010dka Anna Luxov\u00e1 se za v\u00edt\u011bzku nad osudem nepova\u017euje. Ze sv\u00e9ho&nbsp;posti\u017een\u00ed&nbsp;se sna\u017e\u00ed ud\u011blat p\u0159ednost. I kdy\u017e j\u00ed nemoc p\u0159in\u00e1\u0161\u00ed nep\u0159\u00edjemnosti i v osobn\u00edm \u017eivot\u011b, nevzdala <a class=\"mh-excerpt-more\" href=\"https:\/\/www.invarena.cz\/?p=38270\" title=\"Na bench-pressu zvednu v\u00edc ne\u017e kdejak\u00fd mu\u017e\">[&#8230;]<\/a><\/p>\n<\/div>","protected":false},"author":1,"featured_media":38273,"comment_status":"open","ping_status":"closed","sticky":false,"template":"","format":"standard","meta":{"footnotes":""},"categories":[12,9],"tags":[],"class_list":["post-38270","post","type-post","status-publish","format-standard","has-post-thumbnail","hentry","category-rozhovory","category-zpravy"],"_links":{"self":[{"href":"https:\/\/www.invarena.cz\/index.php?rest_route=\/wp\/v2\/posts\/38270","targetHints":{"allow":["GET"]}}],"collection":[{"href":"https:\/\/www.invarena.cz\/index.php?rest_route=\/wp\/v2\/posts"}],"about":[{"href":"https:\/\/www.invarena.cz\/index.php?rest_route=\/wp\/v2\/types\/post"}],"author":[{"embeddable":true,"href":"https:\/\/www.invarena.cz\/index.php?rest_route=\/wp\/v2\/users\/1"}],"replies":[{"embeddable":true,"href":"https:\/\/www.invarena.cz\/index.php?rest_route=%2Fwp%2Fv2%2Fcomments&post=38270"}],"version-history":[{"count":0,"href":"https:\/\/www.invarena.cz\/index.php?rest_route=\/wp\/v2\/posts\/38270\/revisions"}],"wp:featuredmedia":[{"embeddable":true,"href":"https:\/\/www.invarena.cz\/index.php?rest_route=\/wp\/v2\/media\/38273"}],"wp:attachment":[{"href":"https:\/\/www.invarena.cz\/index.php?rest_route=%2Fwp%2Fv2%2Fmedia&parent=38270"}],"wp:term":[{"taxonomy":"category","embeddable":true,"href":"https:\/\/www.invarena.cz\/index.php?rest_route=%2Fwp%2Fv2%2Fcategories&post=38270"},{"taxonomy":"post_tag","embeddable":true,"href":"https:\/\/www.invarena.cz\/index.php?rest_route=%2Fwp%2Fv2%2Ftags&post=38270"}],"curies":[{"name":"wp","href":"https:\/\/api.w.org\/{rel}","templated":true}]}}