{"id":38305,"date":"2022-11-29T18:55:08","date_gmt":"2022-11-29T17:55:08","guid":{"rendered":"http:\/\/www.invarena.cz\/?p=38305"},"modified":"2022-11-29T18:55:09","modified_gmt":"2022-11-29T17:55:09","slug":"skolak-uderil-chlapce-s-downovym-syndromem-na-nadrazi-nikdo-nezasahl","status":"publish","type":"post","link":"https:\/\/www.invarena.cz\/?p=38305","title":{"rendered":"\u0160kol\u00e1k ude\u0159il chlapce s Downov\u00fdm syndromem, na n\u00e1dra\u017e\u00ed nikdo nezas\u00e1hl"},"content":{"rendered":"\n<p>Jednadvacetilet\u00e9ho chlapce s Downov\u00fdm syndromem napadl v Nov\u00e9m M\u011bst\u011b nad Metuj\u00ed na N\u00e1chodsku nezletil\u00fd hoch. Ude\u0159il ho p\u011bst\u00ed do obli\u010deje na autobusov\u00e9m n\u00e1dra\u017e\u00ed. Rodina to ohl\u00e1sila, kdy\u017e hendikepovan\u00fd chlapec p\u0159ijel dom\u016f. Str\u00e1\u017en\u00edci na\u0161li \u00fato\u010dn\u00edka podle kamerov\u00fdch z\u00e1znam\u016f.<\/p>\n\n\n\n<p>Cel\u00fd \u010dl\u00e1nek naleznete na idnes.cz: <a href=\"https:\/\/www.idnes.cz\/hradec-kralove\/zpravy\/nove-mesto-nad-metuji-chlapec-downuv-syndrom-napadeni.A221128_152840_hradec-zpravy_tuu\" target=\"_blank\" rel=\"noreferrer noopener\">https:\/\/www.idnes.cz\/hradec-kralove\/zpravy\/nove-mesto-nad-metuji-chlapec-downuv-syndrom-napadeni.A221128_152840_hradec-zpravy_tuu<\/a><\/p>\n","protected":false},"excerpt":{"rendered":"<div class=\"mh-excerpt\"><p>Jednadvacetilet\u00e9ho chlapce s Downov\u00fdm syndromem napadl v Nov\u00e9m M\u011bst\u011b nad Metuj\u00ed na N\u00e1chodsku nezletil\u00fd hoch. Ude\u0159il ho p\u011bst\u00ed do obli\u010deje na autobusov\u00e9m n\u00e1dra\u017e\u00ed. Rodina to <a class=\"mh-excerpt-more\" href=\"https:\/\/www.invarena.cz\/?p=38305\" title=\"\u0160kol\u00e1k ude\u0159il chlapce s Downov\u00fdm syndromem, na n\u00e1dra\u017e\u00ed nikdo nezas\u00e1hl\">[&#8230;]<\/a><\/p>\n<\/div>","protected":false},"author":1,"featured_media":21852,"comment_status":"open","ping_status":"closed","sticky":false,"template":"","format":"standard","meta":{"footnotes":""},"categories":[9],"tags":[],"class_list":["post-38305","post","type-post","status-publish","format-standard","has-post-thumbnail","hentry","category-zpravy"],"_links":{"self":[{"href":"https:\/\/www.invarena.cz\/index.php?rest_route=\/wp\/v2\/posts\/38305","targetHints":{"allow":["GET"]}}],"collection":[{"href":"https:\/\/www.invarena.cz\/index.php?rest_route=\/wp\/v2\/posts"}],"about":[{"href":"https:\/\/www.invarena.cz\/index.php?rest_route=\/wp\/v2\/types\/post"}],"author":[{"embeddable":true,"href":"https:\/\/www.invarena.cz\/index.php?rest_route=\/wp\/v2\/users\/1"}],"replies":[{"embeddable":true,"href":"https:\/\/www.invarena.cz\/index.php?rest_route=%2Fwp%2Fv2%2Fcomments&post=38305"}],"version-history":[{"count":0,"href":"https:\/\/www.invarena.cz\/index.php?rest_route=\/wp\/v2\/posts\/38305\/revisions"}],"wp:featuredmedia":[{"embeddable":true,"href":"https:\/\/www.invarena.cz\/index.php?rest_route=\/wp\/v2\/media\/21852"}],"wp:attachment":[{"href":"https:\/\/www.invarena.cz\/index.php?rest_route=%2Fwp%2Fv2%2Fmedia&parent=38305"}],"wp:term":[{"taxonomy":"category","embeddable":true,"href":"https:\/\/www.invarena.cz\/index.php?rest_route=%2Fwp%2Fv2%2Fcategories&post=38305"},{"taxonomy":"post_tag","embeddable":true,"href":"https:\/\/www.invarena.cz\/index.php?rest_route=%2Fwp%2Fv2%2Ftags&post=38305"}],"curies":[{"name":"wp","href":"https:\/\/api.w.org\/{rel}","templated":true}]}}