{"id":38344,"date":"2022-12-02T23:53:23","date_gmt":"2022-12-02T22:53:23","guid":{"rendered":"http:\/\/www.invarena.cz\/?p=38344"},"modified":"2022-12-02T23:53:24","modified_gmt":"2022-12-02T22:53:24","slug":"cez-v-hradci-kralove-si-zamestnanci-uzili-trhy-chranenych-dilen","status":"publish","type":"post","link":"https:\/\/www.invarena.cz\/?p=38344","title":{"rendered":"\u010cEZ: V Hradci Kr\u00e1lov\u00e9 si zam\u011bstnanci u\u017eili trhy chr\u00e1n\u011bn\u00fdch d\u00edlen"},"content":{"rendered":"\n<p>V Hradci Kr\u00e1lov\u00e9 prob\u011bhly tradi\u010dn\u00ed v\u00e1no\u010dn\u00ed trhy chr\u00e1n\u011bn\u00fdch d\u00edlen. Zam\u011bstnanci Skupiny \u010cEZ utratili rekordn\u00edch t\u00e9m\u011b\u0159 33 tis\u00edc korun a pomohli tak p\u011bti d\u00edln\u00e1m, kter\u00e9 zam\u011bstn\u00e1vaj\u00ed posti\u017een\u00e9 spoluob\u010dany. V\u00e1no\u010dn\u00ed trhy, kde p\u0159edstavuj\u00ed sv\u00e9 v\u00fdrobky chr\u00e1n\u011bn\u00e9 d\u00edlny se na v\u00fdchod\u011b \u010cech v budov\u011b \u010cEZu konaly ji\u017e n\u011bkolik\u00e1t\u00fdm rokem. Energetici sv\u00fdmi n\u00e1kupy podporuj\u00ed znev\u00fdhodn\u011bn\u00e9 ob\u010dany pravideln\u011b.<\/p>\n\n\n\n<p>Cel\u00fd \u010dl\u00e1nek naleznete v Parlamentn\u00edch Listech: <a href=\"https:\/\/www.parlamentnilisty.cz\/zpravy\/tiskovezpravy\/CEZ-V-Hradci-Kralove-si-zamestnanci-uzili-trhy-chranenych-dilen-722143\" target=\"_blank\" rel=\"noreferrer noopener\">https:\/\/www.parlamentnilisty.cz\/zpravy\/tiskovezpravy\/CEZ-V-Hradci-Kralove-si-zamestnanci-uzili-trhy-chranenych-dilen-722143<\/a><\/p>\n","protected":false},"excerpt":{"rendered":"<div class=\"mh-excerpt\"><p>V Hradci Kr\u00e1lov\u00e9 prob\u011bhly tradi\u010dn\u00ed v\u00e1no\u010dn\u00ed trhy chr\u00e1n\u011bn\u00fdch d\u00edlen. Zam\u011bstnanci Skupiny \u010cEZ utratili rekordn\u00edch t\u00e9m\u011b\u0159 33 tis\u00edc korun a pomohli tak p\u011bti d\u00edln\u00e1m, kter\u00e9 zam\u011bstn\u00e1vaj\u00ed <a class=\"mh-excerpt-more\" href=\"https:\/\/www.invarena.cz\/?p=38344\" title=\"\u010cEZ: V Hradci Kr\u00e1lov\u00e9 si zam\u011bstnanci u\u017eili trhy chr\u00e1n\u011bn\u00fdch d\u00edlen\">[&#8230;]<\/a><\/p>\n<\/div>","protected":false},"author":1,"featured_media":14147,"comment_status":"open","ping_status":"closed","sticky":false,"template":"","format":"standard","meta":{"footnotes":""},"categories":[9],"tags":[],"class_list":["post-38344","post","type-post","status-publish","format-standard","has-post-thumbnail","hentry","category-zpravy"],"_links":{"self":[{"href":"https:\/\/www.invarena.cz\/index.php?rest_route=\/wp\/v2\/posts\/38344","targetHints":{"allow":["GET"]}}],"collection":[{"href":"https:\/\/www.invarena.cz\/index.php?rest_route=\/wp\/v2\/posts"}],"about":[{"href":"https:\/\/www.invarena.cz\/index.php?rest_route=\/wp\/v2\/types\/post"}],"author":[{"embeddable":true,"href":"https:\/\/www.invarena.cz\/index.php?rest_route=\/wp\/v2\/users\/1"}],"replies":[{"embeddable":true,"href":"https:\/\/www.invarena.cz\/index.php?rest_route=%2Fwp%2Fv2%2Fcomments&post=38344"}],"version-history":[{"count":0,"href":"https:\/\/www.invarena.cz\/index.php?rest_route=\/wp\/v2\/posts\/38344\/revisions"}],"wp:featuredmedia":[{"embeddable":true,"href":"https:\/\/www.invarena.cz\/index.php?rest_route=\/wp\/v2\/media\/14147"}],"wp:attachment":[{"href":"https:\/\/www.invarena.cz\/index.php?rest_route=%2Fwp%2Fv2%2Fmedia&parent=38344"}],"wp:term":[{"taxonomy":"category","embeddable":true,"href":"https:\/\/www.invarena.cz\/index.php?rest_route=%2Fwp%2Fv2%2Fcategories&post=38344"},{"taxonomy":"post_tag","embeddable":true,"href":"https:\/\/www.invarena.cz\/index.php?rest_route=%2Fwp%2Fv2%2Ftags&post=38344"}],"curies":[{"name":"wp","href":"https:\/\/api.w.org\/{rel}","templated":true}]}}