{"id":38347,"date":"2022-12-03T00:04:00","date_gmt":"2022-12-02T23:04:00","guid":{"rendered":"http:\/\/www.invarena.cz\/?p=38347"},"modified":"2022-12-03T00:04:01","modified_gmt":"2022-12-02T23:04:01","slug":"v-jejich-veku-ochrnul-detsti-umelci-ted-nejen-jemu-pomohli-drazbou-obrazu","status":"publish","type":"post","link":"https:\/\/www.invarena.cz\/?p=38347","title":{"rendered":"V jejich v\u011bku ochrnul. D\u011bt\u0161t\u00ed um\u011blci te\u010f nejen jemu pomohli dra\u017ebou obraz\u016f"},"content":{"rendered":"\n<p>Bezstarostn\u00e1 j\u00edzda na kole z&nbsp;lidupr\u00e1zdn\u00e9ho kopce uprost\u0159ed krajiny. Chvilka nepozornosti a najednou r\u00e1na. Zden\u011bk \u0160af\u00e1\u0159 v&nbsp;patn\u00e1cti letech v&nbsp;pln\u00e9 rychlosti narazil do zaparkovan\u00e9ho kamionu. Dnes t\u0159iat\u0159icetilet\u00fd voz\u00ed\u010dk\u00e1\u0159 m\u016f\u017ee m\u00edt aktivn\u00ed \u017eivot i&nbsp;d\u00edky opo\u0159e, kterou mu je brn\u011bnsk\u00e9 ParaCENTRUM Fenix. Ve spolupr\u00e1ci s&nbsp;nadan\u00fdmi d\u011btmi z&nbsp;cel\u00e9 republiky se nyn\u00ed poda\u0159ilo spolku, kter\u00fd u\u017e osmn\u00e1ct let pom\u00e1h\u00e1 lidem s&nbsp;poran\u011bn\u00edm m\u00edchy, z\u00edskat 170&nbsp;tis\u00edc korun v&nbsp;benefi\u010dn\u00ed&nbsp;dra\u017eb\u011b.<\/p>\n\n\n\n<p>I&nbsp;p\u0159es \u010d\u00e1ste\u010dn\u00e9 ochrnut\u00ed v\u0161ech kon\u010detin pracuje Zden\u011bk na pln\u00fd \u00favazek jako kalkulant staveb. \u201ePro kvadruplegika je samoz\u0159ejm\u011b n\u00e1ro\u010dn\u00e9 vykon\u00e1vat n\u011bjakou \u010dinnost osm hodin denn\u011b, by\u0165 se m\u016f\u017eeme bavit t\u0159eba jen o&nbsp;pr\u00e1ci kancel\u00e1\u0159sk\u00e9,\u201c vysv\u011btluje Zden\u011bk.<\/p>\n\n\n\n<p>K&nbsp;tomu, aby mohl b\u00fdt i&nbsp;se sv\u00fdm posti\u017een\u00edm st\u00e1le aktivn\u00ed a sob\u011bsta\u010dn\u00fd, mu pom\u00e1haj\u00ed pravideln\u00e9 rehabilitace, za kter\u00fdmi doj\u00ed\u017ed\u00ed do brn\u011bnsk\u00e9ho ParaCENTRA Fenix. \u201e\u017de je \u010dlov\u011bk na voz\u00edku ochrnut\u00fd, je ka\u017ed\u00e9mu asi jasn\u00e9. Co u\u017e v\u0161ak lid\u00e9 nevid\u00ed, je mnoho p\u0159idru\u017een\u00fdch zdravotn\u00edch probl\u00e9m\u016f, jejich\u017e ne\u0159e\u0161en\u00ed m\u016f\u017ee ohro\u017eovat \u010dlov\u011bka na \u017eivot\u011b. J\u00e1 osobn\u011b si nedovedu p\u0159edstavit, jak bych fungoval bez rehabilitac\u00ed na Fenixu. Pom\u00e1haj\u00ed mi nap\u0159\u00edklad od ztuhlosti t\u011bla a neovladateln\u00fdch k\u0159e\u010d\u00ed nohou,\u201c prozrazuje mlad\u00fd voz\u00ed\u010dk\u00e1\u0159.<\/p>\n\n\n\n<p>Zden\u011bk nen\u00ed pouze klientem centra, v&nbsp;posledn\u00ed dob\u011b se anga\u017euje tak\u00e9 jako jeho dobrovoln\u00edk. Ve \u010dtvrtek 24.&nbsp;listopadu byl v&nbsp;divadle Reduta jednou z&nbsp;tv\u00e1\u0159\u00ed benefi\u010dn\u00ed Dra\u017eby pro Fenix, do n\u00ed\u017e v\u011bnovaly sv\u00e9 obrazy d\u011bti z&nbsp;cel\u00e9ho \u010ceska. Nejv\u011bt\u0161\u00ed z\u00e1jem vyvolalo d\u00edlo s&nbsp;n\u00e1zvem Zimn\u00ed kr\u00e1l\u00edk dev\u00edtilet\u00e9 autorky Lidy Nikolaevy ze Z\u00e1kladn\u00ed \u0161koly Slovansk\u00e9 n\u00e1m\u011bst\u00ed Brno. Obraz Br\u0148an\u00e9 vydra\u017eili za 11&nbsp;tis\u00edc korun.<\/p>\n\n\n\n<p>Celkov\u00fd v\u00fdt\u011b\u017eek, kter\u00fd nyn\u00ed poputuje na rehabilitaci lid\u00ed s&nbsp;poran\u011bn\u00edm m\u00edchy, je pak 170&nbsp;800&nbsp;korun. \u201eJsem nad\u0161en\u00fd z&nbsp;toho, \u017ee se lid\u00e9 i&nbsp;ve slo\u017eit\u00e9 dob\u011b rozhodli p\u0159ij\u00edt a podpo\u0159ili dobrou v\u011bc. Nejv\u011bt\u0161\u00ed rozm\u011br cel\u00e9 ud\u00e1losti v\u0161ak za m\u011b tkv\u00ed v&nbsp;tom, \u017ee spolupr\u00e1ce mlad\u00fdch um\u011blc\u016f a handicapovan\u00fdch dala d\u011btem cennou zku\u0161enost do \u017eivota,\u201c uzav\u00edr\u00e1 \u0160af\u00e1\u0159.<\/p>\n\n\n\n<p>Dra\u017eba pro Fenix je unik\u00e1tn\u00ed projekt, kter\u00fd zapojuje mlad\u00e9 um\u011blce z&nbsp;cel\u00e9 republiky do charitativn\u00edho d\u011bn\u00ed. Odborn\u00e1 porota ka\u017edoro\u010dn\u011b vybere n\u011bkolik des\u00edtek nejlep\u0161\u00edch d\u011bl, kter\u00e1 ve\u0159ejnost vydra\u017e\u00ed p\u0159i slavnostn\u00edm ve\u010deru. \u201eVelice oce\u0148uji d\u011bti a mlad\u00e9 lidi, kte\u0159\u00ed se v\u011bnuj\u00ed u\u0161lechtil\u00fdm um\u011bleck\u00fdm z\u00e1jm\u016fm a obor\u016fm. Dra\u017eba pro Fenix nav\u00edc propojuje mlad\u00e9 um\u011blce s&nbsp;lidmi na voz\u00ed\u010dku, tento fakt d\u00e1v\u00e1 cel\u00e9mu projektu dal\u0161\u00ed \u0161lechetn\u00fd rozm\u011br,\u201c \u0159\u00edk\u00e1 porotce sout\u011b\u017ee, \u0161lechtic Franti\u0161ek Kinsk\u00fd.<\/p>\n\n\n\n<p>Celkem 74&nbsp;d\u011bl letos vybrala k&nbsp;dra\u017eb\u011b odborn\u00e1 porota zastoupen\u00e1 Franti\u0161kem Kinsk\u00fdm, texta\u0159em Michalem Hor\u00e1\u010dkem, galeristkou Katherine Kastner z&nbsp;Hunt Kastner Galerie, um\u011bleckou \u0159editelkou Denisou Kujelovou z&nbsp;Fait Gallery a&nbsp;Luci\u00ed Lettenmayerovou.<\/p>\n\n\n\n<p>\u201eD\u011bkuji v\u00e1\u017een\u00e9 porot\u011b, d\u011bkuji podporovatel\u016fm ParaCENTRA Fenix, gratuluji lidem, kte\u0159\u00ed vydra\u017eili obraz a t\u00edm p\u0159isp\u011bli na dobrou v\u011bc. Ze v\u0161eho nejv\u00edc bych cht\u011bl za sebe i&nbsp;celou organizaci pod\u011bkovat v\u0161em d\u011btem, kter\u00e9 se z\u00fa\u010dastnily dra\u017eby a sv\u00fdm um\u011bn\u00edm pomohly k&nbsp;lep\u0161\u00edmu \u017eivotu mnoha lid\u00ed,\u201c \u0159\u00edk\u00e1 \u0159editel ParaCENTRA Fenix Michal Odstr\u010dil.<\/p>\n\n\n\n<p>Partnerem Dra\u017eby pro Fenix je N\u00e1rodn\u00ed divadlo Brno a Auk\u010dn\u00ed d\u016fm Zezula. Z\u00e1\u0161titu nad v\u00fdstavou a benefi\u010dn\u00ed dra\u017ebou p\u0159evzala Nadace Dagmar a V\u00e1clava Havlov\u00fdch VIZE 97.<\/p>\n\n\n\n<p>ParaCENTRUM Fenix z. s. je organizace, kter\u00e1 ji\u017e osmn\u00e1ct let pom\u00e1h\u00e1 lidem po \u00farazu m\u00edchy vyrovnat se s&nbsp;nastalou situac\u00ed. Odborn\u00fd person\u00e1l spolku zaji\u0161\u0165uje klient\u016fm tu nejlep\u0161\u00ed mo\u017enou p\u00e9\u010di, aby se mohli op\u011bt vr\u00e1tit do aktivn\u00edho \u017eivota. V&nbsp;sou\u010dasn\u00e9 dob\u011b je Fenix druhou nejv\u011bt\u0161\u00ed organizac\u00ed sv\u00e9ho druhu v&nbsp;republice a nejv\u011bt\u0161\u00ed na Morav\u011b. Ro\u010dn\u011b poskytuje pomoc n\u011bkolika stovk\u00e1m handicapovan\u00fdch.<\/p>\n\n\n\n<p>Jan Navr\u00e1til<\/p>\n\n\n\n<p>Brn\u011bnsk\u00fd den\u00edk<\/p>\n\n\n\n<p><a href=\"https:\/\/brnensky.denik.cz\/\" target=\"_blank\" rel=\"noreferrer noopener\">https:\/\/brnensky.denik.cz\/<\/a><\/p>\n","protected":false},"excerpt":{"rendered":"<div class=\"mh-excerpt\"><p>Bezstarostn\u00e1 j\u00edzda na kole z&nbsp;lidupr\u00e1zdn\u00e9ho kopce uprost\u0159ed krajiny. Chvilka nepozornosti a najednou r\u00e1na. Zden\u011bk \u0160af\u00e1\u0159 v&nbsp;patn\u00e1cti letech v&nbsp;pln\u00e9 rychlosti narazil do zaparkovan\u00e9ho kamionu. Dnes t\u0159iat\u0159icetilet\u00fd <a class=\"mh-excerpt-more\" href=\"https:\/\/www.invarena.cz\/?p=38347\" title=\"V jejich v\u011bku ochrnul. D\u011bt\u0161t\u00ed um\u011blci te\u010f nejen jemu pomohli dra\u017ebou obraz\u016f\">[&#8230;]<\/a><\/p>\n<\/div>","protected":false},"author":1,"featured_media":13669,"comment_status":"open","ping_status":"closed","sticky":false,"template":"","format":"standard","meta":{"footnotes":""},"categories":[9],"tags":[],"class_list":["post-38347","post","type-post","status-publish","format-standard","has-post-thumbnail","hentry","category-zpravy"],"_links":{"self":[{"href":"https:\/\/www.invarena.cz\/index.php?rest_route=\/wp\/v2\/posts\/38347","targetHints":{"allow":["GET"]}}],"collection":[{"href":"https:\/\/www.invarena.cz\/index.php?rest_route=\/wp\/v2\/posts"}],"about":[{"href":"https:\/\/www.invarena.cz\/index.php?rest_route=\/wp\/v2\/types\/post"}],"author":[{"embeddable":true,"href":"https:\/\/www.invarena.cz\/index.php?rest_route=\/wp\/v2\/users\/1"}],"replies":[{"embeddable":true,"href":"https:\/\/www.invarena.cz\/index.php?rest_route=%2Fwp%2Fv2%2Fcomments&post=38347"}],"version-history":[{"count":0,"href":"https:\/\/www.invarena.cz\/index.php?rest_route=\/wp\/v2\/posts\/38347\/revisions"}],"wp:featuredmedia":[{"embeddable":true,"href":"https:\/\/www.invarena.cz\/index.php?rest_route=\/wp\/v2\/media\/13669"}],"wp:attachment":[{"href":"https:\/\/www.invarena.cz\/index.php?rest_route=%2Fwp%2Fv2%2Fmedia&parent=38347"}],"wp:term":[{"taxonomy":"category","embeddable":true,"href":"https:\/\/www.invarena.cz\/index.php?rest_route=%2Fwp%2Fv2%2Fcategories&post=38347"},{"taxonomy":"post_tag","embeddable":true,"href":"https:\/\/www.invarena.cz\/index.php?rest_route=%2Fwp%2Fv2%2Ftags&post=38347"}],"curies":[{"name":"wp","href":"https:\/\/api.w.org\/{rel}","templated":true}]}}