{"id":38440,"date":"2023-01-25T22:21:24","date_gmt":"2023-01-25T21:21:24","guid":{"rendered":"http:\/\/www.invarena.cz\/?p=38440"},"modified":"2023-01-25T22:21:25","modified_gmt":"2023-01-25T21:21:25","slug":"praha-12-bude-spolupracovat-s-narodni-radou-osob-se-zdravotnim-postizenim","status":"publish","type":"post","link":"https:\/\/www.invarena.cz\/?p=38440","title":{"rendered":"Praha 12 bude spolupracovat s N\u00e1rodn\u00ed radou osob se zdravotn\u00edm posti\u017een\u00edm"},"content":{"rendered":"\n<p>Starosta Prahy 12 Vojt\u011bch Kos a p\u0159edseda N\u00e1rodn\u00ed rady osob se zdravotn\u00edm posti\u017een\u00edm \u010cR V\u00e1clav Kr\u00e1sa podepsali 23. ledna Memorandum o spolupr\u00e1ci. Memorandum je projevem ochoty spolupracovat na spole\u010dn\u00fdch aktivit\u00e1ch ve prosp\u011bch osob se zdravotn\u00edm posti\u017een\u00edm.<\/p>\n\n\n\n<p>Cel\u00fd \u010dl\u00e1nek naleznete v Pra\u017esk\u00e9m Patriotu: <a href=\"https:\/\/www.prazskypatriot.cz\/praha-12-bude-spolupracovat-s-narodni-radou-osob-se-zdravotnim-postizenim\/\" target=\"_blank\" rel=\"noreferrer noopener\">https:\/\/www.prazskypatriot.cz\/praha-12-bude-spolupracovat-s-narodni-radou-osob-se-zdravotnim-postizenim\/<\/a><\/p>\n","protected":false},"excerpt":{"rendered":"<div class=\"mh-excerpt\"><p>Starosta Prahy 12 Vojt\u011bch Kos a p\u0159edseda N\u00e1rodn\u00ed rady osob se zdravotn\u00edm posti\u017een\u00edm \u010cR V\u00e1clav Kr\u00e1sa podepsali 23. ledna Memorandum o spolupr\u00e1ci. Memorandum je projevem <a class=\"mh-excerpt-more\" href=\"https:\/\/www.invarena.cz\/?p=38440\" title=\"Praha 12 bude spolupracovat s N\u00e1rodn\u00ed radou osob se zdravotn\u00edm posti\u017een\u00edm\">[&#8230;]<\/a><\/p>\n<\/div>","protected":false},"author":1,"featured_media":12328,"comment_status":"open","ping_status":"closed","sticky":false,"template":"","format":"standard","meta":{"footnotes":""},"categories":[9],"tags":[],"class_list":["post-38440","post","type-post","status-publish","format-standard","has-post-thumbnail","hentry","category-zpravy"],"_links":{"self":[{"href":"https:\/\/www.invarena.cz\/index.php?rest_route=\/wp\/v2\/posts\/38440","targetHints":{"allow":["GET"]}}],"collection":[{"href":"https:\/\/www.invarena.cz\/index.php?rest_route=\/wp\/v2\/posts"}],"about":[{"href":"https:\/\/www.invarena.cz\/index.php?rest_route=\/wp\/v2\/types\/post"}],"author":[{"embeddable":true,"href":"https:\/\/www.invarena.cz\/index.php?rest_route=\/wp\/v2\/users\/1"}],"replies":[{"embeddable":true,"href":"https:\/\/www.invarena.cz\/index.php?rest_route=%2Fwp%2Fv2%2Fcomments&post=38440"}],"version-history":[{"count":0,"href":"https:\/\/www.invarena.cz\/index.php?rest_route=\/wp\/v2\/posts\/38440\/revisions"}],"wp:featuredmedia":[{"embeddable":true,"href":"https:\/\/www.invarena.cz\/index.php?rest_route=\/wp\/v2\/media\/12328"}],"wp:attachment":[{"href":"https:\/\/www.invarena.cz\/index.php?rest_route=%2Fwp%2Fv2%2Fmedia&parent=38440"}],"wp:term":[{"taxonomy":"category","embeddable":true,"href":"https:\/\/www.invarena.cz\/index.php?rest_route=%2Fwp%2Fv2%2Fcategories&post=38440"},{"taxonomy":"post_tag","embeddable":true,"href":"https:\/\/www.invarena.cz\/index.php?rest_route=%2Fwp%2Fv2%2Ftags&post=38440"}],"curies":[{"name":"wp","href":"https:\/\/api.w.org\/{rel}","templated":true}]}}